{"id":53333,"date":"2026-05-01T14:18:25","date_gmt":"2026-05-01T20:18:25","guid":{"rendered":"https:\/\/contextoanalisisperiodistico.com\/index.php\/2026\/05\/01\/oaxaca-de-juarez-garantiza-seguridad-con-elementos-plenamente-certificados\/"},"modified":"2026-05-01T14:19:05","modified_gmt":"2026-05-01T20:19:05","slug":"oaxaca-de-juarez-garantiza-seguridad-con-elementos-plenamente-certificados","status":"publish","type":"post","link":"https:\/\/contextoanalisisperiodistico.com\/index.php\/2026\/05\/01\/oaxaca-de-juarez-garantiza-seguridad-con-elementos-plenamente-certificados\/","title":{"rendered":"Oaxaca de Ju\u00e1rez garantiza seguridad con elementos plenamente certificados"},"content":{"rendered":"<div id=\"fb-root\"><\/div>\n\n<p>Como parte de la estrategia de dignificaci\u00f3n policial impulsada por el presidente municipal Ray Chagoya, Oaxaca de Ju\u00e1rez cuenta con elementos de seguridad debidamente certificados ante el Centro Estatal de Evaluaci\u00f3n y Control de Confianza (C3), as\u00ed como con el Certificado \u00danico Policial (CUP), inform\u00f3 el secretario de Seguridad Vecinal, Teniente Coronel Claudio de Jes\u00fas P\u00e9rez y P\u00e9rez.<\/p>\n\n\n\n<p>El responsable de la seguridad en la capital se\u00f1al\u00f3 que estas evaluaciones, aplicadas principalmente al personal operativo, validan la competencia t\u00e9cnica de las y los elementos, as\u00ed como la calidad de los procesos de control de confianza. Adem\u00e1s, garantizan que el personal cuente con los conocimientos, perfil, habilidades y aptitudes necesarias para el adecuado desempe\u00f1o de sus funciones.<\/p>\n\n\n\n<p>Destac\u00f3 que, gracias a la voluntad pol\u00edtica del presidente municipal, la actual administraci\u00f3n mantiene un compromiso firme con la construcci\u00f3n de una seguridad p\u00fablica m\u00e1s eficiente. En este sentido, adelant\u00f3 que en los pr\u00f3ximos meses 95 polic\u00edas municipales acudir\u00e1n a su proceso de certificaci\u00f3n, con el objetivo de incrementar el porcentaje de elementos evaluados.<\/p>\n\n\n\n<p>Finalmente, record\u00f3 que durante el a\u00f1o pasado m\u00e1s de 400 polic\u00edas cumplieron con sus evaluaciones, y que en este 2026 se destinar\u00e1n recursos importantes para fortalecer la certificaci\u00f3n de un mayor n\u00famero de elementos, consolidando as\u00ed una corporaci\u00f3n m\u00e1s profesional y confiable.<\/p>\n\n\n\n<figure class=\"wp-block-image size-large\"><img fetchpriority=\"high\" decoding=\"async\" width=\"1024\" height=\"682\" src=\"https:\/\/contextoanalisisperiodistico.com\/wp-content\/uploads\/2026\/05\/img-20260501-wa00394062065645594689665-1024x682.jpg\" alt=\"\" class=\"wp-image-53331\" srcset=\"https:\/\/contextoanalisisperiodistico.com\/wp-content\/uploads\/2026\/05\/img-20260501-wa00394062065645594689665-1024x682.jpg 1024w, https:\/\/contextoanalisisperiodistico.com\/wp-content\/uploads\/2026\/05\/img-20260501-wa00394062065645594689665-300x200.jpg 300w, https:\/\/contextoanalisisperiodistico.com\/wp-content\/uploads\/2026\/05\/img-20260501-wa00394062065645594689665-768x512.jpg 768w, https:\/\/contextoanalisisperiodistico.com\/wp-content\/uploads\/2026\/05\/img-20260501-wa00394062065645594689665-1536x1023.jpg 1536w, https:\/\/contextoanalisisperiodistico.com\/wp-content\/uploads\/2026\/05\/img-20260501-wa00394062065645594689665.jpg 1600w\" sizes=\"(max-width: 1024px) 100vw, 1024px\" \/><\/figure>\n\n\n\n<figure class=\"wp-block-image\"><img decoding=\"async\" width=\"1024\" height=\"768\" src=\"https:\/\/contextoanalisisperiodistico.com\/wp-content\/uploads\/2026\/05\/img-20260501-wa0040265546787797348556-1024x768.jpg\" alt=\"\" class=\"wp-image-53332\" srcset=\"https:\/\/contextoanalisisperiodistico.com\/wp-content\/uploads\/2026\/05\/img-20260501-wa0040265546787797348556-1024x768.jpg 1024w, https:\/\/contextoanalisisperiodistico.com\/wp-content\/uploads\/2026\/05\/img-20260501-wa0040265546787797348556-300x225.jpg 300w, https:\/\/contextoanalisisperiodistico.com\/wp-content\/uploads\/2026\/05\/img-20260501-wa0040265546787797348556-768x576.jpg 768w, https:\/\/contextoanalisisperiodistico.com\/wp-content\/uploads\/2026\/05\/img-20260501-wa0040265546787797348556.jpg 1448w\" sizes=\"(max-width: 1024px) 100vw, 1024px\" \/><\/figure>\n","protected":false},"excerpt":{"rendered":"<p>Como parte de la estrategia de dignificaci\u00f3n policial impulsada por el presidente municipal Ray Chagoya,&#8230;<\/p>\n","protected":false},"author":4,"featured_media":53330,"comment_status":"closed","ping_status":"open","sticky":false,"template":"","format":"standard","meta":{"footnotes":""},"categories":[9],"tags":[316,371,302,178,424],"jetpack_sharing_enabled":true,"featured_image_urls":{"full":["https:\/\/contextoanalisisperiodistico.com\/wp-content\/uploads\/2026\/05\/IMG-20260501-WA0038.jpg",1600,1066,false],"thumbnail":["https:\/\/contextoanalisisperiodistico.com\/wp-content\/uploads\/2026\/05\/IMG-20260501-WA0038-150x150.jpg",150,150,true],"medium":["https:\/\/contextoanalisisperiodistico.com\/wp-content\/uploads\/2026\/05\/IMG-20260501-WA0038-300x200.jpg",300,200,true],"medium_large":["https:\/\/contextoanalisisperiodistico.com\/wp-content\/uploads\/2026\/05\/IMG-20260501-WA0038-768x512.jpg",640,427,true],"large":["https:\/\/contextoanalisisperiodistico.com\/wp-content\/uploads\/2026\/05\/IMG-20260501-WA0038-1024x682.jpg",640,426,true],"1536x1536":["https:\/\/contextoanalisisperiodistico.com\/wp-content\/uploads\/2026\/05\/IMG-20260501-WA0038-1536x1023.jpg",1536,1023,true],"2048x2048":["https:\/\/contextoanalisisperiodistico.com\/wp-content\/uploads\/2026\/05\/IMG-20260501-WA0038.jpg",1600,1066,false],"covernews-slider-full":["https:\/\/contextoanalisisperiodistico.com\/wp-content\/uploads\/2026\/05\/IMG-20260501-WA0038-1115x715.jpg",1115,715,true],"covernews-slider-center":["https:\/\/contextoanalisisperiodistico.com\/wp-content\/uploads\/2026\/05\/IMG-20260501-WA0038-800x500.jpg",800,500,true],"covernews-featured":["https:\/\/contextoanalisisperiodistico.com\/wp-content\/uploads\/2026\/05\/IMG-20260501-WA0038-1024x682.jpg",1024,682,true],"covernews-medium":["https:\/\/contextoanalisisperiodistico.com\/wp-content\/uploads\/2026\/05\/IMG-20260501-WA0038-540x340.jpg",540,340,true],"covernews-medium-square":["https:\/\/contextoanalisisperiodistico.com\/wp-content\/uploads\/2026\/05\/IMG-20260501-WA0038-400x250.jpg",400,250,true]},"author_info":{"display_name":"Mario Gir\u00f3n","author_link":"https:\/\/contextoanalisisperiodistico.com\/index.php\/author\/director\/"},"category_info":"<a href=\"https:\/\/contextoanalisisperiodistico.com\/index.php\/category\/politica\/\" rel=\"category tag\">Pol\u00edtica<\/a>","tag_info":"Pol\u00edtica","comment_count":"0","jetpack_featured_media_url":"https:\/\/contextoanalisisperiodistico.com\/wp-content\/uploads\/2026\/05\/IMG-20260501-WA0038.jpg","_links":{"self":[{"href":"https:\/\/contextoanalisisperiodistico.com\/index.php\/wp-json\/wp\/v2\/posts\/53333"}],"collection":[{"href":"https:\/\/contextoanalisisperiodistico.com\/index.php\/wp-json\/wp\/v2\/posts"}],"about":[{"href":"https:\/\/contextoanalisisperiodistico.com\/index.php\/wp-json\/wp\/v2\/types\/post"}],"author":[{"embeddable":true,"href":"https:\/\/contextoanalisisperiodistico.com\/index.php\/wp-json\/wp\/v2\/users\/4"}],"replies":[{"embeddable":true,"href":"https:\/\/contextoanalisisperiodistico.com\/index.php\/wp-json\/wp\/v2\/comments?post=53333"}],"version-history":[{"count":1,"href":"https:\/\/contextoanalisisperiodistico.com\/index.php\/wp-json\/wp\/v2\/posts\/53333\/revisions"}],"predecessor-version":[{"id":53334,"href":"https:\/\/contextoanalisisperiodistico.com\/index.php\/wp-json\/wp\/v2\/posts\/53333\/revisions\/53334"}],"wp:featuredmedia":[{"embeddable":true,"href":"https:\/\/contextoanalisisperiodistico.com\/index.php\/wp-json\/wp\/v2\/media\/53330"}],"wp:attachment":[{"href":"https:\/\/contextoanalisisperiodistico.com\/index.php\/wp-json\/wp\/v2\/media?parent=53333"}],"wp:term":[{"taxonomy":"category","embeddable":true,"href":"https:\/\/contextoanalisisperiodistico.com\/index.php\/wp-json\/wp\/v2\/categories?post=53333"},{"taxonomy":"post_tag","embeddable":true,"href":"https:\/\/contextoanalisisperiodistico.com\/index.php\/wp-json\/wp\/v2\/tags?post=53333"}],"curies":[{"name":"wp","href":"https:\/\/api.w.org\/{rel}","templated":true}]}}