{"id":53329,"date":"2026-05-01T12:48:49","date_gmt":"2026-05-01T18:48:49","guid":{"rendered":"https:\/\/contextoanalisisperiodistico.com\/index.php\/2026\/05\/01\/recibe-gobierno-de-oaxaca-pliego-petitorio-del-sindicato-de-salud-en-la-entidad\/"},"modified":"2026-05-01T12:48:49","modified_gmt":"2026-05-01T18:48:49","slug":"recibe-gobierno-de-oaxaca-pliego-petitorio-del-sindicato-de-salud-en-la-entidad","status":"publish","type":"post","link":"https:\/\/contextoanalisisperiodistico.com\/index.php\/2026\/05\/01\/recibe-gobierno-de-oaxaca-pliego-petitorio-del-sindicato-de-salud-en-la-entidad\/","title":{"rendered":"Recibe Gobierno de Oaxaca pliego petitorio del sindicato de salud en la entidad"},"content":{"rendered":"<div id=\"fb-root\"><\/div>\n\n<p>\u00b7 Afirma Gobernador Salom\u00f3n Jara respeto y responsabilidad para atender las necesidades expuestas.<\/p>\n\n\n\n<p>\u00b7 Inform\u00f3 que hay avances considerables en hospitales de Huajuapan de Le\u00f3n y el Hospital Dr. Aurelio Valdivieso.<\/p>\n\n\n\n<p>\u00b7 El dirigente de la Secci\u00f3n 35 del SNTSA reconoci\u00f3 la voluntad pol\u00edtica de la administraci\u00f3n y los avances logrados.<\/p>\n\n\n\n<p>Oaxaca de Ju\u00e1rez, Oax., 01 de mayo de 2026.- En un marco de respeto y cordialidad, el Gobernador del Estado de Oaxaca, Salom\u00f3n Jara Cruz, recibi\u00f3 el Pliego Petitorio de la Secci\u00f3n 35 del Sindicato Nacional de Trabajadores de la Salud (SNTSA), la cual aglutina a poco m\u00e1s de 14 mil trabajadores y trabajadoras.<\/p>\n\n\n\n<p>El Mandatario estatal afirm\u00f3 que este acto es una expresi\u00f3n leg\u00edtima de quienes sostienen los servicios p\u00fablicos en este rubro, desde cualquier hospital, centro de salud u oficina, garantizando as\u00ed el derecho humano a la salud.<\/p>\n\n\n\n<figure class=\"wp-block-image size-large\"><img fetchpriority=\"high\" decoding=\"async\" width=\"1024\" height=\"683\" src=\"https:\/\/contextoanalisisperiodistico.com\/wp-content\/uploads\/2026\/05\/img-20260501-wa00615819982751493124117-1024x683.jpg\" alt=\"\" class=\"wp-image-53325\" srcset=\"https:\/\/contextoanalisisperiodistico.com\/wp-content\/uploads\/2026\/05\/img-20260501-wa00615819982751493124117-1024x683.jpg 1024w, https:\/\/contextoanalisisperiodistico.com\/wp-content\/uploads\/2026\/05\/img-20260501-wa00615819982751493124117-300x200.jpg 300w, https:\/\/contextoanalisisperiodistico.com\/wp-content\/uploads\/2026\/05\/img-20260501-wa00615819982751493124117-768x512.jpg 768w, https:\/\/contextoanalisisperiodistico.com\/wp-content\/uploads\/2026\/05\/img-20260501-wa00615819982751493124117-1536x1025.jpg 1536w, https:\/\/contextoanalisisperiodistico.com\/wp-content\/uploads\/2026\/05\/img-20260501-wa00615819982751493124117.jpg 2000w\" sizes=\"(max-width: 1024px) 100vw, 1024px\" \/><\/figure>\n\n\n\n<figure class=\"wp-block-image\"><img decoding=\"async\" width=\"300\" height=\"256\" src=\"https:\/\/contextoanalisisperiodistico.com\/wp-content\/uploads\/2026\/05\/img-20260501-wa00643051052955853352822-300x256.jpg\" alt=\"\" class=\"wp-image-53324\" srcset=\"https:\/\/contextoanalisisperiodistico.com\/wp-content\/uploads\/2026\/05\/img-20260501-wa00643051052955853352822-300x256.jpg 300w, https:\/\/contextoanalisisperiodistico.com\/wp-content\/uploads\/2026\/05\/img-20260501-wa00643051052955853352822-768x655.jpg 768w, https:\/\/contextoanalisisperiodistico.com\/wp-content\/uploads\/2026\/05\/img-20260501-wa00643051052955853352822.jpg 844w\" sizes=\"(max-width: 300px) 100vw, 300px\" \/><\/figure>\n\n\n\n<figure class=\"wp-block-image\"><img decoding=\"async\" width=\"1024\" height=\"683\" src=\"https:\/\/contextoanalisisperiodistico.com\/wp-content\/uploads\/2026\/05\/img-20260501-wa00611875269926910817566-1024x683.jpg\" alt=\"\" class=\"wp-image-53327\" srcset=\"https:\/\/contextoanalisisperiodistico.com\/wp-content\/uploads\/2026\/05\/img-20260501-wa00611875269926910817566-1024x683.jpg 1024w, https:\/\/contextoanalisisperiodistico.com\/wp-content\/uploads\/2026\/05\/img-20260501-wa00611875269926910817566-300x200.jpg 300w, https:\/\/contextoanalisisperiodistico.com\/wp-content\/uploads\/2026\/05\/img-20260501-wa00611875269926910817566-768x512.jpg 768w, https:\/\/contextoanalisisperiodistico.com\/wp-content\/uploads\/2026\/05\/img-20260501-wa00611875269926910817566-1536x1025.jpg 1536w, https:\/\/contextoanalisisperiodistico.com\/wp-content\/uploads\/2026\/05\/img-20260501-wa00611875269926910817566.jpg 2000w\" sizes=\"(max-width: 1024px) 100vw, 1024px\" \/><\/figure>\n\n\n\n<figure class=\"wp-block-image\"><img loading=\"lazy\" decoding=\"async\" width=\"1024\" height=\"683\" src=\"https:\/\/contextoanalisisperiodistico.com\/wp-content\/uploads\/2026\/05\/img-20260501-wa00593095502905323000653-1024x683.jpg\" alt=\"\" class=\"wp-image-53326\" srcset=\"https:\/\/contextoanalisisperiodistico.com\/wp-content\/uploads\/2026\/05\/img-20260501-wa00593095502905323000653-1024x683.jpg 1024w, https:\/\/contextoanalisisperiodistico.com\/wp-content\/uploads\/2026\/05\/img-20260501-wa00593095502905323000653-300x200.jpg 300w, https:\/\/contextoanalisisperiodistico.com\/wp-content\/uploads\/2026\/05\/img-20260501-wa00593095502905323000653-768x512.jpg 768w, https:\/\/contextoanalisisperiodistico.com\/wp-content\/uploads\/2026\/05\/img-20260501-wa00593095502905323000653-1536x1025.jpg 1536w, https:\/\/contextoanalisisperiodistico.com\/wp-content\/uploads\/2026\/05\/img-20260501-wa00593095502905323000653.jpg 2000w\" sizes=\"(max-width: 1024px) 100vw, 1024px\" \/><\/figure>\n\n\n\n<figure class=\"wp-block-image\"><img loading=\"lazy\" decoding=\"async\" width=\"1024\" height=\"683\" src=\"https:\/\/contextoanalisisperiodistico.com\/wp-content\/uploads\/2026\/05\/img-20260501-wa00582435771098551025603-1024x683.jpg\" alt=\"\" class=\"wp-image-53328\" srcset=\"https:\/\/contextoanalisisperiodistico.com\/wp-content\/uploads\/2026\/05\/img-20260501-wa00582435771098551025603-1024x683.jpg 1024w, https:\/\/contextoanalisisperiodistico.com\/wp-content\/uploads\/2026\/05\/img-20260501-wa00582435771098551025603-300x200.jpg 300w, https:\/\/contextoanalisisperiodistico.com\/wp-content\/uploads\/2026\/05\/img-20260501-wa00582435771098551025603-768x512.jpg 768w, https:\/\/contextoanalisisperiodistico.com\/wp-content\/uploads\/2026\/05\/img-20260501-wa00582435771098551025603-1536x1025.jpg 1536w, https:\/\/contextoanalisisperiodistico.com\/wp-content\/uploads\/2026\/05\/img-20260501-wa00582435771098551025603.jpg 2000w\" sizes=\"(max-width: 1024px) 100vw, 1024px\" \/><\/figure>\n\n\n\n<p>\u201cRecibimos este pliego con mucha institucionalidad y lo asumimos con seriedad, respeto y con plena conciencia de la importancia que tiene para la vida de las y los trabajadores y sus familias\u201d, dijo.<\/p>\n\n\n\n<p>Declar\u00f3 que, cada una de las demandas presentadas ser\u00e1n analizadas con rigor, apertura y con sentido de justicia y, al mismo tiempo, se actuar\u00e1 con responsabilidad institucional, y las decisiones que se tomen estar\u00e1n enmarcadas en las posibilidades del estado, el uso honesto y eficiente de los recursos p\u00fablicos y con el compromiso de garantizar la estabilidad financiera.<\/p>\n\n\n\n<p>El titular de la Gubernatura detall\u00f3 que, la atenci\u00f3n a las demandas hist\u00f3ricas del sindicato de salud en materia de infraestructura ha sido permanente, en este tenor se registran avances considerables en diversas acciones; por ejemplo, el hospital de Huajuapan de Le\u00f3n registra un avance del 95 %; en tanto, el hospital Dr. Aurelio Valdivieso registra el 80 %.<\/p>\n\n\n\n<p>Sobre Ciudad Salud, dijo que ah\u00ed se construir\u00e1 el hospital del ISSSTE para 250 camas y el del IMSS Ordinario para 260 camas, y el nuevo hospital Aurelio Valdivieso.<\/p>\n\n\n\n<p>El dirigente sindical, Omar Jes\u00fas L\u00f3pez S\u00e1nchez reconoci\u00f3 la disposici\u00f3n al di\u00e1logo y la voluntad pol\u00edtica de la administraci\u00f3n estatal, as\u00ed como avances sustanciales en temas como los adeudos a terceros. Tambi\u00e9n, por acciones que fortalecen la operatividad del sistema y dignifica el trabajo de la base trabajadora.<\/p>\n\n\n\n<p>Afirm\u00f3 que este documento sintetiza las principales necesidades de la base trabajadora que a\u00fan persisten, y traza rutas de soluci\u00f3n para fortalecer el sistema de salud en la entidad.<\/p>\n\n\n\n<p>En tanto, el secretario de Salud y director general de Servicios de Salud de Oaxaca (SSO), Efr\u00e9n Emanuel Jarqu\u00edn Gonz\u00e1lez reconoci\u00f3 el acompa\u00f1amiento de la gremial, que permiti\u00f3 llegar a acuerdos en la transici\u00f3n del sistema de salud a beneficio de las y los oaxaque\u00f1os.<\/p>\n","protected":false},"excerpt":{"rendered":"<p>\u00b7 Afirma Gobernador Salom\u00f3n Jara respeto y responsabilidad para atender las necesidades expuestas. \u00b7 Inform\u00f3&#8230;<\/p>\n","protected":false},"author":4,"featured_media":53323,"comment_status":"","ping_status":"open","sticky":false,"template":"","format":"standard","meta":{"footnotes":""},"categories":[9],"tags":[316,461,424],"jetpack_sharing_enabled":true,"featured_image_urls":{"full":["https:\/\/contextoanalisisperiodistico.com\/wp-content\/uploads\/2026\/05\/IMG-20260501-WA0062.jpg",1280,854,false],"thumbnail":["https:\/\/contextoanalisisperiodistico.com\/wp-content\/uploads\/2026\/05\/IMG-20260501-WA0062-150x150.jpg",150,150,true],"medium":["https:\/\/contextoanalisisperiodistico.com\/wp-content\/uploads\/2026\/05\/IMG-20260501-WA0062-300x200.jpg",300,200,true],"medium_large":["https:\/\/contextoanalisisperiodistico.com\/wp-content\/uploads\/2026\/05\/IMG-20260501-WA0062-768x512.jpg",640,427,true],"large":["https:\/\/contextoanalisisperiodistico.com\/wp-content\/uploads\/2026\/05\/IMG-20260501-WA0062-1024x683.jpg",640,427,true],"1536x1536":["https:\/\/contextoanalisisperiodistico.com\/wp-content\/uploads\/2026\/05\/IMG-20260501-WA0062.jpg",1280,854,false],"2048x2048":["https:\/\/contextoanalisisperiodistico.com\/wp-content\/uploads\/2026\/05\/IMG-20260501-WA0062.jpg",1280,854,false],"covernews-slider-full":["https:\/\/contextoanalisisperiodistico.com\/wp-content\/uploads\/2026\/05\/IMG-20260501-WA0062-1115x715.jpg",1115,715,true],"covernews-slider-center":["https:\/\/contextoanalisisperiodistico.com\/wp-content\/uploads\/2026\/05\/IMG-20260501-WA0062-800x500.jpg",800,500,true],"covernews-featured":["https:\/\/contextoanalisisperiodistico.com\/wp-content\/uploads\/2026\/05\/IMG-20260501-WA0062-1024x683.jpg",1024,683,true],"covernews-medium":["https:\/\/contextoanalisisperiodistico.com\/wp-content\/uploads\/2026\/05\/IMG-20260501-WA0062-540x340.jpg",540,340,true],"covernews-medium-square":["https:\/\/contextoanalisisperiodistico.com\/wp-content\/uploads\/2026\/05\/IMG-20260501-WA0062-400x250.jpg",400,250,true]},"author_info":{"display_name":"Mario Gir\u00f3n","author_link":"https:\/\/contextoanalisisperiodistico.com\/index.php\/author\/director\/"},"category_info":"<a href=\"https:\/\/contextoanalisisperiodistico.com\/index.php\/category\/politica\/\" rel=\"category tag\">Pol\u00edtica<\/a>","tag_info":"Pol\u00edtica","comment_count":"0","jetpack_featured_media_url":"https:\/\/contextoanalisisperiodistico.com\/wp-content\/uploads\/2026\/05\/IMG-20260501-WA0062.jpg","_links":{"self":[{"href":"https:\/\/contextoanalisisperiodistico.com\/index.php\/wp-json\/wp\/v2\/posts\/53329"}],"collection":[{"href":"https:\/\/contextoanalisisperiodistico.com\/index.php\/wp-json\/wp\/v2\/posts"}],"about":[{"href":"https:\/\/contextoanalisisperiodistico.com\/index.php\/wp-json\/wp\/v2\/types\/post"}],"author":[{"embeddable":true,"href":"https:\/\/contextoanalisisperiodistico.com\/index.php\/wp-json\/wp\/v2\/users\/4"}],"replies":[{"embeddable":true,"href":"https:\/\/contextoanalisisperiodistico.com\/index.php\/wp-json\/wp\/v2\/comments?post=53329"}],"version-history":[{"count":0,"href":"https:\/\/contextoanalisisperiodistico.com\/index.php\/wp-json\/wp\/v2\/posts\/53329\/revisions"}],"wp:featuredmedia":[{"embeddable":true,"href":"https:\/\/contextoanalisisperiodistico.com\/index.php\/wp-json\/wp\/v2\/media\/53323"}],"wp:attachment":[{"href":"https:\/\/contextoanalisisperiodistico.com\/index.php\/wp-json\/wp\/v2\/media?parent=53329"}],"wp:term":[{"taxonomy":"category","embeddable":true,"href":"https:\/\/contextoanalisisperiodistico.com\/index.php\/wp-json\/wp\/v2\/categories?post=53329"},{"taxonomy":"post_tag","embeddable":true,"href":"https:\/\/contextoanalisisperiodistico.com\/index.php\/wp-json\/wp\/v2\/tags?post=53329"}],"curies":[{"name":"wp","href":"https:\/\/api.w.org\/{rel}","templated":true}]}}