{"id":53320,"date":"2026-04-30T22:49:49","date_gmt":"2026-05-01T04:49:49","guid":{"rendered":"https:\/\/contextoanalisisperiodistico.com\/index.php\/2026\/04\/30\/mas-de-10-mil-ninas-y-ninos-celebran-su-dia-en-la-fiesta-de-la-ninez-oaxaquena\/"},"modified":"2026-04-30T22:49:49","modified_gmt":"2026-05-01T04:49:49","slug":"mas-de-10-mil-ninas-y-ninos-celebran-su-dia-en-la-fiesta-de-la-ninez-oaxaquena","status":"publish","type":"post","link":"https:\/\/contextoanalisisperiodistico.com\/index.php\/2026\/04\/30\/mas-de-10-mil-ninas-y-ninos-celebran-su-dia-en-la-fiesta-de-la-ninez-oaxaquena\/","title":{"rendered":"\u00a1M\u00e1s de 10 mil ni\u00f1as y ni\u00f1os celebran su d\u00eda en la Fiesta de la Ni\u00f1ez Oaxaque\u00f1a!"},"content":{"rendered":"<div id=\"fb-root\"><\/div>\n\n<p>\u2022 El Gobernador Salom\u00f3n Jara y la Presidenta del DIF Oaxaca Irma Bola\u00f1os Quijano encabezaron este evento desarrollado en el Parque Primavera Oaxaque\u00f1a Cho Ndob\u00e1<\/p>\n\n\n\n<figure class=\"wp-block-image size-large\"><img fetchpriority=\"high\" decoding=\"async\" width=\"1024\" height=\"683\" src=\"https:\/\/contextoanalisisperiodistico.com\/wp-content\/uploads\/2026\/04\/img-20260430-wa01156888732320556252101-1024x683.jpg\" alt=\"\" class=\"wp-image-53318\" srcset=\"https:\/\/contextoanalisisperiodistico.com\/wp-content\/uploads\/2026\/04\/img-20260430-wa01156888732320556252101-1024x683.jpg 1024w, https:\/\/contextoanalisisperiodistico.com\/wp-content\/uploads\/2026\/04\/img-20260430-wa01156888732320556252101-300x200.jpg 300w, https:\/\/contextoanalisisperiodistico.com\/wp-content\/uploads\/2026\/04\/img-20260430-wa01156888732320556252101-768x512.jpg 768w, https:\/\/contextoanalisisperiodistico.com\/wp-content\/uploads\/2026\/04\/img-20260430-wa01156888732320556252101.jpg 1280w\" sizes=\"(max-width: 1024px) 100vw, 1024px\" \/><\/figure>\n\n\n\n<figure class=\"wp-block-image\"><img decoding=\"async\" width=\"1024\" height=\"683\" src=\"https:\/\/contextoanalisisperiodistico.com\/wp-content\/uploads\/2026\/04\/img-20260430-wa01148165930082695159994-1024x683.jpg\" alt=\"\" class=\"wp-image-53317\" srcset=\"https:\/\/contextoanalisisperiodistico.com\/wp-content\/uploads\/2026\/04\/img-20260430-wa01148165930082695159994-1024x683.jpg 1024w, https:\/\/contextoanalisisperiodistico.com\/wp-content\/uploads\/2026\/04\/img-20260430-wa01148165930082695159994-300x200.jpg 300w, https:\/\/contextoanalisisperiodistico.com\/wp-content\/uploads\/2026\/04\/img-20260430-wa01148165930082695159994-768x512.jpg 768w, https:\/\/contextoanalisisperiodistico.com\/wp-content\/uploads\/2026\/04\/img-20260430-wa01148165930082695159994.jpg 1280w\" sizes=\"(max-width: 1024px) 100vw, 1024px\" \/><\/figure>\n\n\n\n<figure class=\"wp-block-image\"><img decoding=\"async\" width=\"1024\" height=\"683\" src=\"https:\/\/contextoanalisisperiodistico.com\/wp-content\/uploads\/2026\/04\/img-20260430-wa01193274938841224427967-1024x683.jpg\" alt=\"\" class=\"wp-image-53316\" srcset=\"https:\/\/contextoanalisisperiodistico.com\/wp-content\/uploads\/2026\/04\/img-20260430-wa01193274938841224427967-1024x683.jpg 1024w, https:\/\/contextoanalisisperiodistico.com\/wp-content\/uploads\/2026\/04\/img-20260430-wa01193274938841224427967-300x200.jpg 300w, https:\/\/contextoanalisisperiodistico.com\/wp-content\/uploads\/2026\/04\/img-20260430-wa01193274938841224427967-768x512.jpg 768w, https:\/\/contextoanalisisperiodistico.com\/wp-content\/uploads\/2026\/04\/img-20260430-wa01193274938841224427967.jpg 1280w\" sizes=\"(max-width: 1024px) 100vw, 1024px\" \/><\/figure>\n\n\n\n<figure class=\"wp-block-image\"><img loading=\"lazy\" decoding=\"async\" width=\"1024\" height=\"683\" src=\"https:\/\/contextoanalisisperiodistico.com\/wp-content\/uploads\/2026\/04\/img-20260430-wa01183756833695432830212-1024x683.jpg\" alt=\"\" class=\"wp-image-53315\" srcset=\"https:\/\/contextoanalisisperiodistico.com\/wp-content\/uploads\/2026\/04\/img-20260430-wa01183756833695432830212-1024x683.jpg 1024w, https:\/\/contextoanalisisperiodistico.com\/wp-content\/uploads\/2026\/04\/img-20260430-wa01183756833695432830212-300x200.jpg 300w, https:\/\/contextoanalisisperiodistico.com\/wp-content\/uploads\/2026\/04\/img-20260430-wa01183756833695432830212-768x512.jpg 768w, https:\/\/contextoanalisisperiodistico.com\/wp-content\/uploads\/2026\/04\/img-20260430-wa01183756833695432830212.jpg 1280w\" sizes=\"(max-width: 1024px) 100vw, 1024px\" \/><\/figure>\n\n\n\n<figure class=\"wp-block-image\"><img loading=\"lazy\" decoding=\"async\" width=\"1024\" height=\"683\" src=\"https:\/\/contextoanalisisperiodistico.com\/wp-content\/uploads\/2026\/04\/img-20260430-wa01221958303935580174113-1024x683.jpg\" alt=\"\" class=\"wp-image-53319\" srcset=\"https:\/\/contextoanalisisperiodistico.com\/wp-content\/uploads\/2026\/04\/img-20260430-wa01221958303935580174113-1024x683.jpg 1024w, https:\/\/contextoanalisisperiodistico.com\/wp-content\/uploads\/2026\/04\/img-20260430-wa01221958303935580174113-300x200.jpg 300w, https:\/\/contextoanalisisperiodistico.com\/wp-content\/uploads\/2026\/04\/img-20260430-wa01221958303935580174113-768x512.jpg 768w, https:\/\/contextoanalisisperiodistico.com\/wp-content\/uploads\/2026\/04\/img-20260430-wa01221958303935580174113.jpg 1280w\" sizes=\"(max-width: 1024px) 100vw, 1024px\" \/><\/figure>\n\n\n\n<p>\u2022 En este marco, se entregaron 10 mil juguetes a igual n\u00famero de asistentes, quienes tambi\u00e9n disfrutaron de actividades recreativas y did\u00e1cticas as\u00ed como de alimentos y bebidas<\/p>\n\n\n\n<p>Oaxaca de Ju\u00e1rez, Oax. 30 de abril de 2026.- Con mucha alegr\u00eda y efusividad, y ante m\u00e1s de 10 mil ni\u00f1as y ni\u00f1os, acompa\u00f1ados de sus seres queridos, el Gobernador Salom\u00f3n Jara Cruz y la Presidenta Honoraria del Sistema DIF Oaxaca, Irma Bola\u00f1os Quijano encabezaron la Fiesta de la Ni\u00f1ez Oaxaque\u00f1a realizada en el Parque Primavera Oaxaque\u00f1a Cho Ndob\u00e1.<\/p>\n\n\n\n<p>En este espacio impulsado por el organismo estatal y dedicado a celebrar a las infancias, el titular del Poder Ejecutivo destac\u00f3 que este evento se convierte en un encuentro de fiesta, donde las y los asistentes pueden ejercer plenamente su derecho al juego con actividades recreativas y did\u00e1cticas que fortalezcan su sano esparcimiento y desarrollo.<\/p>\n\n\n\n<p>\u201cUstedes son el futuro de Oaxaca y de nuestras familias, por eso nos inspira celebrar hoy su d\u00eda. Quiero decirles que nuestro gobierno siempre va a acompa\u00f1arlas y acompa\u00f1arlos en todo momento, porque queremos cuidarlos y que el d\u00eda de ma\u00f1ana la entidad sea un estado de paz y justicia\u201d, resalt\u00f3.<\/p>\n\n\n\n<p>En tanto, la Presidenta Honoraria del Sistema Estatal DIF, Irma Bola\u00f1os Quijano enfatiz\u00f3 que se trabaja para que la ni\u00f1ez tenga un espacio digno y amplio donde pueda jugar y disfrutar en familia.<\/p>\n\n\n\n<p>Como parte de las actividades, las ni\u00f1as y ni\u00f1os pudieron disfrutar de juegos mec\u00e1nicos, actividades de destreza, talleres de manualidades, espect\u00e1culo de payasos, presentaciones musicales, pintacaritas, muestra de lucha libre, as\u00ed como alimentos y bebidas.<\/p>\n\n\n\n<p>Adem\u00e1s, Jara Cruz y Bola\u00f1os Quijano entregaron de manera directa 10 mil juguetes, con la finalidad de que este sector pase horas de diversi\u00f3n junto a sus familiares.<\/p>\n\n\n\n<p>En este marco, el Mandatario estatal y la Presidenta Honoraria del Sistema DIF Oaxaca inauguraron la reja \u201cLos Peces\u201d en memoria del artista pl\u00e1stico Francisco Benjam\u00edn L\u00f3pez Toledo, la cual tiene una extensi\u00f3n de m\u00e1s de 1 kil\u00f3metro y rodea al Parque Primavera Oaxaque\u00f1a Cho Ndob\u00e1; adem\u00e1s de la exposici\u00f3n de las esculturas \u201c2 mil 501 migrantes\u201d de Alejandro Santiago Ram\u00edrez; y los nuevos juegos y espacios instalados dentro de este recinto.<\/p>\n\n\n\n<p>-0-<\/p>\n","protected":false},"excerpt":{"rendered":"<p>\u2022 El Gobernador Salom\u00f3n Jara y la Presidenta del DIF Oaxaca Irma Bola\u00f1os Quijano encabezaron&#8230;<\/p>\n","protected":false},"author":4,"featured_media":53314,"comment_status":"","ping_status":"open","sticky":false,"template":"","format":"standard","meta":{"footnotes":""},"categories":[3],"tags":[316,424],"jetpack_sharing_enabled":true,"featured_image_urls":{"full":["https:\/\/contextoanalisisperiodistico.com\/wp-content\/uploads\/2026\/04\/IMG-20260430-WA0120.jpg",1280,854,false],"thumbnail":["https:\/\/contextoanalisisperiodistico.com\/wp-content\/uploads\/2026\/04\/IMG-20260430-WA0120-150x150.jpg",150,150,true],"medium":["https:\/\/contextoanalisisperiodistico.com\/wp-content\/uploads\/2026\/04\/IMG-20260430-WA0120-300x200.jpg",300,200,true],"medium_large":["https:\/\/contextoanalisisperiodistico.com\/wp-content\/uploads\/2026\/04\/IMG-20260430-WA0120-768x512.jpg",640,427,true],"large":["https:\/\/contextoanalisisperiodistico.com\/wp-content\/uploads\/2026\/04\/IMG-20260430-WA0120-1024x683.jpg",640,427,true],"1536x1536":["https:\/\/contextoanalisisperiodistico.com\/wp-content\/uploads\/2026\/04\/IMG-20260430-WA0120.jpg",1280,854,false],"2048x2048":["https:\/\/contextoanalisisperiodistico.com\/wp-content\/uploads\/2026\/04\/IMG-20260430-WA0120.jpg",1280,854,false],"covernews-slider-full":["https:\/\/contextoanalisisperiodistico.com\/wp-content\/uploads\/2026\/04\/IMG-20260430-WA0120-1115x715.jpg",1115,715,true],"covernews-slider-center":["https:\/\/contextoanalisisperiodistico.com\/wp-content\/uploads\/2026\/04\/IMG-20260430-WA0120-800x500.jpg",800,500,true],"covernews-featured":["https:\/\/contextoanalisisperiodistico.com\/wp-content\/uploads\/2026\/04\/IMG-20260430-WA0120-1024x683.jpg",1024,683,true],"covernews-medium":["https:\/\/contextoanalisisperiodistico.com\/wp-content\/uploads\/2026\/04\/IMG-20260430-WA0120-540x340.jpg",540,340,true],"covernews-medium-square":["https:\/\/contextoanalisisperiodistico.com\/wp-content\/uploads\/2026\/04\/IMG-20260430-WA0120-400x250.jpg",400,250,true]},"author_info":{"display_name":"Mario Gir\u00f3n","author_link":"https:\/\/contextoanalisisperiodistico.com\/index.php\/author\/director\/"},"category_info":"<a href=\"https:\/\/contextoanalisisperiodistico.com\/index.php\/category\/ciudad\/\" rel=\"category tag\">Ciudad<\/a>","tag_info":"Ciudad","comment_count":"0","jetpack_featured_media_url":"https:\/\/contextoanalisisperiodistico.com\/wp-content\/uploads\/2026\/04\/IMG-20260430-WA0120.jpg","_links":{"self":[{"href":"https:\/\/contextoanalisisperiodistico.com\/index.php\/wp-json\/wp\/v2\/posts\/53320"}],"collection":[{"href":"https:\/\/contextoanalisisperiodistico.com\/index.php\/wp-json\/wp\/v2\/posts"}],"about":[{"href":"https:\/\/contextoanalisisperiodistico.com\/index.php\/wp-json\/wp\/v2\/types\/post"}],"author":[{"embeddable":true,"href":"https:\/\/contextoanalisisperiodistico.com\/index.php\/wp-json\/wp\/v2\/users\/4"}],"replies":[{"embeddable":true,"href":"https:\/\/contextoanalisisperiodistico.com\/index.php\/wp-json\/wp\/v2\/comments?post=53320"}],"version-history":[{"count":0,"href":"https:\/\/contextoanalisisperiodistico.com\/index.php\/wp-json\/wp\/v2\/posts\/53320\/revisions"}],"wp:featuredmedia":[{"embeddable":true,"href":"https:\/\/contextoanalisisperiodistico.com\/index.php\/wp-json\/wp\/v2\/media\/53314"}],"wp:attachment":[{"href":"https:\/\/contextoanalisisperiodistico.com\/index.php\/wp-json\/wp\/v2\/media?parent=53320"}],"wp:term":[{"taxonomy":"category","embeddable":true,"href":"https:\/\/contextoanalisisperiodistico.com\/index.php\/wp-json\/wp\/v2\/categories?post=53320"},{"taxonomy":"post_tag","embeddable":true,"href":"https:\/\/contextoanalisisperiodistico.com\/index.php\/wp-json\/wp\/v2\/tags?post=53320"}],"curies":[{"name":"wp","href":"https:\/\/api.w.org\/{rel}","templated":true}]}}