{"id":53313,"date":"2026-04-30T18:35:55","date_gmt":"2026-05-01T00:35:55","guid":{"rendered":"https:\/\/contextoanalisisperiodistico.com\/index.php\/2026\/04\/30\/instalan-cabildo-infantil-en-oaxaca-de-juarez-la-voz-de-la-ninez-propone-el-futuro\/"},"modified":"2026-04-30T18:35:55","modified_gmt":"2026-05-01T00:35:55","slug":"instalan-cabildo-infantil-en-oaxaca-de-juarez-la-voz-de-la-ninez-propone-el-futuro","status":"publish","type":"post","link":"https:\/\/contextoanalisisperiodistico.com\/index.php\/2026\/04\/30\/instalan-cabildo-infantil-en-oaxaca-de-juarez-la-voz-de-la-ninez-propone-el-futuro\/","title":{"rendered":"Instalan Cabildo Infantil en Oaxaca de Ju\u00e1rez: La Voz de la Ni\u00f1ez Propone el Futuro"},"content":{"rendered":"<div id=\"fb-root\"><\/div>\n\n<p>En la sesi\u00f3n del Cabildo Infantil 2026, las ni\u00f1as y ni\u00f1os formularon sus propuestas enfocadas en mejorar su entorno, fortalecer valores y aportar soluciones desde su visi\u00f3n.<\/p>\n\n\n\n<p>Un ejercicio que demuestra que la participaci\u00f3n de la ni\u00f1ez es clave para seguir transformando Oaxaca de Ju\u00e1rez.<\/p>\n\n\n\n<p>Las y los integrantes del Cabildo Infantil 2026 son:<\/p>\n\n\n\n<p>\u2022 Karina Melisa Luna Zeferino \u2013 Presidenta Municipal<br \/>\u2022 Minelly Elizabeth Vel\u00e1squez Sandoval \u2013 S\u00edndica Primera<br \/>\u2022 Zyanya Loreto Ram\u00edrez Zorrilla \u2013 S\u00edndica Segunda<br \/>\u2022 Jos\u00e9 Adri\u00e1n L\u00f3pez L\u00f3pez \u2013 Regidor de Hacienda Municipal<br \/>\u2022 Adri\u00e1n Renato Hern\u00e1ndez Ruiz \u2013 Regidor de Gobierno de Territorio y Normatividad<br \/>\u2022 Vanessa Bel\u00e9m Mart\u00ednez Aguilar \u2013 Regidora de Obras P\u00fablicas y Desarrollo Urbano<br \/>\u2022 Valeria Hern\u00e1ndez Mart\u00ednez \u2013 Regidora de Bienestar, Tequios Vecinales y Salud<br \/>\u2022 Yatzil Lorena Arias Bautista \u2013 Regidora de Seguridad Vecinal y Cultura de Paz<br \/>\u2022 Yasha Denisse Rafael Ram\u00edrez \u2013 Regidora de Desarrollo Sostenible, Medio Ambiente y Gesti\u00f3n H\u00eddrica<br \/>\u2022 Camila de Mar\u00eda Aldeco Arag\u00f3n \u2013 Regidora de Servicios Vecinales y Transparencia<br \/>\u2022 Priah V\u00e1zquez Taboada \u2013 Regidora de Prosperidad Compartida y Turismo<br \/>\u2022 Rodrigo Hern\u00e1ndez Calvo \u2013 Regidor del Centro Hist\u00f3rico y Patrimonio Mundial<br \/>\u2022 Danna Sof\u00eda L\u00f3pez Faustino \u2013 Regidora de Mujeres, Ciudad Inclusiva y Derechos Humanos<br \/>\u2022 Miranda L\u00f3pez Ram\u00edrez \u2013 Regidora de Cultura y Educaci\u00f3n<br \/>\u2022 Emmanuel Garc\u00eda Santiago \u2013 Regidor de Protecci\u00f3n Civil<br \/>\u2022 Daniela Estefan\u00eda Garc\u00eda Boh\u00f3rquez \u2013 Regidora de Grupos Prioritarios, Juventud y Deportes<br \/>\u2022 Guillermo Monz\u00f3n Rangel \u2013 Secretario Municipal<\/p>\n\n\n\n<p>Con este ejercicio, el Gobierno Municipal de Oaxaca de Ju\u00e1rez fortalece la cultura c\u00edvica y promueve la participaci\u00f3n activa de las nuevas generaciones en la vida p\u00fablica del municipio.<\/p>\n\n\n\n<figure class=\"wp-block-image size-large\"><img fetchpriority=\"high\" decoding=\"async\" width=\"1024\" height=\"597\" src=\"https:\/\/contextoanalisisperiodistico.com\/wp-content\/uploads\/2026\/04\/img-20260430-wa0098562348960008370306-1024x597.jpg\" alt=\"\" class=\"wp-image-53310\" srcset=\"https:\/\/contextoanalisisperiodistico.com\/wp-content\/uploads\/2026\/04\/img-20260430-wa0098562348960008370306-1024x597.jpg 1024w, https:\/\/contextoanalisisperiodistico.com\/wp-content\/uploads\/2026\/04\/img-20260430-wa0098562348960008370306-300x175.jpg 300w, https:\/\/contextoanalisisperiodistico.com\/wp-content\/uploads\/2026\/04\/img-20260430-wa0098562348960008370306-768x447.jpg 768w, https:\/\/contextoanalisisperiodistico.com\/wp-content\/uploads\/2026\/04\/img-20260430-wa0098562348960008370306.jpg 1440w\" sizes=\"(max-width: 1024px) 100vw, 1024px\" \/><\/figure>\n\n\n\n<figure class=\"wp-block-image\"><img decoding=\"async\" width=\"1024\" height=\"597\" src=\"https:\/\/contextoanalisisperiodistico.com\/wp-content\/uploads\/2026\/04\/img-20260430-wa00993489723026535172055-1024x597.jpg\" alt=\"\" class=\"wp-image-53311\" srcset=\"https:\/\/contextoanalisisperiodistico.com\/wp-content\/uploads\/2026\/04\/img-20260430-wa00993489723026535172055-1024x597.jpg 1024w, https:\/\/contextoanalisisperiodistico.com\/wp-content\/uploads\/2026\/04\/img-20260430-wa00993489723026535172055-300x175.jpg 300w, https:\/\/contextoanalisisperiodistico.com\/wp-content\/uploads\/2026\/04\/img-20260430-wa00993489723026535172055-768x448.jpg 768w, https:\/\/contextoanalisisperiodistico.com\/wp-content\/uploads\/2026\/04\/img-20260430-wa00993489723026535172055.jpg 1280w\" sizes=\"(max-width: 1024px) 100vw, 1024px\" \/><\/figure>\n\n\n\n<figure class=\"wp-block-image\"><img decoding=\"async\" width=\"300\" height=\"201\" src=\"https:\/\/contextoanalisisperiodistico.com\/wp-content\/uploads\/2026\/04\/img-20260430-wa00965072355903375606355-300x201.jpg\" alt=\"\" class=\"wp-image-53309\" srcset=\"https:\/\/contextoanalisisperiodistico.com\/wp-content\/uploads\/2026\/04\/img-20260430-wa00965072355903375606355-300x201.jpg 300w, https:\/\/contextoanalisisperiodistico.com\/wp-content\/uploads\/2026\/04\/img-20260430-wa00965072355903375606355-768x514.jpg 768w, https:\/\/contextoanalisisperiodistico.com\/wp-content\/uploads\/2026\/04\/img-20260430-wa00965072355903375606355.jpg 856w\" sizes=\"(max-width: 300px) 100vw, 300px\" \/><\/figure>\n\n\n\n<figure class=\"wp-block-image\"><img loading=\"lazy\" decoding=\"async\" width=\"1024\" height=\"597\" src=\"https:\/\/contextoanalisisperiodistico.com\/wp-content\/uploads\/2026\/04\/img-20260430-wa00975575821701556995520-1024x597.jpg\" alt=\"\" class=\"wp-image-53312\" srcset=\"https:\/\/contextoanalisisperiodistico.com\/wp-content\/uploads\/2026\/04\/img-20260430-wa00975575821701556995520-1024x597.jpg 1024w, https:\/\/contextoanalisisperiodistico.com\/wp-content\/uploads\/2026\/04\/img-20260430-wa00975575821701556995520-300x175.jpg 300w, https:\/\/contextoanalisisperiodistico.com\/wp-content\/uploads\/2026\/04\/img-20260430-wa00975575821701556995520-768x447.jpg 768w, https:\/\/contextoanalisisperiodistico.com\/wp-content\/uploads\/2026\/04\/img-20260430-wa00975575821701556995520.jpg 1440w\" sizes=\"(max-width: 1024px) 100vw, 1024px\" \/><\/figure>\n","protected":false},"excerpt":{"rendered":"<p>En la sesi\u00f3n del Cabildo Infantil 2026, las ni\u00f1as y ni\u00f1os formularon sus propuestas enfocadas&#8230;<\/p>\n","protected":false},"author":4,"featured_media":53308,"comment_status":"","ping_status":"open","sticky":false,"template":"","format":"standard","meta":{"footnotes":""},"categories":[9],"tags":[353,302,178],"jetpack_sharing_enabled":true,"featured_image_urls":{"full":["https:\/\/contextoanalisisperiodistico.com\/wp-content\/uploads\/2026\/04\/IMG-20260430-WA0094.jpg",1440,839,false],"thumbnail":["https:\/\/contextoanalisisperiodistico.com\/wp-content\/uploads\/2026\/04\/IMG-20260430-WA0094-150x150.jpg",150,150,true],"medium":["https:\/\/contextoanalisisperiodistico.com\/wp-content\/uploads\/2026\/04\/IMG-20260430-WA0094-300x175.jpg",300,175,true],"medium_large":["https:\/\/contextoanalisisperiodistico.com\/wp-content\/uploads\/2026\/04\/IMG-20260430-WA0094-768x447.jpg",640,373,true],"large":["https:\/\/contextoanalisisperiodistico.com\/wp-content\/uploads\/2026\/04\/IMG-20260430-WA0094-1024x597.jpg",640,373,true],"1536x1536":["https:\/\/contextoanalisisperiodistico.com\/wp-content\/uploads\/2026\/04\/IMG-20260430-WA0094.jpg",1440,839,false],"2048x2048":["https:\/\/contextoanalisisperiodistico.com\/wp-content\/uploads\/2026\/04\/IMG-20260430-WA0094.jpg",1440,839,false],"covernews-slider-full":["https:\/\/contextoanalisisperiodistico.com\/wp-content\/uploads\/2026\/04\/IMG-20260430-WA0094-1115x715.jpg",1115,715,true],"covernews-slider-center":["https:\/\/contextoanalisisperiodistico.com\/wp-content\/uploads\/2026\/04\/IMG-20260430-WA0094-800x500.jpg",800,500,true],"covernews-featured":["https:\/\/contextoanalisisperiodistico.com\/wp-content\/uploads\/2026\/04\/IMG-20260430-WA0094-1024x597.jpg",1024,597,true],"covernews-medium":["https:\/\/contextoanalisisperiodistico.com\/wp-content\/uploads\/2026\/04\/IMG-20260430-WA0094-540x340.jpg",540,340,true],"covernews-medium-square":["https:\/\/contextoanalisisperiodistico.com\/wp-content\/uploads\/2026\/04\/IMG-20260430-WA0094-400x250.jpg",400,250,true]},"author_info":{"display_name":"Mario Gir\u00f3n","author_link":"https:\/\/contextoanalisisperiodistico.com\/index.php\/author\/director\/"},"category_info":"<a href=\"https:\/\/contextoanalisisperiodistico.com\/index.php\/category\/politica\/\" rel=\"category tag\">Pol\u00edtica<\/a>","tag_info":"Pol\u00edtica","comment_count":"0","jetpack_featured_media_url":"https:\/\/contextoanalisisperiodistico.com\/wp-content\/uploads\/2026\/04\/IMG-20260430-WA0094.jpg","_links":{"self":[{"href":"https:\/\/contextoanalisisperiodistico.com\/index.php\/wp-json\/wp\/v2\/posts\/53313"}],"collection":[{"href":"https:\/\/contextoanalisisperiodistico.com\/index.php\/wp-json\/wp\/v2\/posts"}],"about":[{"href":"https:\/\/contextoanalisisperiodistico.com\/index.php\/wp-json\/wp\/v2\/types\/post"}],"author":[{"embeddable":true,"href":"https:\/\/contextoanalisisperiodistico.com\/index.php\/wp-json\/wp\/v2\/users\/4"}],"replies":[{"embeddable":true,"href":"https:\/\/contextoanalisisperiodistico.com\/index.php\/wp-json\/wp\/v2\/comments?post=53313"}],"version-history":[{"count":0,"href":"https:\/\/contextoanalisisperiodistico.com\/index.php\/wp-json\/wp\/v2\/posts\/53313\/revisions"}],"wp:featuredmedia":[{"embeddable":true,"href":"https:\/\/contextoanalisisperiodistico.com\/index.php\/wp-json\/wp\/v2\/media\/53308"}],"wp:attachment":[{"href":"https:\/\/contextoanalisisperiodistico.com\/index.php\/wp-json\/wp\/v2\/media?parent=53313"}],"wp:term":[{"taxonomy":"category","embeddable":true,"href":"https:\/\/contextoanalisisperiodistico.com\/index.php\/wp-json\/wp\/v2\/categories?post=53313"},{"taxonomy":"post_tag","embeddable":true,"href":"https:\/\/contextoanalisisperiodistico.com\/index.php\/wp-json\/wp\/v2\/tags?post=53313"}],"curies":[{"name":"wp","href":"https:\/\/api.w.org\/{rel}","templated":true}]}}