{"id":53307,"date":"2026-04-30T18:26:10","date_gmt":"2026-05-01T00:26:10","guid":{"rendered":"https:\/\/contextoanalisisperiodistico.com\/index.php\/2026\/04\/30\/brinda-gobierno-de-oaxaca-atencion-medica-a-lesionados-por-accidente-en-la-carretera-juchitan-tehuantepec\/"},"modified":"2026-04-30T18:26:10","modified_gmt":"2026-05-01T00:26:10","slug":"brinda-gobierno-de-oaxaca-atencion-medica-a-lesionados-por-accidente-en-la-carretera-juchitan-tehuantepec","status":"publish","type":"post","link":"https:\/\/contextoanalisisperiodistico.com\/index.php\/2026\/04\/30\/brinda-gobierno-de-oaxaca-atencion-medica-a-lesionados-por-accidente-en-la-carretera-juchitan-tehuantepec\/","title":{"rendered":"Brinda Gobierno de Oaxaca atenci\u00f3n m\u00e9dica a lesionados por accidente en la carretera Juchit\u00e1n-Tehuantepec"},"content":{"rendered":"<div id=\"fb-root\"><\/div>\n\n<p>El Gobierno de Oaxaca en coordinaci\u00f3n con el IMSS-Bienestar brinda atenci\u00f3n m\u00e9dica a las personas que resultaron lesionadas en el accidente de tr\u00e1nsito en la carretera Juchit\u00e1n-Tehuantepec.<\/p>\n\n\n\n<p>Personal m\u00e9dico especializado atiende a seis personas que se encuentran hospitalizadas; en tanto, fueron valoradas por consulta externa y manejo ambulatorio, otras nueve.<\/p>\n\n\n\n<p>El Gobierno del Estado dar\u00e1 continuidad e informar\u00e1 sobre el estado de las y los involucradas en este suceso.<\/p>\n\n\n\n<p>-0-<\/p>\n","protected":false},"excerpt":{"rendered":"<p>El Gobierno de Oaxaca en coordinaci\u00f3n con el IMSS-Bienestar brinda atenci\u00f3n m\u00e9dica a las personas&#8230;<\/p>\n","protected":false},"author":4,"featured_media":53306,"comment_status":"","ping_status":"open","sticky":false,"template":"","format":"standard","meta":{"footnotes":""},"categories":[9],"tags":[316,424],"jetpack_sharing_enabled":true,"featured_image_urls":{"full":["https:\/\/contextoanalisisperiodistico.com\/wp-content\/uploads\/2026\/04\/IMG-20251028-WA0202.jpg",1024,1024,false],"thumbnail":["https:\/\/contextoanalisisperiodistico.com\/wp-content\/uploads\/2026\/04\/IMG-20251028-WA0202-150x150.jpg",150,150,true],"medium":["https:\/\/contextoanalisisperiodistico.com\/wp-content\/uploads\/2026\/04\/IMG-20251028-WA0202-300x300.jpg",300,300,true],"medium_large":["https:\/\/contextoanalisisperiodistico.com\/wp-content\/uploads\/2026\/04\/IMG-20251028-WA0202-768x768.jpg",640,640,true],"large":["https:\/\/contextoanalisisperiodistico.com\/wp-content\/uploads\/2026\/04\/IMG-20251028-WA0202.jpg",640,640,false],"1536x1536":["https:\/\/contextoanalisisperiodistico.com\/wp-content\/uploads\/2026\/04\/IMG-20251028-WA0202.jpg",1024,1024,false],"2048x2048":["https:\/\/contextoanalisisperiodistico.com\/wp-content\/uploads\/2026\/04\/IMG-20251028-WA0202.jpg",1024,1024,false],"covernews-slider-full":["https:\/\/contextoanalisisperiodistico.com\/wp-content\/uploads\/2026\/04\/IMG-20251028-WA0202-1024x715.jpg",1024,715,true],"covernews-slider-center":["https:\/\/contextoanalisisperiodistico.com\/wp-content\/uploads\/2026\/04\/IMG-20251028-WA0202-800x500.jpg",800,500,true],"covernews-featured":["https:\/\/contextoanalisisperiodistico.com\/wp-content\/uploads\/2026\/04\/IMG-20251028-WA0202.jpg",1024,1024,false],"covernews-medium":["https:\/\/contextoanalisisperiodistico.com\/wp-content\/uploads\/2026\/04\/IMG-20251028-WA0202-540x340.jpg",540,340,true],"covernews-medium-square":["https:\/\/contextoanalisisperiodistico.com\/wp-content\/uploads\/2026\/04\/IMG-20251028-WA0202-400x250.jpg",400,250,true]},"author_info":{"display_name":"Mario Gir\u00f3n","author_link":"https:\/\/contextoanalisisperiodistico.com\/index.php\/author\/director\/"},"category_info":"<a href=\"https:\/\/contextoanalisisperiodistico.com\/index.php\/category\/politica\/\" rel=\"category tag\">Pol\u00edtica<\/a>","tag_info":"Pol\u00edtica","comment_count":"0","jetpack_featured_media_url":"https:\/\/contextoanalisisperiodistico.com\/wp-content\/uploads\/2026\/04\/IMG-20251028-WA0202.jpg","_links":{"self":[{"href":"https:\/\/contextoanalisisperiodistico.com\/index.php\/wp-json\/wp\/v2\/posts\/53307"}],"collection":[{"href":"https:\/\/contextoanalisisperiodistico.com\/index.php\/wp-json\/wp\/v2\/posts"}],"about":[{"href":"https:\/\/contextoanalisisperiodistico.com\/index.php\/wp-json\/wp\/v2\/types\/post"}],"author":[{"embeddable":true,"href":"https:\/\/contextoanalisisperiodistico.com\/index.php\/wp-json\/wp\/v2\/users\/4"}],"replies":[{"embeddable":true,"href":"https:\/\/contextoanalisisperiodistico.com\/index.php\/wp-json\/wp\/v2\/comments?post=53307"}],"version-history":[{"count":0,"href":"https:\/\/contextoanalisisperiodistico.com\/index.php\/wp-json\/wp\/v2\/posts\/53307\/revisions"}],"wp:featuredmedia":[{"embeddable":true,"href":"https:\/\/contextoanalisisperiodistico.com\/index.php\/wp-json\/wp\/v2\/media\/53306"}],"wp:attachment":[{"href":"https:\/\/contextoanalisisperiodistico.com\/index.php\/wp-json\/wp\/v2\/media?parent=53307"}],"wp:term":[{"taxonomy":"category","embeddable":true,"href":"https:\/\/contextoanalisisperiodistico.com\/index.php\/wp-json\/wp\/v2\/categories?post=53307"},{"taxonomy":"post_tag","embeddable":true,"href":"https:\/\/contextoanalisisperiodistico.com\/index.php\/wp-json\/wp\/v2\/tags?post=53307"}],"curies":[{"name":"wp","href":"https:\/\/api.w.org\/{rel}","templated":true}]}}