{"id":53303,"date":"2026-04-30T17:14:48","date_gmt":"2026-04-30T23:14:48","guid":{"rendered":"https:\/\/contextoanalisisperiodistico.com\/index.php\/2026\/04\/30\/mujeres-de-juchitan-cuentan-con-un-centro-libre-para-su-atencion-y-bienestar\/"},"modified":"2026-04-30T17:19:26","modified_gmt":"2026-04-30T23:19:26","slug":"mujeres-de-juchitan-cuentan-con-un-centro-libre-para-su-atencion-y-bienestar","status":"publish","type":"post","link":"https:\/\/contextoanalisisperiodistico.com\/index.php\/2026\/04\/30\/mujeres-de-juchitan-cuentan-con-un-centro-libre-para-su-atencion-y-bienestar\/","title":{"rendered":"Mujeres de Juchit\u00e1n cuentan con un Centro LIBRE para su atenci\u00f3n y bienestar"},"content":{"rendered":"<div id=\"fb-root\"><\/div>\n\n<p>\u2022 El Gobernador Salom\u00f3n Jara Cruz inaugur\u00f3 este espacio que brindar\u00e1 servicios jur\u00eddicos, psicol\u00f3gicos, de trabajo social y talleres de capacitaci\u00f3n para la autonom\u00eda econ\u00f3mica y comunitaria de este sector<\/p>\n\n\n\n<figure class=\"wp-block-image size-large\"><img fetchpriority=\"high\" decoding=\"async\" width=\"946\" height=\"622\" src=\"https:\/\/contextoanalisisperiodistico.com\/wp-content\/uploads\/2026\/04\/img-20260430-wa00794774157905501652347.jpg\" alt=\"\" class=\"wp-image-53300\" srcset=\"https:\/\/contextoanalisisperiodistico.com\/wp-content\/uploads\/2026\/04\/img-20260430-wa00794774157905501652347.jpg 946w, https:\/\/contextoanalisisperiodistico.com\/wp-content\/uploads\/2026\/04\/img-20260430-wa00794774157905501652347-300x197.jpg 300w, https:\/\/contextoanalisisperiodistico.com\/wp-content\/uploads\/2026\/04\/img-20260430-wa00794774157905501652347-768x505.jpg 768w\" sizes=\"(max-width: 946px) 100vw, 946px\" \/><\/figure>\n\n\n\n<figure class=\"wp-block-image\"><img decoding=\"async\" width=\"300\" height=\"217\" src=\"https:\/\/contextoanalisisperiodistico.com\/wp-content\/uploads\/2026\/04\/img-20260430-wa00815648956567424418484-300x217.jpg\" alt=\"\" class=\"wp-image-53301\" srcset=\"https:\/\/contextoanalisisperiodistico.com\/wp-content\/uploads\/2026\/04\/img-20260430-wa00815648956567424418484-300x217.jpg 300w, https:\/\/contextoanalisisperiodistico.com\/wp-content\/uploads\/2026\/04\/img-20260430-wa00815648956567424418484-768x555.jpg 768w, https:\/\/contextoanalisisperiodistico.com\/wp-content\/uploads\/2026\/04\/img-20260430-wa00815648956567424418484.jpg 926w\" sizes=\"(max-width: 300px) 100vw, 300px\" \/><\/figure>\n\n\n\n<figure class=\"wp-block-image\"><img decoding=\"async\" width=\"1024\" height=\"683\" src=\"https:\/\/contextoanalisisperiodistico.com\/wp-content\/uploads\/2026\/04\/img-20260430-wa00776594168775467201163-1024x683.jpg\" alt=\"\" class=\"wp-image-53302\" srcset=\"https:\/\/contextoanalisisperiodistico.com\/wp-content\/uploads\/2026\/04\/img-20260430-wa00776594168775467201163-1024x683.jpg 1024w, https:\/\/contextoanalisisperiodistico.com\/wp-content\/uploads\/2026\/04\/img-20260430-wa00776594168775467201163-300x200.jpg 300w, https:\/\/contextoanalisisperiodistico.com\/wp-content\/uploads\/2026\/04\/img-20260430-wa00776594168775467201163-768x512.jpg 768w, https:\/\/contextoanalisisperiodistico.com\/wp-content\/uploads\/2026\/04\/img-20260430-wa00776594168775467201163.jpg 1280w\" sizes=\"(max-width: 1024px) 100vw, 1024px\" \/><\/figure>\n\n\n\n<p>Heroica Ciudad de Juchit\u00e1n de Zaragoza, Oax. 30 de abril de 2026.- El Gobernador Salom\u00f3n Jara Cruz inaugur\u00f3 en este municipio del Istmo de Tehuantepec el Centro LIBRE -Libertad, Igualdad, Bienestar, Redes y Emancipaci\u00f3n-, espacio comunitario de atenci\u00f3n integral para que las mujeres ejerzan todos y cada uno de sus derechos a trav\u00e9s de servicios p\u00fablicos gratuitos.<\/p>\n\n\n\n<p>Ante representantes de los Poderes del Estado y autoridades municipales, el Mandatario estatal destac\u00f3 que en su administraci\u00f3n, las mujeres est\u00e1n en el centro de las pol\u00edticas p\u00fablicas; ya que una transformaci\u00f3n verdadera debe colocar en el foco la dignidad, seguridad y los derechos de este sector, se\u00f1al\u00f3.<\/p>\n\n\n\n<p>\u201cEste espacio surge como respuesta de la Primavera Oaxaque\u00f1a a una deuda hist\u00f3rica con las mujeres. Aqu\u00ed se materializa el compromiso de garantizar a ellas una vida libre de violencia con el acompa\u00f1amiento profesional debido, servicios integrales y redes comunitarias que fortalezcan su autonom\u00eda\u201d, destac\u00f3.<\/p>\n\n\n\n<p>Sostuvo que la violencia contra las mujeres se combate con prevenci\u00f3n, educaci\u00f3n, cambios culturales y espacios como este, en que se construyen nuevas formas de convivencia basadas en el respeto y la igualdad; esfuerzo congruente con la reparaci\u00f3n hist\u00f3rica que se realiza en todo el estado.<\/p>\n\n\n\n<p>En tanto, la titular de la Secretar\u00eda de las Mujeres, Rogelia Gonz\u00e1lez Luis expuso que este Centro LIBRE es un sitio comunitario de atenci\u00f3n integral, impulsado desde el Gobierno de M\u00e9xico y gestionado por el Gobierno del Estado para brindar a las mujeres servicios jur\u00eddicos, psicol\u00f3gicos, de trabajo social y talleres de capacitaci\u00f3n para promover su autonom\u00eda econ\u00f3mica y social.<\/p>\n\n\n\n<p>En 2025, se establecieron 41 centros en el estado y para 2026, se proyecta el funcionamiento de 69, distribuidos en las ocho regiones.<\/p>\n\n\n\n<p>-0-<\/p>\n","protected":false},"excerpt":{"rendered":"<p>\u2022 El Gobernador Salom\u00f3n Jara Cruz inaugur\u00f3 este espacio que brindar\u00e1 servicios jur\u00eddicos, psicol\u00f3gicos, de&#8230;<\/p>\n","protected":false},"author":4,"featured_media":53299,"comment_status":"closed","ping_status":"open","sticky":false,"template":"","format":"standard","meta":{"footnotes":""},"categories":[9],"tags":[316,424],"jetpack_sharing_enabled":true,"featured_image_urls":{"full":["https:\/\/contextoanalisisperiodistico.com\/wp-content\/uploads\/2026\/04\/IMG-20260430-WA0078.jpg",1142,745,false],"thumbnail":["https:\/\/contextoanalisisperiodistico.com\/wp-content\/uploads\/2026\/04\/IMG-20260430-WA0078-150x150.jpg",150,150,true],"medium":["https:\/\/contextoanalisisperiodistico.com\/wp-content\/uploads\/2026\/04\/IMG-20260430-WA0078-300x196.jpg",300,196,true],"medium_large":["https:\/\/contextoanalisisperiodistico.com\/wp-content\/uploads\/2026\/04\/IMG-20260430-WA0078-768x501.jpg",640,418,true],"large":["https:\/\/contextoanalisisperiodistico.com\/wp-content\/uploads\/2026\/04\/IMG-20260430-WA0078-1024x668.jpg",640,418,true],"1536x1536":["https:\/\/contextoanalisisperiodistico.com\/wp-content\/uploads\/2026\/04\/IMG-20260430-WA0078.jpg",1142,745,false],"2048x2048":["https:\/\/contextoanalisisperiodistico.com\/wp-content\/uploads\/2026\/04\/IMG-20260430-WA0078.jpg",1142,745,false],"covernews-slider-full":["https:\/\/contextoanalisisperiodistico.com\/wp-content\/uploads\/2026\/04\/IMG-20260430-WA0078-1115x715.jpg",1115,715,true],"covernews-slider-center":["https:\/\/contextoanalisisperiodistico.com\/wp-content\/uploads\/2026\/04\/IMG-20260430-WA0078-800x500.jpg",800,500,true],"covernews-featured":["https:\/\/contextoanalisisperiodistico.com\/wp-content\/uploads\/2026\/04\/IMG-20260430-WA0078-1024x668.jpg",1024,668,true],"covernews-medium":["https:\/\/contextoanalisisperiodistico.com\/wp-content\/uploads\/2026\/04\/IMG-20260430-WA0078-540x340.jpg",540,340,true],"covernews-medium-square":["https:\/\/contextoanalisisperiodistico.com\/wp-content\/uploads\/2026\/04\/IMG-20260430-WA0078-400x250.jpg",400,250,true]},"author_info":{"display_name":"Mario Gir\u00f3n","author_link":"https:\/\/contextoanalisisperiodistico.com\/index.php\/author\/director\/"},"category_info":"<a href=\"https:\/\/contextoanalisisperiodistico.com\/index.php\/category\/politica\/\" rel=\"category tag\">Pol\u00edtica<\/a>","tag_info":"Pol\u00edtica","comment_count":"0","jetpack_featured_media_url":"https:\/\/contextoanalisisperiodistico.com\/wp-content\/uploads\/2026\/04\/IMG-20260430-WA0078.jpg","_links":{"self":[{"href":"https:\/\/contextoanalisisperiodistico.com\/index.php\/wp-json\/wp\/v2\/posts\/53303"}],"collection":[{"href":"https:\/\/contextoanalisisperiodistico.com\/index.php\/wp-json\/wp\/v2\/posts"}],"about":[{"href":"https:\/\/contextoanalisisperiodistico.com\/index.php\/wp-json\/wp\/v2\/types\/post"}],"author":[{"embeddable":true,"href":"https:\/\/contextoanalisisperiodistico.com\/index.php\/wp-json\/wp\/v2\/users\/4"}],"replies":[{"embeddable":true,"href":"https:\/\/contextoanalisisperiodistico.com\/index.php\/wp-json\/wp\/v2\/comments?post=53303"}],"version-history":[{"count":1,"href":"https:\/\/contextoanalisisperiodistico.com\/index.php\/wp-json\/wp\/v2\/posts\/53303\/revisions"}],"predecessor-version":[{"id":53304,"href":"https:\/\/contextoanalisisperiodistico.com\/index.php\/wp-json\/wp\/v2\/posts\/53303\/revisions\/53304"}],"wp:featuredmedia":[{"embeddable":true,"href":"https:\/\/contextoanalisisperiodistico.com\/index.php\/wp-json\/wp\/v2\/media\/53299"}],"wp:attachment":[{"href":"https:\/\/contextoanalisisperiodistico.com\/index.php\/wp-json\/wp\/v2\/media?parent=53303"}],"wp:term":[{"taxonomy":"category","embeddable":true,"href":"https:\/\/contextoanalisisperiodistico.com\/index.php\/wp-json\/wp\/v2\/categories?post=53303"},{"taxonomy":"post_tag","embeddable":true,"href":"https:\/\/contextoanalisisperiodistico.com\/index.php\/wp-json\/wp\/v2\/tags?post=53303"}],"curies":[{"name":"wp","href":"https:\/\/api.w.org\/{rel}","templated":true}]}}