{"id":53292,"date":"2026-04-30T15:48:25","date_gmt":"2026-04-30T21:48:25","guid":{"rendered":"https:\/\/contextoanalisisperiodistico.com\/index.php\/2026\/04\/30\/avanza-el-plan-juchitan-por-la-paz-la-justicia-y-el-bienestar-con-nuevas-unidades-de-seguridad\/"},"modified":"2026-04-30T15:48:25","modified_gmt":"2026-04-30T21:48:25","slug":"avanza-el-plan-juchitan-por-la-paz-la-justicia-y-el-bienestar-con-nuevas-unidades-de-seguridad","status":"publish","type":"post","link":"https:\/\/contextoanalisisperiodistico.com\/index.php\/2026\/04\/30\/avanza-el-plan-juchitan-por-la-paz-la-justicia-y-el-bienestar-con-nuevas-unidades-de-seguridad\/","title":{"rendered":"Avanza el \u201cPlan Juchit\u00e1n por la paz, la justicia y el bienestar\u201d con nuevas unidades de seguridad"},"content":{"rendered":"<div id=\"fb-root\"><\/div>\n\n<ul class=\"wp-block-list\">\n<li>Estas acciones se desarrollan en el marco del programa \u201cOaxaca Segura\u201d, con el objetivo de continuar atendiendo las causas que generan la violencia en la regi\u00f3n.<\/li>\n<\/ul>\n\n\n\n<figure class=\"wp-block-image size-large\"><img fetchpriority=\"high\" decoding=\"async\" width=\"1024\" height=\"683\" src=\"https:\/\/contextoanalisisperiodistico.com\/wp-content\/uploads\/2026\/04\/img-20260430-wa00434442532278092453857-1024x683.jpg\" alt=\"\" class=\"wp-image-53289\" srcset=\"https:\/\/contextoanalisisperiodistico.com\/wp-content\/uploads\/2026\/04\/img-20260430-wa00434442532278092453857-1024x683.jpg 1024w, https:\/\/contextoanalisisperiodistico.com\/wp-content\/uploads\/2026\/04\/img-20260430-wa00434442532278092453857-300x200.jpg 300w, https:\/\/contextoanalisisperiodistico.com\/wp-content\/uploads\/2026\/04\/img-20260430-wa00434442532278092453857-768x512.jpg 768w, https:\/\/contextoanalisisperiodistico.com\/wp-content\/uploads\/2026\/04\/img-20260430-wa00434442532278092453857.jpg 1280w\" sizes=\"(max-width: 1024px) 100vw, 1024px\" \/><\/figure>\n\n\n\n<figure class=\"wp-block-image\"><img decoding=\"async\" width=\"1024\" height=\"642\" src=\"https:\/\/contextoanalisisperiodistico.com\/wp-content\/uploads\/2026\/04\/img-20260430-wa00448242974266486495398-1024x642.jpg\" alt=\"\" class=\"wp-image-53291\" srcset=\"https:\/\/contextoanalisisperiodistico.com\/wp-content\/uploads\/2026\/04\/img-20260430-wa00448242974266486495398-1024x642.jpg 1024w, https:\/\/contextoanalisisperiodistico.com\/wp-content\/uploads\/2026\/04\/img-20260430-wa00448242974266486495398-300x188.jpg 300w, https:\/\/contextoanalisisperiodistico.com\/wp-content\/uploads\/2026\/04\/img-20260430-wa00448242974266486495398-768x481.jpg 768w, https:\/\/contextoanalisisperiodistico.com\/wp-content\/uploads\/2026\/04\/img-20260430-wa00448242974266486495398-540x340.jpg 540w, https:\/\/contextoanalisisperiodistico.com\/wp-content\/uploads\/2026\/04\/img-20260430-wa00448242974266486495398-400x250.jpg 400w, https:\/\/contextoanalisisperiodistico.com\/wp-content\/uploads\/2026\/04\/img-20260430-wa00448242974266486495398.jpg 1280w\" sizes=\"(max-width: 1024px) 100vw, 1024px\" \/><\/figure>\n\n\n\n<figure class=\"wp-block-image\"><img decoding=\"async\" width=\"300\" height=\"196\" src=\"https:\/\/contextoanalisisperiodistico.com\/wp-content\/uploads\/2026\/04\/img-20260430-wa00465274935689032805283-300x196.jpg\" alt=\"\" class=\"wp-image-53290\" srcset=\"https:\/\/contextoanalisisperiodistico.com\/wp-content\/uploads\/2026\/04\/img-20260430-wa00465274935689032805283-300x196.jpg 300w, https:\/\/contextoanalisisperiodistico.com\/wp-content\/uploads\/2026\/04\/img-20260430-wa00465274935689032805283-768x501.jpg 768w, https:\/\/contextoanalisisperiodistico.com\/wp-content\/uploads\/2026\/04\/img-20260430-wa00465274935689032805283.jpg 922w\" sizes=\"(max-width: 300px) 100vw, 300px\" \/><\/figure>\n\n\n\n<p>Heroica Ciudad de Juchit\u00e1n de Zaragoza, Oax., 30 de abril de 2026.- El Gobernador Salom\u00f3n Jara Cruz realiz\u00f3 la entrega de 11 patrullas y 20 motopatrullas que se integran al \u201cPlan Juchit\u00e1n por la paz, la justicia y el bienestar\u201d, con una inversi\u00f3n de 20 millones de pesos, como parte del fortalecimiento de las acciones de seguridad en el Istmo de Tehuantepec.<\/p>\n\n\n\n<p>Desde esta regi\u00f3n, el Mandatario estatal se\u00f1al\u00f3 que Juchit\u00e1n de Zaragoza se convertir\u00e1 en uno de los municipios prioritarios del estado y del pa\u00eds; para la atenci\u00f3n integral de la seguridad, mediante estrategias enfocadas en la prevenci\u00f3n y el fortalecimiento institucional.<\/p>\n\n\n\n<p>Asimismo, inform\u00f3 que estas acciones se desarrollan en el marco del programa \u201cOaxaca Segura\u201d, con el objetivo de continuar atendiendo las causas que generan la violencia en la regi\u00f3n, reforzando la presencia operativa y la capacidad de respuesta de las corporaciones de seguridad.<\/p>\n\n\n\n<p>La entrega de estas unidades tiene como finalidad contribuir al fortalecimiento operativo de la Secretar\u00eda de Seguridad y Protecci\u00f3n Ciudadana (SSPC), permitiendo que las y los elementos policiales realicen sus funciones de manera eficiente y eficaz, en beneficio de la poblaci\u00f3n.<\/p>\n\n\n\n<p>El Gobierno del Estado reiter\u00f3 que la paz se construye con bienestar, oportunidades y justicia social, como ejes fundamentales para el desarrollo de las comunidades.<\/p>\n\n\n\n<p>-0-<\/p>\n","protected":false},"excerpt":{"rendered":"<p>Heroica Ciudad de Juchit\u00e1n de Zaragoza, Oax., 30 de abril de 2026.- El Gobernador Salom\u00f3n&#8230;<\/p>\n","protected":false},"author":4,"featured_media":53288,"comment_status":"","ping_status":"open","sticky":false,"template":"","format":"standard","meta":{"footnotes":""},"categories":[9],"tags":[316,424],"jetpack_sharing_enabled":true,"featured_image_urls":{"full":["https:\/\/contextoanalisisperiodistico.com\/wp-content\/uploads\/2026\/04\/IMG-20260430-WA0045.jpg",940,605,false],"thumbnail":["https:\/\/contextoanalisisperiodistico.com\/wp-content\/uploads\/2026\/04\/IMG-20260430-WA0045-150x150.jpg",150,150,true],"medium":["https:\/\/contextoanalisisperiodistico.com\/wp-content\/uploads\/2026\/04\/IMG-20260430-WA0045-300x193.jpg",300,193,true],"medium_large":["https:\/\/contextoanalisisperiodistico.com\/wp-content\/uploads\/2026\/04\/IMG-20260430-WA0045-768x494.jpg",640,412,true],"large":["https:\/\/contextoanalisisperiodistico.com\/wp-content\/uploads\/2026\/04\/IMG-20260430-WA0045.jpg",640,412,false],"1536x1536":["https:\/\/contextoanalisisperiodistico.com\/wp-content\/uploads\/2026\/04\/IMG-20260430-WA0045.jpg",940,605,false],"2048x2048":["https:\/\/contextoanalisisperiodistico.com\/wp-content\/uploads\/2026\/04\/IMG-20260430-WA0045.jpg",940,605,false],"covernews-slider-full":["https:\/\/contextoanalisisperiodistico.com\/wp-content\/uploads\/2026\/04\/IMG-20260430-WA0045.jpg",940,605,false],"covernews-slider-center":["https:\/\/contextoanalisisperiodistico.com\/wp-content\/uploads\/2026\/04\/IMG-20260430-WA0045-800x500.jpg",800,500,true],"covernews-featured":["https:\/\/contextoanalisisperiodistico.com\/wp-content\/uploads\/2026\/04\/IMG-20260430-WA0045.jpg",940,605,false],"covernews-medium":["https:\/\/contextoanalisisperiodistico.com\/wp-content\/uploads\/2026\/04\/IMG-20260430-WA0045-540x340.jpg",540,340,true],"covernews-medium-square":["https:\/\/contextoanalisisperiodistico.com\/wp-content\/uploads\/2026\/04\/IMG-20260430-WA0045-400x250.jpg",400,250,true]},"author_info":{"display_name":"Mario Gir\u00f3n","author_link":"https:\/\/contextoanalisisperiodistico.com\/index.php\/author\/director\/"},"category_info":"<a href=\"https:\/\/contextoanalisisperiodistico.com\/index.php\/category\/politica\/\" rel=\"category tag\">Pol\u00edtica<\/a>","tag_info":"Pol\u00edtica","comment_count":"0","jetpack_featured_media_url":"https:\/\/contextoanalisisperiodistico.com\/wp-content\/uploads\/2026\/04\/IMG-20260430-WA0045.jpg","_links":{"self":[{"href":"https:\/\/contextoanalisisperiodistico.com\/index.php\/wp-json\/wp\/v2\/posts\/53292"}],"collection":[{"href":"https:\/\/contextoanalisisperiodistico.com\/index.php\/wp-json\/wp\/v2\/posts"}],"about":[{"href":"https:\/\/contextoanalisisperiodistico.com\/index.php\/wp-json\/wp\/v2\/types\/post"}],"author":[{"embeddable":true,"href":"https:\/\/contextoanalisisperiodistico.com\/index.php\/wp-json\/wp\/v2\/users\/4"}],"replies":[{"embeddable":true,"href":"https:\/\/contextoanalisisperiodistico.com\/index.php\/wp-json\/wp\/v2\/comments?post=53292"}],"version-history":[{"count":0,"href":"https:\/\/contextoanalisisperiodistico.com\/index.php\/wp-json\/wp\/v2\/posts\/53292\/revisions"}],"wp:featuredmedia":[{"embeddable":true,"href":"https:\/\/contextoanalisisperiodistico.com\/index.php\/wp-json\/wp\/v2\/media\/53288"}],"wp:attachment":[{"href":"https:\/\/contextoanalisisperiodistico.com\/index.php\/wp-json\/wp\/v2\/media?parent=53292"}],"wp:term":[{"taxonomy":"category","embeddable":true,"href":"https:\/\/contextoanalisisperiodistico.com\/index.php\/wp-json\/wp\/v2\/categories?post=53292"},{"taxonomy":"post_tag","embeddable":true,"href":"https:\/\/contextoanalisisperiodistico.com\/index.php\/wp-json\/wp\/v2\/tags?post=53292"}],"curies":[{"name":"wp","href":"https:\/\/api.w.org\/{rel}","templated":true}]}}