{"id":53284,"date":"2026-04-30T12:48:27","date_gmt":"2026-04-30T18:48:27","guid":{"rendered":"https:\/\/contextoanalisisperiodistico.com\/index.php\/2026\/04\/30\/atentado-a-la-historia-de-oaxaca-empresario-pretende-desalojar-puesto-de-periodicos-con-58-anos-de-tradicion\/"},"modified":"2026-04-30T12:48:27","modified_gmt":"2026-04-30T18:48:27","slug":"atentado-a-la-historia-de-oaxaca-empresario-pretende-desalojar-puesto-de-periodicos-con-58-anos-de-tradicion","status":"publish","type":"post","link":"https:\/\/contextoanalisisperiodistico.com\/index.php\/2026\/04\/30\/atentado-a-la-historia-de-oaxaca-empresario-pretende-desalojar-puesto-de-periodicos-con-58-anos-de-tradicion\/","title":{"rendered":"Atentado a la historia de Oaxaca: Empresario pretende desalojar puesto de peri\u00f3dicos con 58 a\u00f1os de tradici\u00f3n"},"content":{"rendered":"<div id=\"fb-root\"><\/div>\n\n<p>En un acto ilegal, que atenta contra la libertad de expresi\u00f3n y el derecho a la informaci\u00f3n, un nuevo empresario restaurantero pretende desalojar del Portal de Las Flores, del centro de la Ciudad de Oaxaca de Ju\u00e1rez, a los se\u00f1ores Silvio Victoria Guti\u00e9rrez y su esposa Antonia, de un espacio que han ocupado por m\u00e1s de 58 a\u00f1os para la venta de peri\u00f3dicos, libros y revistas.<br \/>Dice el empresario que el puesto \u201cafea\u201d la imagen del Portal y que la caseta de peri\u00f3dicos, libros y revistas da\u00f1a las paredes del edificio, porque no sabe que esa caseta fue dise\u00f1ada y aprobada por la autoridad municipal hace a\u00f1os para dar un espacio digno a los expendedores. Pero, adem\u00e1s, \u00bfes que acaso la instalaci\u00f3n de una cocina en un espacio tan peque\u00f1o, el local que ocupaba la tienda de ropa El Cant\u00e1brico, no representa un peligro para los transe\u00fantes y visitantes del Portal? \u00bfEl horno de lena instalado no contamina, ni es un riesgo para clientes y turistas? \u00bfLa basura y desperdicios que genera no afectan la salud de los visitantes? \u00bfLa remodelaci\u00f3n del espacio para instalar una cocina, barra y dem\u00e1s no afecta la imagen del inmueble?<br \/>El empresario presume que el presidente municipal Raymundo Chagoya Villanueva es su mozo de estoques y que de un momento a otro va a quitar el puesto para tener un espacio mayor de venta de su comida, porque la verdad no le preocupa la imagen del Centro Hist\u00f3rico y, principalmente, de los portales del Z\u00f3calo, ya que lo \u00fanico que lo motiva es poder sacar todas sus sillas y mesas posibles para su negocio.<br \/>Aunque tenga que borrar a\u00f1os de historia de la ciudad ya que ese puesto de peri\u00f3dicos, libros y revistas forma parte del anecdotario de la ciudad, porque los clientes m\u00e1s asiduos del local fueron y son pol\u00edticos de todas las corrientes ideol\u00f3gicas del estado, artistas como Francisco Toledo, empresarios de todos los ramos como el se\u00f1or Alfredo Harpo Hel\u00fa, profesionistas y estudiantes, que siguen adquiriendo libros, revistas y peri\u00f3dicos. El mismo gobernador Salom\u00f3n Jara Cruz ha sido asiduo cliente de este espacio durante mucho tiempo.<br \/>Y un recordatorio, en honor de una verdadera dama. Do\u00f1a Lidia Garc\u00eda, due\u00f1a del espacio donde hace un a\u00f1o se abri\u00f3 el restaurante. Ella nunca pidi\u00f3 que el puesto fuera removido; por el contrario, siempre apoyo a los expendedores y a mucha gente necesitada por su gran calidad humana, aunque sin duda la bondad no se hereda, ni traspasa.<\/p>\n\n\n\n<figure class=\"wp-block-image size-large\"><img fetchpriority=\"high\" decoding=\"async\" width=\"1024\" height=\"576\" src=\"https:\/\/contextoanalisisperiodistico.com\/wp-content\/uploads\/2026\/04\/img-20260430-wa00293573331086878139045-1024x576.jpg\" alt=\"\" class=\"wp-image-53283\" srcset=\"https:\/\/contextoanalisisperiodistico.com\/wp-content\/uploads\/2026\/04\/img-20260430-wa00293573331086878139045-1024x576.jpg 1024w, https:\/\/contextoanalisisperiodistico.com\/wp-content\/uploads\/2026\/04\/img-20260430-wa00293573331086878139045-300x169.jpg 300w, https:\/\/contextoanalisisperiodistico.com\/wp-content\/uploads\/2026\/04\/img-20260430-wa00293573331086878139045-768x432.jpg 768w, https:\/\/contextoanalisisperiodistico.com\/wp-content\/uploads\/2026\/04\/img-20260430-wa00293573331086878139045-1536x864.jpg 1536w, https:\/\/contextoanalisisperiodistico.com\/wp-content\/uploads\/2026\/04\/img-20260430-wa00293573331086878139045.jpg 1600w\" sizes=\"(max-width: 1024px) 100vw, 1024px\" \/><\/figure>\n","protected":false},"excerpt":{"rendered":"<p>En un acto ilegal, que atenta contra la libertad de expresi\u00f3n y el derecho a&#8230;<\/p>\n","protected":false},"author":4,"featured_media":53282,"comment_status":"","ping_status":"open","sticky":false,"template":"","format":"standard","meta":{"footnotes":""},"categories":[9],"tags":[316,238,353,398,459,22,178,424],"jetpack_sharing_enabled":true,"featured_image_urls":{"full":["https:\/\/contextoanalisisperiodistico.com\/wp-content\/uploads\/2026\/04\/IMG-20260430-WA0030.jpg",1600,900,false],"thumbnail":["https:\/\/contextoanalisisperiodistico.com\/wp-content\/uploads\/2026\/04\/IMG-20260430-WA0030-150x150.jpg",150,150,true],"medium":["https:\/\/contextoanalisisperiodistico.com\/wp-content\/uploads\/2026\/04\/IMG-20260430-WA0030-300x169.jpg",300,169,true],"medium_large":["https:\/\/contextoanalisisperiodistico.com\/wp-content\/uploads\/2026\/04\/IMG-20260430-WA0030-768x432.jpg",640,360,true],"large":["https:\/\/contextoanalisisperiodistico.com\/wp-content\/uploads\/2026\/04\/IMG-20260430-WA0030-1024x576.jpg",640,360,true],"1536x1536":["https:\/\/contextoanalisisperiodistico.com\/wp-content\/uploads\/2026\/04\/IMG-20260430-WA0030-1536x864.jpg",1536,864,true],"2048x2048":["https:\/\/contextoanalisisperiodistico.com\/wp-content\/uploads\/2026\/04\/IMG-20260430-WA0030.jpg",1600,900,false],"covernews-slider-full":["https:\/\/contextoanalisisperiodistico.com\/wp-content\/uploads\/2026\/04\/IMG-20260430-WA0030-1115x715.jpg",1115,715,true],"covernews-slider-center":["https:\/\/contextoanalisisperiodistico.com\/wp-content\/uploads\/2026\/04\/IMG-20260430-WA0030-800x500.jpg",800,500,true],"covernews-featured":["https:\/\/contextoanalisisperiodistico.com\/wp-content\/uploads\/2026\/04\/IMG-20260430-WA0030-1024x576.jpg",1024,576,true],"covernews-medium":["https:\/\/contextoanalisisperiodistico.com\/wp-content\/uploads\/2026\/04\/IMG-20260430-WA0030-540x340.jpg",540,340,true],"covernews-medium-square":["https:\/\/contextoanalisisperiodistico.com\/wp-content\/uploads\/2026\/04\/IMG-20260430-WA0030-400x250.jpg",400,250,true]},"author_info":{"display_name":"Mario Gir\u00f3n","author_link":"https:\/\/contextoanalisisperiodistico.com\/index.php\/author\/director\/"},"category_info":"<a href=\"https:\/\/contextoanalisisperiodistico.com\/index.php\/category\/politica\/\" rel=\"category tag\">Pol\u00edtica<\/a>","tag_info":"Pol\u00edtica","comment_count":"0","jetpack_featured_media_url":"https:\/\/contextoanalisisperiodistico.com\/wp-content\/uploads\/2026\/04\/IMG-20260430-WA0030.jpg","_links":{"self":[{"href":"https:\/\/contextoanalisisperiodistico.com\/index.php\/wp-json\/wp\/v2\/posts\/53284"}],"collection":[{"href":"https:\/\/contextoanalisisperiodistico.com\/index.php\/wp-json\/wp\/v2\/posts"}],"about":[{"href":"https:\/\/contextoanalisisperiodistico.com\/index.php\/wp-json\/wp\/v2\/types\/post"}],"author":[{"embeddable":true,"href":"https:\/\/contextoanalisisperiodistico.com\/index.php\/wp-json\/wp\/v2\/users\/4"}],"replies":[{"embeddable":true,"href":"https:\/\/contextoanalisisperiodistico.com\/index.php\/wp-json\/wp\/v2\/comments?post=53284"}],"version-history":[{"count":0,"href":"https:\/\/contextoanalisisperiodistico.com\/index.php\/wp-json\/wp\/v2\/posts\/53284\/revisions"}],"wp:featuredmedia":[{"embeddable":true,"href":"https:\/\/contextoanalisisperiodistico.com\/index.php\/wp-json\/wp\/v2\/media\/53282"}],"wp:attachment":[{"href":"https:\/\/contextoanalisisperiodistico.com\/index.php\/wp-json\/wp\/v2\/media?parent=53284"}],"wp:term":[{"taxonomy":"category","embeddable":true,"href":"https:\/\/contextoanalisisperiodistico.com\/index.php\/wp-json\/wp\/v2\/categories?post=53284"},{"taxonomy":"post_tag","embeddable":true,"href":"https:\/\/contextoanalisisperiodistico.com\/index.php\/wp-json\/wp\/v2\/tags?post=53284"}],"curies":[{"name":"wp","href":"https:\/\/api.w.org\/{rel}","templated":true}]}}