{"id":53274,"date":"2026-04-30T10:52:59","date_gmt":"2026-04-30T16:52:59","guid":{"rendered":"https:\/\/contextoanalisisperiodistico.com\/index.php\/2026\/04\/30\/farid-acevedo-oficializa-candidatura-a-la-rectoria-de-la-uabjo-con-respaldo-masivo\/"},"modified":"2026-04-30T12:38:41","modified_gmt":"2026-04-30T18:38:41","slug":"farid-acevedo-oficializa-candidatura-a-la-rectoria-de-la-uabjo-con-respaldo-masivo","status":"publish","type":"post","link":"https:\/\/contextoanalisisperiodistico.com\/index.php\/2026\/04\/30\/farid-acevedo-oficializa-candidatura-a-la-rectoria-de-la-uabjo-con-respaldo-masivo\/","title":{"rendered":"Farid Acevedo oficializa candidatura a la rector\u00eda de la UABJO con respaldo masivo"},"content":{"rendered":"<div id=\"fb-root\"><\/div>\n\n<p>*Bajo un llamado a la unidad y la civilidad, el aspirante, registra su candidatura a la rector\u00eda de la UABJO con respaldo masivo y una propuesta de unidad econ\u00f3mica y social.<\/p>\n\n\n\n<p>*Farid Acevedo arranca campa\u00f1a con un llamado a la unidad: \u00abAqu\u00ed todos cabemos\u00bb<\/p>\n\n\n\n<figure class=\"wp-block-image size-large\"><img fetchpriority=\"high\" decoding=\"async\" width=\"720\" height=\"408\" src=\"https:\/\/contextoanalisisperiodistico.com\/wp-content\/uploads\/2026\/04\/img_20260430_1037547247724304258825730.jpg\" alt=\"\" class=\"wp-image-53271\" srcset=\"https:\/\/contextoanalisisperiodistico.com\/wp-content\/uploads\/2026\/04\/img_20260430_1037547247724304258825730.jpg 720w, https:\/\/contextoanalisisperiodistico.com\/wp-content\/uploads\/2026\/04\/img_20260430_1037547247724304258825730-300x170.jpg 300w\" sizes=\"(max-width: 720px) 100vw, 720px\" \/><\/figure>\n\n\n\n<figure class=\"wp-block-image\"><img decoding=\"async\" width=\"300\" height=\"176\" src=\"https:\/\/contextoanalisisperiodistico.com\/wp-content\/uploads\/2026\/04\/img_20260430_1037048048005346247764685-300x176.jpg\" alt=\"\" class=\"wp-image-53272\" srcset=\"https:\/\/contextoanalisisperiodistico.com\/wp-content\/uploads\/2026\/04\/img_20260430_1037048048005346247764685-300x176.jpg 300w, https:\/\/contextoanalisisperiodistico.com\/wp-content\/uploads\/2026\/04\/img_20260430_1037048048005346247764685.jpg 704w\" sizes=\"(max-width: 300px) 100vw, 300px\" \/><\/figure>\n\n\n\n<figure class=\"wp-block-image\"><img decoding=\"async\" width=\"701\" height=\"1024\" src=\"https:\/\/contextoanalisisperiodistico.com\/wp-content\/uploads\/2026\/04\/img_20260430_1034242077820986021009444-701x1024.jpg\" alt=\"\" class=\"wp-image-53273\" srcset=\"https:\/\/contextoanalisisperiodistico.com\/wp-content\/uploads\/2026\/04\/img_20260430_1034242077820986021009444-701x1024.jpg 701w, https:\/\/contextoanalisisperiodistico.com\/wp-content\/uploads\/2026\/04\/img_20260430_1034242077820986021009444-205x300.jpg 205w, https:\/\/contextoanalisisperiodistico.com\/wp-content\/uploads\/2026\/04\/img_20260430_1034242077820986021009444.jpg 706w\" sizes=\"(max-width: 701px) 100vw, 701px\" \/><\/figure>\n\n\n\n<p>Mario GIR\u00d3N <\/p>\n\n\n\n<p>OAXACA, OAX. \u2014 En un evento que demostr\u00f3 m\u00fasculo pol\u00edtico y unidad institucional, Farid Acevedo formaliz\u00f3 su candidatura a la rector\u00eda de la Universidad Aut\u00f3noma \u201cBenito Ju\u00e1rez\u201d de Oaxaca (UABJO). Ante una multitud conformada por docentes, estudiantes, administrativos y la fuerza sindical, el aspirante se posicion\u00f3 como el proyecto de la \u00ababrumadora mayor\u00eda\u00bb.<br \/>Con un discurso centrado en la inclusi\u00f3n y el fortalecimiento institucional, Acevedo subray\u00f3 que su administraci\u00f3n no dejar\u00e1 a nadie fuera:<br \/>\u00abEn este proyecto, todos cabemos y todos tenemos un espacio en la universidad. La suma de voluntades es lo que nos har\u00e1 fuertes\u00bb, puntualiz\u00f3 el candidato ante los miles de simpatizantes que se dieron cita para respaldar su registro.<br \/>Identidad universitaria y solvencia econ\u00f3mica<br \/>Universitario de cepa, Acevedo record\u00f3 su paso por la instituci\u00f3n desde la preparatoria hasta su consolidaci\u00f3n como catedr\u00e1tico en la Facultad de Contadur\u00eda y Administraci\u00f3n a partir de 2006. Esta trayectoria, asegur\u00f3, le permite conocer de primera mano las carencias y el potencial de la M\u00e1xima Casa de Estudios.<br \/>Durante su intervenci\u00f3n, destac\u00f3 que uno de los ejes rectores de su propuesta ser\u00e1 la gesti\u00f3n financiera estrat\u00e9gica. Para Acevedo, la prioridad inmediata es potenciar la capacidad econ\u00f3mica de la UABJO, factor que considera determinante para modernizar la infraestructura y cumplir con las exigencias acad\u00e9micas del presente.<br \/>Finalmente, el candidato hizo un exhorto a la comunidad para llevar a cabo una&nbsp; contienda ejemplar:<br \/>Democracia participativa: Invit\u00f3 a todos los sectores a votar de manera libre.<br \/>Civilidad: Pidi\u00f3 respeto mutuo entre los diferentes grupos universitarios.<br \/>Visi\u00f3n de futuro: Enfocarse en soluciones reales para el desarrollo de la entidad.<\/p>\n\n\n\n<figure class=\"wp-block-image size-large\"><img loading=\"lazy\" decoding=\"async\" width=\"1024\" height=\"768\" src=\"https:\/\/contextoanalisisperiodistico.com\/wp-content\/uploads\/2026\/04\/fb_img_17775738528472296748997751113487-1024x768.jpg\" alt=\"\" class=\"wp-image-53275\" srcset=\"https:\/\/contextoanalisisperiodistico.com\/wp-content\/uploads\/2026\/04\/fb_img_17775738528472296748997751113487-1024x768.jpg 1024w, https:\/\/contextoanalisisperiodistico.com\/wp-content\/uploads\/2026\/04\/fb_img_17775738528472296748997751113487-300x225.jpg 300w, https:\/\/contextoanalisisperiodistico.com\/wp-content\/uploads\/2026\/04\/fb_img_17775738528472296748997751113487-768x576.jpg 768w, https:\/\/contextoanalisisperiodistico.com\/wp-content\/uploads\/2026\/04\/fb_img_17775738528472296748997751113487.jpg 1280w\" sizes=\"(max-width: 1024px) 100vw, 1024px\" \/><\/figure>\n\n\n\n<figure class=\"wp-block-image\"><img loading=\"lazy\" decoding=\"async\" width=\"1024\" height=\"684\" src=\"https:\/\/contextoanalisisperiodistico.com\/wp-content\/uploads\/2026\/04\/fb_img_17775739167228542269955616890453-1024x684.jpg\" alt=\"\" class=\"wp-image-53279\" srcset=\"https:\/\/contextoanalisisperiodistico.com\/wp-content\/uploads\/2026\/04\/fb_img_17775739167228542269955616890453-1024x684.jpg 1024w, https:\/\/contextoanalisisperiodistico.com\/wp-content\/uploads\/2026\/04\/fb_img_17775739167228542269955616890453-300x200.jpg 300w, https:\/\/contextoanalisisperiodistico.com\/wp-content\/uploads\/2026\/04\/fb_img_17775739167228542269955616890453-768x513.jpg 768w, https:\/\/contextoanalisisperiodistico.com\/wp-content\/uploads\/2026\/04\/fb_img_17775739167228542269955616890453-1536x1026.jpg 1536w, https:\/\/contextoanalisisperiodistico.com\/wp-content\/uploads\/2026\/04\/fb_img_17775739167228542269955616890453.jpg 2000w\" sizes=\"(max-width: 1024px) 100vw, 1024px\" \/><\/figure>\n\n\n\n<figure class=\"wp-block-image\"><img loading=\"lazy\" decoding=\"async\" width=\"1024\" height=\"576\" src=\"https:\/\/contextoanalisisperiodistico.com\/wp-content\/uploads\/2026\/04\/fb_img_17775738716973943740858413458811-1024x576.jpg\" alt=\"\" class=\"wp-image-53276\" srcset=\"https:\/\/contextoanalisisperiodistico.com\/wp-content\/uploads\/2026\/04\/fb_img_17775738716973943740858413458811-1024x576.jpg 1024w, https:\/\/contextoanalisisperiodistico.com\/wp-content\/uploads\/2026\/04\/fb_img_17775738716973943740858413458811-300x169.jpg 300w, https:\/\/contextoanalisisperiodistico.com\/wp-content\/uploads\/2026\/04\/fb_img_17775738716973943740858413458811-768x432.jpg 768w, https:\/\/contextoanalisisperiodistico.com\/wp-content\/uploads\/2026\/04\/fb_img_17775738716973943740858413458811.jpg 1280w\" sizes=\"(max-width: 1024px) 100vw, 1024px\" \/><\/figure>\n\n\n\n<figure class=\"wp-block-image\"><img loading=\"lazy\" decoding=\"async\" width=\"1024\" height=\"768\" src=\"https:\/\/contextoanalisisperiodistico.com\/wp-content\/uploads\/2026\/04\/fb_img_17775739323137543272006237408245-1024x768.jpg\" alt=\"\" class=\"wp-image-53277\" srcset=\"https:\/\/contextoanalisisperiodistico.com\/wp-content\/uploads\/2026\/04\/fb_img_17775739323137543272006237408245-1024x768.jpg 1024w, https:\/\/contextoanalisisperiodistico.com\/wp-content\/uploads\/2026\/04\/fb_img_17775739323137543272006237408245-300x225.jpg 300w, https:\/\/contextoanalisisperiodistico.com\/wp-content\/uploads\/2026\/04\/fb_img_17775739323137543272006237408245-768x576.jpg 768w, https:\/\/contextoanalisisperiodistico.com\/wp-content\/uploads\/2026\/04\/fb_img_17775739323137543272006237408245.jpg 1280w\" sizes=\"(max-width: 1024px) 100vw, 1024px\" \/><\/figure>\n\n\n\n<figure class=\"wp-block-image\"><img loading=\"lazy\" decoding=\"async\" width=\"1024\" height=\"754\" src=\"https:\/\/contextoanalisisperiodistico.com\/wp-content\/uploads\/2026\/04\/fb_img_17775738646788665557641004367246-1024x754.jpg\" alt=\"\" class=\"wp-image-53278\" srcset=\"https:\/\/contextoanalisisperiodistico.com\/wp-content\/uploads\/2026\/04\/fb_img_17775738646788665557641004367246-1024x754.jpg 1024w, https:\/\/contextoanalisisperiodistico.com\/wp-content\/uploads\/2026\/04\/fb_img_17775738646788665557641004367246-300x221.jpg 300w, https:\/\/contextoanalisisperiodistico.com\/wp-content\/uploads\/2026\/04\/fb_img_17775738646788665557641004367246-768x566.jpg 768w, https:\/\/contextoanalisisperiodistico.com\/wp-content\/uploads\/2026\/04\/fb_img_17775738646788665557641004367246.jpg 1200w\" sizes=\"(max-width: 1024px) 100vw, 1024px\" \/><\/figure>\n","protected":false},"excerpt":{"rendered":"<p>*Bajo un llamado a la unidad y la civilidad, el aspirante, registra su candidatura a&#8230;<\/p>\n","protected":false},"author":4,"featured_media":53281,"comment_status":"closed","ping_status":"open","sticky":false,"template":"","format":"standard","meta":{"footnotes":""},"categories":[9],"tags":[458,456,22,457,455],"jetpack_sharing_enabled":true,"featured_image_urls":{"full":["https:\/\/contextoanalisisperiodistico.com\/wp-content\/uploads\/2026\/04\/FB_IMG_1777573852847.jpg",1280,960,false],"thumbnail":["https:\/\/contextoanalisisperiodistico.com\/wp-content\/uploads\/2026\/04\/FB_IMG_1777573852847-150x150.jpg",150,150,true],"medium":["https:\/\/contextoanalisisperiodistico.com\/wp-content\/uploads\/2026\/04\/FB_IMG_1777573852847-300x225.jpg",300,225,true],"medium_large":["https:\/\/contextoanalisisperiodistico.com\/wp-content\/uploads\/2026\/04\/FB_IMG_1777573852847-768x576.jpg",640,480,true],"large":["https:\/\/contextoanalisisperiodistico.com\/wp-content\/uploads\/2026\/04\/FB_IMG_1777573852847-1024x768.jpg",640,480,true],"1536x1536":["https:\/\/contextoanalisisperiodistico.com\/wp-content\/uploads\/2026\/04\/FB_IMG_1777573852847.jpg",1280,960,false],"2048x2048":["https:\/\/contextoanalisisperiodistico.com\/wp-content\/uploads\/2026\/04\/FB_IMG_1777573852847.jpg",1280,960,false],"covernews-slider-full":["https:\/\/contextoanalisisperiodistico.com\/wp-content\/uploads\/2026\/04\/FB_IMG_1777573852847-1115x715.jpg",1115,715,true],"covernews-slider-center":["https:\/\/contextoanalisisperiodistico.com\/wp-content\/uploads\/2026\/04\/FB_IMG_1777573852847-800x500.jpg",800,500,true],"covernews-featured":["https:\/\/contextoanalisisperiodistico.com\/wp-content\/uploads\/2026\/04\/FB_IMG_1777573852847-1024x768.jpg",1024,768,true],"covernews-medium":["https:\/\/contextoanalisisperiodistico.com\/wp-content\/uploads\/2026\/04\/FB_IMG_1777573852847-540x340.jpg",540,340,true],"covernews-medium-square":["https:\/\/contextoanalisisperiodistico.com\/wp-content\/uploads\/2026\/04\/FB_IMG_1777573852847-400x250.jpg",400,250,true]},"author_info":{"display_name":"Mario Gir\u00f3n","author_link":"https:\/\/contextoanalisisperiodistico.com\/index.php\/author\/director\/"},"category_info":"<a href=\"https:\/\/contextoanalisisperiodistico.com\/index.php\/category\/politica\/\" rel=\"category tag\">Pol\u00edtica<\/a>","tag_info":"Pol\u00edtica","comment_count":"0","jetpack_featured_media_url":"https:\/\/contextoanalisisperiodistico.com\/wp-content\/uploads\/2026\/04\/FB_IMG_1777573852847.jpg","_links":{"self":[{"href":"https:\/\/contextoanalisisperiodistico.com\/index.php\/wp-json\/wp\/v2\/posts\/53274"}],"collection":[{"href":"https:\/\/contextoanalisisperiodistico.com\/index.php\/wp-json\/wp\/v2\/posts"}],"about":[{"href":"https:\/\/contextoanalisisperiodistico.com\/index.php\/wp-json\/wp\/v2\/types\/post"}],"author":[{"embeddable":true,"href":"https:\/\/contextoanalisisperiodistico.com\/index.php\/wp-json\/wp\/v2\/users\/4"}],"replies":[{"embeddable":true,"href":"https:\/\/contextoanalisisperiodistico.com\/index.php\/wp-json\/wp\/v2\/comments?post=53274"}],"version-history":[{"count":1,"href":"https:\/\/contextoanalisisperiodistico.com\/index.php\/wp-json\/wp\/v2\/posts\/53274\/revisions"}],"predecessor-version":[{"id":53280,"href":"https:\/\/contextoanalisisperiodistico.com\/index.php\/wp-json\/wp\/v2\/posts\/53274\/revisions\/53280"}],"wp:featuredmedia":[{"embeddable":true,"href":"https:\/\/contextoanalisisperiodistico.com\/index.php\/wp-json\/wp\/v2\/media\/53281"}],"wp:attachment":[{"href":"https:\/\/contextoanalisisperiodistico.com\/index.php\/wp-json\/wp\/v2\/media?parent=53274"}],"wp:term":[{"taxonomy":"category","embeddable":true,"href":"https:\/\/contextoanalisisperiodistico.com\/index.php\/wp-json\/wp\/v2\/categories?post=53274"},{"taxonomy":"post_tag","embeddable":true,"href":"https:\/\/contextoanalisisperiodistico.com\/index.php\/wp-json\/wp\/v2\/tags?post=53274"}],"curies":[{"name":"wp","href":"https:\/\/api.w.org\/{rel}","templated":true}]}}