{"id":53269,"date":"2026-04-29T17:19:37","date_gmt":"2026-04-29T23:19:37","guid":{"rendered":"https:\/\/contextoanalisisperiodistico.com\/index.php\/2026\/04\/29\/oaxaca-de-juarez-y-el-aifa-firman-convenio-para-fortalecer-la-promocion-turistica\/"},"modified":"2026-04-29T17:19:37","modified_gmt":"2026-04-29T23:19:37","slug":"oaxaca-de-juarez-y-el-aifa-firman-convenio-para-fortalecer-la-promocion-turistica","status":"publish","type":"post","link":"https:\/\/contextoanalisisperiodistico.com\/index.php\/2026\/04\/29\/oaxaca-de-juarez-y-el-aifa-firman-convenio-para-fortalecer-la-promocion-turistica\/","title":{"rendered":"Oaxaca de Ju\u00e1rez y el AIFA firman convenio para fortalecer la promoci\u00f3n tur\u00edstica"},"content":{"rendered":"<div id=\"fb-root\"><\/div>\n\n<p>En el marco del Tianguis Tur\u00edstico de M\u00e9xico, realizado en el puerto de Acapulco, Guerrero, se anunci\u00f3 el convenio de colaboraci\u00f3n con el Aeropuerto Internacional Felipe \u00c1ngeles (AIFA), para fortalecer la promoci\u00f3n tur\u00edstica de Oaxaca de Ju\u00e1rez en este importante punto de conexi\u00f3n nacional e internacional.<\/p>\n\n\n\n<figure class=\"wp-block-image size-large\"><img fetchpriority=\"high\" decoding=\"async\" width=\"1024\" height=\"768\" src=\"https:\/\/contextoanalisisperiodistico.com\/wp-content\/uploads\/2026\/04\/img-20260429-wa01078941750363454460575-1024x768.jpg\" alt=\"\" class=\"wp-image-53268\" srcset=\"https:\/\/contextoanalisisperiodistico.com\/wp-content\/uploads\/2026\/04\/img-20260429-wa01078941750363454460575-1024x768.jpg 1024w, https:\/\/contextoanalisisperiodistico.com\/wp-content\/uploads\/2026\/04\/img-20260429-wa01078941750363454460575-300x225.jpg 300w, https:\/\/contextoanalisisperiodistico.com\/wp-content\/uploads\/2026\/04\/img-20260429-wa01078941750363454460575-768x576.jpg 768w, https:\/\/contextoanalisisperiodistico.com\/wp-content\/uploads\/2026\/04\/img-20260429-wa01078941750363454460575.jpg 1080w\" sizes=\"(max-width: 1024px) 100vw, 1024px\" \/><\/figure>\n\n\n\n<p>Este acuerdo permitir\u00e1 proyectar a nuestra ciudad ante miles de visitantes, abrir nuevas oportunidades para atraer turismo y seguir posicionando a Oaxaca como uno de los destinos m\u00e1s atractivos de M\u00e9xico.<\/p>\n\n\n\n<p>M\u00e1s promoci\u00f3n, m\u00e1s visitantes y m\u00e1s bienestar para nuestras vecinas y vecinos.<\/p>\n","protected":false},"excerpt":{"rendered":"<p>En el marco del Tianguis Tur\u00edstico de M\u00e9xico, realizado en el puerto de Acapulco, Guerrero,&#8230;<\/p>\n","protected":false},"author":4,"featured_media":53267,"comment_status":"","ping_status":"open","sticky":false,"template":"","format":"standard","meta":{"footnotes":""},"categories":[9],"tags":[353,302,178,424],"jetpack_sharing_enabled":true,"featured_image_urls":{"full":["https:\/\/contextoanalisisperiodistico.com\/wp-content\/uploads\/2026\/04\/IMG-20260429-WA0108.jpg",1042,782,false],"thumbnail":["https:\/\/contextoanalisisperiodistico.com\/wp-content\/uploads\/2026\/04\/IMG-20260429-WA0108-150x150.jpg",150,150,true],"medium":["https:\/\/contextoanalisisperiodistico.com\/wp-content\/uploads\/2026\/04\/IMG-20260429-WA0108-300x225.jpg",300,225,true],"medium_large":["https:\/\/contextoanalisisperiodistico.com\/wp-content\/uploads\/2026\/04\/IMG-20260429-WA0108-768x576.jpg",640,480,true],"large":["https:\/\/contextoanalisisperiodistico.com\/wp-content\/uploads\/2026\/04\/IMG-20260429-WA0108-1024x768.jpg",640,480,true],"1536x1536":["https:\/\/contextoanalisisperiodistico.com\/wp-content\/uploads\/2026\/04\/IMG-20260429-WA0108.jpg",1042,782,false],"2048x2048":["https:\/\/contextoanalisisperiodistico.com\/wp-content\/uploads\/2026\/04\/IMG-20260429-WA0108.jpg",1042,782,false],"covernews-slider-full":["https:\/\/contextoanalisisperiodistico.com\/wp-content\/uploads\/2026\/04\/IMG-20260429-WA0108-1042x715.jpg",1042,715,true],"covernews-slider-center":["https:\/\/contextoanalisisperiodistico.com\/wp-content\/uploads\/2026\/04\/IMG-20260429-WA0108-800x500.jpg",800,500,true],"covernews-featured":["https:\/\/contextoanalisisperiodistico.com\/wp-content\/uploads\/2026\/04\/IMG-20260429-WA0108-1024x768.jpg",1024,768,true],"covernews-medium":["https:\/\/contextoanalisisperiodistico.com\/wp-content\/uploads\/2026\/04\/IMG-20260429-WA0108-540x340.jpg",540,340,true],"covernews-medium-square":["https:\/\/contextoanalisisperiodistico.com\/wp-content\/uploads\/2026\/04\/IMG-20260429-WA0108-400x250.jpg",400,250,true]},"author_info":{"display_name":"Mario Gir\u00f3n","author_link":"https:\/\/contextoanalisisperiodistico.com\/index.php\/author\/director\/"},"category_info":"<a href=\"https:\/\/contextoanalisisperiodistico.com\/index.php\/category\/politica\/\" rel=\"category tag\">Pol\u00edtica<\/a>","tag_info":"Pol\u00edtica","comment_count":"0","jetpack_featured_media_url":"https:\/\/contextoanalisisperiodistico.com\/wp-content\/uploads\/2026\/04\/IMG-20260429-WA0108.jpg","_links":{"self":[{"href":"https:\/\/contextoanalisisperiodistico.com\/index.php\/wp-json\/wp\/v2\/posts\/53269"}],"collection":[{"href":"https:\/\/contextoanalisisperiodistico.com\/index.php\/wp-json\/wp\/v2\/posts"}],"about":[{"href":"https:\/\/contextoanalisisperiodistico.com\/index.php\/wp-json\/wp\/v2\/types\/post"}],"author":[{"embeddable":true,"href":"https:\/\/contextoanalisisperiodistico.com\/index.php\/wp-json\/wp\/v2\/users\/4"}],"replies":[{"embeddable":true,"href":"https:\/\/contextoanalisisperiodistico.com\/index.php\/wp-json\/wp\/v2\/comments?post=53269"}],"version-history":[{"count":0,"href":"https:\/\/contextoanalisisperiodistico.com\/index.php\/wp-json\/wp\/v2\/posts\/53269\/revisions"}],"wp:featuredmedia":[{"embeddable":true,"href":"https:\/\/contextoanalisisperiodistico.com\/index.php\/wp-json\/wp\/v2\/media\/53267"}],"wp:attachment":[{"href":"https:\/\/contextoanalisisperiodistico.com\/index.php\/wp-json\/wp\/v2\/media?parent=53269"}],"wp:term":[{"taxonomy":"category","embeddable":true,"href":"https:\/\/contextoanalisisperiodistico.com\/index.php\/wp-json\/wp\/v2\/categories?post=53269"},{"taxonomy":"post_tag","embeddable":true,"href":"https:\/\/contextoanalisisperiodistico.com\/index.php\/wp-json\/wp\/v2\/tags?post=53269"}],"curies":[{"name":"wp","href":"https:\/\/api.w.org\/{rel}","templated":true}]}}