{"id":53266,"date":"2026-04-29T17:09:53","date_gmt":"2026-04-29T23:09:53","guid":{"rendered":"https:\/\/contextoanalisisperiodistico.com\/index.php\/2026\/04\/29\/implementara-policia-vial-estatal-operativo-por-fiesta-de-la-ninez-oaxaquena\/"},"modified":"2026-04-29T17:09:53","modified_gmt":"2026-04-29T23:09:53","slug":"implementara-policia-vial-estatal-operativo-por-fiesta-de-la-ninez-oaxaquena","status":"publish","type":"post","link":"https:\/\/contextoanalisisperiodistico.com\/index.php\/2026\/04\/29\/implementara-policia-vial-estatal-operativo-por-fiesta-de-la-ninez-oaxaquena\/","title":{"rendered":"Implementar\u00e1 Polic\u00eda Vial Estatal operativo por Fiesta de la Ni\u00f1ez Oaxaque\u00f1a"},"content":{"rendered":"<div id=\"fb-root\"><\/div>\n\n<p>\u2022Comenzar\u00e1 a las 8:00 horas y contar\u00e1 con 25 agentes policiales apoyados por dos patrullas, seis motopatrullas y dos bicipatrullas<\/p>\n\n\n\n<p>Oaxaca de Ju\u00e1rez, Oax. 29 de abril de 2026.- Con motivo de la celebraci\u00f3n de la Fiesta de la Ni\u00f1ez Oaxaque\u00f1a, que se llevar\u00e1 a cabo en el Parque Primavera Oaxaque\u00f1a Cho Ndob\u00e1 este jueves 30 de abril, la Polic\u00eda Vial Estatal implementar\u00e1 un dispositivo de seguridad vial en la zona que comenzar\u00e1 a las 8:00 horas.<\/p>\n\n\n\n<p>Este dispositivo que se reforzar\u00e1 a las 14:00 horas ante el arribo de ni\u00f1as, ni\u00f1os y familias, contar\u00e1 con un estado de fuerza de 25 agentes policiales apoyados por dos patrullas, seis motopatrullas y dos bicipatrullas, que resguardar\u00e1n los accesos al parque.<\/p>\n\n\n\n<p>Adem\u00e1s, se coordinar\u00e1 la vialidad en la entrada del estacionamiento del recinto para agilizar la circulaci\u00f3n desde la calle Nu\u00f1o del Mercado por obras en esta \u00e1rea.<\/p>\n\n\n\n<p>La corporaci\u00f3n exhorta a las y los conductores utilizar los espacios designados para estacionarse, respetar los l\u00edmites de velocidad, as\u00ed como priorizar el paso de personas peatonas y con discapacidad.<\/p>\n\n\n\n<p>-0-<\/p>\n","protected":false},"excerpt":{"rendered":"<p>\u2022Comenzar\u00e1 a las 8:00 horas y contar\u00e1 con 25 agentes policiales apoyados por dos patrullas,&#8230;<\/p>\n","protected":false},"author":4,"featured_media":53265,"comment_status":"","ping_status":"open","sticky":false,"template":"","format":"standard","meta":{"footnotes":""},"categories":[3],"tags":[316,424],"jetpack_sharing_enabled":true,"featured_image_urls":{"full":["https:\/\/contextoanalisisperiodistico.com\/wp-content\/uploads\/2026\/04\/IMG-20260429-WA0111.jpg",808,641,false],"thumbnail":["https:\/\/contextoanalisisperiodistico.com\/wp-content\/uploads\/2026\/04\/IMG-20260429-WA0111-150x150.jpg",150,150,true],"medium":["https:\/\/contextoanalisisperiodistico.com\/wp-content\/uploads\/2026\/04\/IMG-20260429-WA0111-300x238.jpg",300,238,true],"medium_large":["https:\/\/contextoanalisisperiodistico.com\/wp-content\/uploads\/2026\/04\/IMG-20260429-WA0111-768x609.jpg",640,508,true],"large":["https:\/\/contextoanalisisperiodistico.com\/wp-content\/uploads\/2026\/04\/IMG-20260429-WA0111.jpg",640,508,false],"1536x1536":["https:\/\/contextoanalisisperiodistico.com\/wp-content\/uploads\/2026\/04\/IMG-20260429-WA0111.jpg",808,641,false],"2048x2048":["https:\/\/contextoanalisisperiodistico.com\/wp-content\/uploads\/2026\/04\/IMG-20260429-WA0111.jpg",808,641,false],"covernews-slider-full":["https:\/\/contextoanalisisperiodistico.com\/wp-content\/uploads\/2026\/04\/IMG-20260429-WA0111.jpg",808,641,false],"covernews-slider-center":["https:\/\/contextoanalisisperiodistico.com\/wp-content\/uploads\/2026\/04\/IMG-20260429-WA0111-800x500.jpg",800,500,true],"covernews-featured":["https:\/\/contextoanalisisperiodistico.com\/wp-content\/uploads\/2026\/04\/IMG-20260429-WA0111.jpg",808,641,false],"covernews-medium":["https:\/\/contextoanalisisperiodistico.com\/wp-content\/uploads\/2026\/04\/IMG-20260429-WA0111-540x340.jpg",540,340,true],"covernews-medium-square":["https:\/\/contextoanalisisperiodistico.com\/wp-content\/uploads\/2026\/04\/IMG-20260429-WA0111-400x250.jpg",400,250,true]},"author_info":{"display_name":"Mario Gir\u00f3n","author_link":"https:\/\/contextoanalisisperiodistico.com\/index.php\/author\/director\/"},"category_info":"<a href=\"https:\/\/contextoanalisisperiodistico.com\/index.php\/category\/ciudad\/\" rel=\"category tag\">Ciudad<\/a>","tag_info":"Ciudad","comment_count":"0","jetpack_featured_media_url":"https:\/\/contextoanalisisperiodistico.com\/wp-content\/uploads\/2026\/04\/IMG-20260429-WA0111.jpg","_links":{"self":[{"href":"https:\/\/contextoanalisisperiodistico.com\/index.php\/wp-json\/wp\/v2\/posts\/53266"}],"collection":[{"href":"https:\/\/contextoanalisisperiodistico.com\/index.php\/wp-json\/wp\/v2\/posts"}],"about":[{"href":"https:\/\/contextoanalisisperiodistico.com\/index.php\/wp-json\/wp\/v2\/types\/post"}],"author":[{"embeddable":true,"href":"https:\/\/contextoanalisisperiodistico.com\/index.php\/wp-json\/wp\/v2\/users\/4"}],"replies":[{"embeddable":true,"href":"https:\/\/contextoanalisisperiodistico.com\/index.php\/wp-json\/wp\/v2\/comments?post=53266"}],"version-history":[{"count":0,"href":"https:\/\/contextoanalisisperiodistico.com\/index.php\/wp-json\/wp\/v2\/posts\/53266\/revisions"}],"wp:featuredmedia":[{"embeddable":true,"href":"https:\/\/contextoanalisisperiodistico.com\/index.php\/wp-json\/wp\/v2\/media\/53265"}],"wp:attachment":[{"href":"https:\/\/contextoanalisisperiodistico.com\/index.php\/wp-json\/wp\/v2\/media?parent=53266"}],"wp:term":[{"taxonomy":"category","embeddable":true,"href":"https:\/\/contextoanalisisperiodistico.com\/index.php\/wp-json\/wp\/v2\/categories?post=53266"},{"taxonomy":"post_tag","embeddable":true,"href":"https:\/\/contextoanalisisperiodistico.com\/index.php\/wp-json\/wp\/v2\/tags?post=53266"}],"curies":[{"name":"wp","href":"https:\/\/api.w.org\/{rel}","templated":true}]}}