{"id":53264,"date":"2026-04-29T15:04:57","date_gmt":"2026-04-29T21:04:57","guid":{"rendered":"https:\/\/contextoanalisisperiodistico.com\/index.php\/2026\/04\/29\/baja-5-3-la-percepcion-de-inseguridad-en-oaxaca-de-juarez-por-trabajo-coordinado-de-ray-chagoya\/"},"modified":"2026-04-29T15:04:57","modified_gmt":"2026-04-29T21:04:57","slug":"baja-5-3-la-percepcion-de-inseguridad-en-oaxaca-de-juarez-por-trabajo-coordinado-de-ray-chagoya","status":"publish","type":"post","link":"https:\/\/contextoanalisisperiodistico.com\/index.php\/2026\/04\/29\/baja-5-3-la-percepcion-de-inseguridad-en-oaxaca-de-juarez-por-trabajo-coordinado-de-ray-chagoya\/","title":{"rendered":"Baja 5.3% la percepci\u00f3n de inseguridad en Oaxaca de Ju\u00e1rez por trabajo coordinado de Ray Chagoya"},"content":{"rendered":"<div id=\"fb-root\"><\/div>\n\n<p>El secretario de Seguridad Vecinal, Teniente Coronel Claudio de Jes\u00fas P\u00e9rez y P\u00e9rez, inform\u00f3 que la percepci\u00f3n de inseguridad en el municipio de Oaxaca de Ju\u00e1rez disminuy\u00f3 en 5.3 por ciento respecto al \u00faltimo trimestre de 2025, como resultado del trabajo coordinado entre diversas \u00e1reas del gobierno que encabeza el presidente municipal Ray Chagoya.<\/p>\n\n\n\n<p>Precis\u00f3 que estos resultados se derivan de la Encuesta Nacional de Seguridad P\u00fablica Urbana (ENSU) del INEGI y responden a una estrategia integral: por un lado, la polic\u00eda municipal ha fortalecido las labores de proximidad, la atenci\u00f3n a emergencias y las detenciones; y por otro, \u00e1reas como la Direcci\u00f3n de Movilidad han contribuido con el retiro de obst\u00e1culos en la v\u00eda p\u00fablica, as\u00ed como con acciones de se\u00f1alizaci\u00f3n y ordenamiento urbano.<\/p>\n\n\n\n<p>Asimismo, destac\u00f3 la implementaci\u00f3n de estrategias comunitarias como \u201cLatidos Vecinales\u201d, tequios y los Di\u00e1logos Vecinales, mediante las cuales se atienden de manera directa las necesidades de la ciudadan\u00eda.<\/p>\n\n\n\n<figure class=\"wp-block-video\"><video controls src=\"https:\/\/contextoanalisisperiodistico.com\/wp-content\/uploads\/2026\/04\/VID-20260429-WA0085.mp4\"><\/video><\/figure>\n","protected":false},"excerpt":{"rendered":"<p>El secretario de Seguridad Vecinal, Teniente Coronel Claudio de Jes\u00fas P\u00e9rez y P\u00e9rez, inform\u00f3 que&#8230;<\/p>\n","protected":false},"author":4,"featured_media":53262,"comment_status":"","ping_status":"open","sticky":false,"template":"","format":"standard","meta":{"footnotes":""},"categories":[9],"tags":[371,302,178,424],"jetpack_sharing_enabled":true,"featured_image_urls":{"full":["https:\/\/contextoanalisisperiodistico.com\/wp-content\/uploads\/2026\/04\/IMG_20260429_150028.jpg",720,1271,false],"thumbnail":["https:\/\/contextoanalisisperiodistico.com\/wp-content\/uploads\/2026\/04\/IMG_20260429_150028-150x150.jpg",150,150,true],"medium":["https:\/\/contextoanalisisperiodistico.com\/wp-content\/uploads\/2026\/04\/IMG_20260429_150028-170x300.jpg",170,300,true],"medium_large":["https:\/\/contextoanalisisperiodistico.com\/wp-content\/uploads\/2026\/04\/IMG_20260429_150028.jpg",640,1130,false],"large":["https:\/\/contextoanalisisperiodistico.com\/wp-content\/uploads\/2026\/04\/IMG_20260429_150028-580x1024.jpg",580,1024,true],"1536x1536":["https:\/\/contextoanalisisperiodistico.com\/wp-content\/uploads\/2026\/04\/IMG_20260429_150028.jpg",720,1271,false],"2048x2048":["https:\/\/contextoanalisisperiodistico.com\/wp-content\/uploads\/2026\/04\/IMG_20260429_150028.jpg",720,1271,false],"covernews-slider-full":["https:\/\/contextoanalisisperiodistico.com\/wp-content\/uploads\/2026\/04\/IMG_20260429_150028-720x715.jpg",720,715,true],"covernews-slider-center":["https:\/\/contextoanalisisperiodistico.com\/wp-content\/uploads\/2026\/04\/IMG_20260429_150028-720x500.jpg",720,500,true],"covernews-featured":["https:\/\/contextoanalisisperiodistico.com\/wp-content\/uploads\/2026\/04\/IMG_20260429_150028.jpg",720,1271,false],"covernews-medium":["https:\/\/contextoanalisisperiodistico.com\/wp-content\/uploads\/2026\/04\/IMG_20260429_150028-540x340.jpg",540,340,true],"covernews-medium-square":["https:\/\/contextoanalisisperiodistico.com\/wp-content\/uploads\/2026\/04\/IMG_20260429_150028-400x250.jpg",400,250,true]},"author_info":{"display_name":"Mario Gir\u00f3n","author_link":"https:\/\/contextoanalisisperiodistico.com\/index.php\/author\/director\/"},"category_info":"<a href=\"https:\/\/contextoanalisisperiodistico.com\/index.php\/category\/politica\/\" rel=\"category tag\">Pol\u00edtica<\/a>","tag_info":"Pol\u00edtica","comment_count":"0","jetpack_featured_media_url":"https:\/\/contextoanalisisperiodistico.com\/wp-content\/uploads\/2026\/04\/IMG_20260429_150028.jpg","_links":{"self":[{"href":"https:\/\/contextoanalisisperiodistico.com\/index.php\/wp-json\/wp\/v2\/posts\/53264"}],"collection":[{"href":"https:\/\/contextoanalisisperiodistico.com\/index.php\/wp-json\/wp\/v2\/posts"}],"about":[{"href":"https:\/\/contextoanalisisperiodistico.com\/index.php\/wp-json\/wp\/v2\/types\/post"}],"author":[{"embeddable":true,"href":"https:\/\/contextoanalisisperiodistico.com\/index.php\/wp-json\/wp\/v2\/users\/4"}],"replies":[{"embeddable":true,"href":"https:\/\/contextoanalisisperiodistico.com\/index.php\/wp-json\/wp\/v2\/comments?post=53264"}],"version-history":[{"count":0,"href":"https:\/\/contextoanalisisperiodistico.com\/index.php\/wp-json\/wp\/v2\/posts\/53264\/revisions"}],"wp:featuredmedia":[{"embeddable":true,"href":"https:\/\/contextoanalisisperiodistico.com\/index.php\/wp-json\/wp\/v2\/media\/53262"}],"wp:attachment":[{"href":"https:\/\/contextoanalisisperiodistico.com\/index.php\/wp-json\/wp\/v2\/media?parent=53264"}],"wp:term":[{"taxonomy":"category","embeddable":true,"href":"https:\/\/contextoanalisisperiodistico.com\/index.php\/wp-json\/wp\/v2\/categories?post=53264"},{"taxonomy":"post_tag","embeddable":true,"href":"https:\/\/contextoanalisisperiodistico.com\/index.php\/wp-json\/wp\/v2\/tags?post=53264"}],"curies":[{"name":"wp","href":"https:\/\/api.w.org\/{rel}","templated":true}]}}