{"id":53261,"date":"2026-04-29T14:50:10","date_gmt":"2026-04-29T20:50:10","guid":{"rendered":"https:\/\/contextoanalisisperiodistico.com\/index.php\/2026\/04\/29\/inaugura-salomon-jara-mundialito-escolar-oaxaca-2026\/"},"modified":"2026-04-29T14:50:10","modified_gmt":"2026-04-29T20:50:10","slug":"inaugura-salomon-jara-mundialito-escolar-oaxaca-2026","status":"publish","type":"post","link":"https:\/\/contextoanalisisperiodistico.com\/index.php\/2026\/04\/29\/inaugura-salomon-jara-mundialito-escolar-oaxaca-2026\/","title":{"rendered":"Inaugura Salom\u00f3n Jara Mundialito Escolar Oaxaca 2026"},"content":{"rendered":"<div id=\"fb-root\"><\/div>\n\n<ul class=\"wp-block-list\">\n<li>La competencia se celebrar\u00e1 previo al Mundial de F\u00fatbol 2026 para acercar el deporte a espacios p\u00fablicos.<\/li>\n\n\n\n<li>A nivel nacional participan 25 mil escuelas y m\u00e1s de 125 mil equipos.<\/li>\n<\/ul>\n\n\n\n<figure class=\"wp-block-image size-large\"><img fetchpriority=\"high\" decoding=\"async\" width=\"1024\" height=\"684\" src=\"https:\/\/contextoanalisisperiodistico.com\/wp-content\/uploads\/2026\/04\/img-20260429-wa00325635422342479078863-1024x684.jpg\" alt=\"\" class=\"wp-image-53256\" srcset=\"https:\/\/contextoanalisisperiodistico.com\/wp-content\/uploads\/2026\/04\/img-20260429-wa00325635422342479078863-1024x684.jpg 1024w, https:\/\/contextoanalisisperiodistico.com\/wp-content\/uploads\/2026\/04\/img-20260429-wa00325635422342479078863-300x200.jpg 300w, https:\/\/contextoanalisisperiodistico.com\/wp-content\/uploads\/2026\/04\/img-20260429-wa00325635422342479078863-768x513.jpg 768w, https:\/\/contextoanalisisperiodistico.com\/wp-content\/uploads\/2026\/04\/img-20260429-wa00325635422342479078863.jpg 1200w\" sizes=\"(max-width: 1024px) 100vw, 1024px\" \/><\/figure>\n\n\n\n<figure class=\"wp-block-image\"><img decoding=\"async\" width=\"1024\" height=\"684\" src=\"https:\/\/contextoanalisisperiodistico.com\/wp-content\/uploads\/2026\/04\/img-20260429-wa00331239145401956488875-1024x684.jpg\" alt=\"\" class=\"wp-image-53257\" srcset=\"https:\/\/contextoanalisisperiodistico.com\/wp-content\/uploads\/2026\/04\/img-20260429-wa00331239145401956488875-1024x684.jpg 1024w, https:\/\/contextoanalisisperiodistico.com\/wp-content\/uploads\/2026\/04\/img-20260429-wa00331239145401956488875-300x200.jpg 300w, https:\/\/contextoanalisisperiodistico.com\/wp-content\/uploads\/2026\/04\/img-20260429-wa00331239145401956488875-768x513.jpg 768w, https:\/\/contextoanalisisperiodistico.com\/wp-content\/uploads\/2026\/04\/img-20260429-wa00331239145401956488875.jpg 1200w\" sizes=\"(max-width: 1024px) 100vw, 1024px\" \/><\/figure>\n\n\n\n<figure class=\"wp-block-image\"><img decoding=\"async\" width=\"1024\" height=\"683\" src=\"https:\/\/contextoanalisisperiodistico.com\/wp-content\/uploads\/2026\/04\/img-20260429-wa00374620119036602295616-1024x683.jpg\" alt=\"\" class=\"wp-image-53259\" srcset=\"https:\/\/contextoanalisisperiodistico.com\/wp-content\/uploads\/2026\/04\/img-20260429-wa00374620119036602295616-1024x683.jpg 1024w, https:\/\/contextoanalisisperiodistico.com\/wp-content\/uploads\/2026\/04\/img-20260429-wa00374620119036602295616-300x200.jpg 300w, https:\/\/contextoanalisisperiodistico.com\/wp-content\/uploads\/2026\/04\/img-20260429-wa00374620119036602295616-768x512.jpg 768w, https:\/\/contextoanalisisperiodistico.com\/wp-content\/uploads\/2026\/04\/img-20260429-wa00374620119036602295616-1536x1025.jpg 1536w, https:\/\/contextoanalisisperiodistico.com\/wp-content\/uploads\/2026\/04\/img-20260429-wa00374620119036602295616.jpg 2000w\" sizes=\"(max-width: 1024px) 100vw, 1024px\" \/><\/figure>\n\n\n\n<figure class=\"wp-block-image\"><img loading=\"lazy\" decoding=\"async\" width=\"1024\" height=\"683\" src=\"https:\/\/contextoanalisisperiodistico.com\/wp-content\/uploads\/2026\/04\/img-20260429-wa00408814618712044030219-1024x683.jpg\" alt=\"\" class=\"wp-image-53260\" srcset=\"https:\/\/contextoanalisisperiodistico.com\/wp-content\/uploads\/2026\/04\/img-20260429-wa00408814618712044030219-1024x683.jpg 1024w, https:\/\/contextoanalisisperiodistico.com\/wp-content\/uploads\/2026\/04\/img-20260429-wa00408814618712044030219-300x200.jpg 300w, https:\/\/contextoanalisisperiodistico.com\/wp-content\/uploads\/2026\/04\/img-20260429-wa00408814618712044030219-768x512.jpg 768w, https:\/\/contextoanalisisperiodistico.com\/wp-content\/uploads\/2026\/04\/img-20260429-wa00408814618712044030219-1536x1025.jpg 1536w, https:\/\/contextoanalisisperiodistico.com\/wp-content\/uploads\/2026\/04\/img-20260429-wa00408814618712044030219.jpg 2000w\" sizes=\"(max-width: 1024px) 100vw, 1024px\" \/><\/figure>\n\n\n\n<figure class=\"wp-block-image\"><img loading=\"lazy\" decoding=\"async\" width=\"1024\" height=\"684\" src=\"https:\/\/contextoanalisisperiodistico.com\/wp-content\/uploads\/2026\/04\/img-20260429-wa00301674704820946614445-1024x684.jpg\" alt=\"\" class=\"wp-image-53258\" srcset=\"https:\/\/contextoanalisisperiodistico.com\/wp-content\/uploads\/2026\/04\/img-20260429-wa00301674704820946614445-1024x684.jpg 1024w, https:\/\/contextoanalisisperiodistico.com\/wp-content\/uploads\/2026\/04\/img-20260429-wa00301674704820946614445-300x200.jpg 300w, https:\/\/contextoanalisisperiodistico.com\/wp-content\/uploads\/2026\/04\/img-20260429-wa00301674704820946614445-768x513.jpg 768w, https:\/\/contextoanalisisperiodistico.com\/wp-content\/uploads\/2026\/04\/img-20260429-wa00301674704820946614445.jpg 1200w\" sizes=\"(max-width: 1024px) 100vw, 1024px\" \/><\/figure>\n\n\n\n<p>Oaxaca de Ju\u00e1rez, Oax. 29 de abril de 2026.- El Gobernador Salom\u00f3n Jara Cruz inaugur\u00f3 en el Parque Primavera Oaxaque\u00f1a el inicio de la etapa estatal del Mundialito Escolar Oaxaca 2026, una justa deportiva impulsada desde el Gobierno de M\u00e9xico para fomentar la actividad f\u00edsica entre las ni\u00f1as, ni\u00f1os y j\u00f3venes de toda la naci\u00f3n.<\/p>\n\n\n\n<p>La competencia ser\u00e1 celebrada en el marco del Mundial de F\u00fatbol 2026, para acercar el deporte a los espacios p\u00fablicos en cada estado, m\u00e1s all\u00e1 de los partidos que se celebrar\u00e1n durante los meses de junio y julio.<\/p>\n\n\n\n<p>Al encabezar el evento, el Mandatario Estatal destac\u00f3 que esta es una oportunidad para ense\u00f1ar a las infancias y juventudes que la cancha es una parte integral de la educaci\u00f3n, y que a trav\u00e9s del deporte se aprenden valores como el respeto, la solidaridad y la cooperaci\u00f3n.<\/p>\n\n\n\n<p>\u201cEn Oaxaca creemos en el deporte como una herramienta para construir la paz y en la educaci\u00f3n como un camino para transformar las realidades; creemos en ustedes, en su talento y capacidad para hacer de nuestro estado un lugar m\u00e1s justo y fuerte\u201d, declar\u00f3 al dirigirse a las y los participantes de este torneo.<\/p>\n\n\n\n<p>Por su parte, el director del Instituto Estatal de Educaci\u00f3n P\u00fablica de Oaxaca (IEEPO), Emilio Montero P\u00e9rez, detall\u00f3 que, como resultado de un trabajo coordinado, el Mundialito Escolar, a nivel nacional, cuenta con la participaci\u00f3n de 25 mil escuelas y m\u00e1s de 125 mil equipos femeniles y varoniles.<\/p>\n\n\n\n<p>Finalmente, y para guardar el esp\u00edritu deportivo y de sana competencia, se dio el juramento al juego limpio a cargo de la alumna Aime\u00e9 Juliana de la Cruz Moar; en tanto, el juramento deportivo de los jueces, enunciado por el delegado de la Asociaci\u00f3n de Arbitraje de F\u00fatbol Amateur del Estado de Oaxaca, Jael Alc\u00e1ntara Maldonado.<\/p>\n\n\n\n<p>-0-<\/p>\n","protected":false},"excerpt":{"rendered":"<p>Oaxaca de Ju\u00e1rez, Oax. 29 de abril de 2026.- El Gobernador Salom\u00f3n Jara Cruz inaugur\u00f3&#8230;<\/p>\n","protected":false},"author":4,"featured_media":53255,"comment_status":"","ping_status":"open","sticky":false,"template":"","format":"standard","meta":{"footnotes":""},"categories":[9],"tags":[316,424],"jetpack_sharing_enabled":true,"featured_image_urls":{"full":["https:\/\/contextoanalisisperiodistico.com\/wp-content\/uploads\/2026\/04\/IMG-20260429-WA0031.jpg",1200,801,false],"thumbnail":["https:\/\/contextoanalisisperiodistico.com\/wp-content\/uploads\/2026\/04\/IMG-20260429-WA0031-150x150.jpg",150,150,true],"medium":["https:\/\/contextoanalisisperiodistico.com\/wp-content\/uploads\/2026\/04\/IMG-20260429-WA0031-300x200.jpg",300,200,true],"medium_large":["https:\/\/contextoanalisisperiodistico.com\/wp-content\/uploads\/2026\/04\/IMG-20260429-WA0031-768x513.jpg",640,428,true],"large":["https:\/\/contextoanalisisperiodistico.com\/wp-content\/uploads\/2026\/04\/IMG-20260429-WA0031-1024x684.jpg",640,428,true],"1536x1536":["https:\/\/contextoanalisisperiodistico.com\/wp-content\/uploads\/2026\/04\/IMG-20260429-WA0031.jpg",1200,801,false],"2048x2048":["https:\/\/contextoanalisisperiodistico.com\/wp-content\/uploads\/2026\/04\/IMG-20260429-WA0031.jpg",1200,801,false],"covernews-slider-full":["https:\/\/contextoanalisisperiodistico.com\/wp-content\/uploads\/2026\/04\/IMG-20260429-WA0031-1115x715.jpg",1115,715,true],"covernews-slider-center":["https:\/\/contextoanalisisperiodistico.com\/wp-content\/uploads\/2026\/04\/IMG-20260429-WA0031-800x500.jpg",800,500,true],"covernews-featured":["https:\/\/contextoanalisisperiodistico.com\/wp-content\/uploads\/2026\/04\/IMG-20260429-WA0031-1024x684.jpg",1024,684,true],"covernews-medium":["https:\/\/contextoanalisisperiodistico.com\/wp-content\/uploads\/2026\/04\/IMG-20260429-WA0031-540x340.jpg",540,340,true],"covernews-medium-square":["https:\/\/contextoanalisisperiodistico.com\/wp-content\/uploads\/2026\/04\/IMG-20260429-WA0031-400x250.jpg",400,250,true]},"author_info":{"display_name":"Mario Gir\u00f3n","author_link":"https:\/\/contextoanalisisperiodistico.com\/index.php\/author\/director\/"},"category_info":"<a href=\"https:\/\/contextoanalisisperiodistico.com\/index.php\/category\/politica\/\" rel=\"category tag\">Pol\u00edtica<\/a>","tag_info":"Pol\u00edtica","comment_count":"0","jetpack_featured_media_url":"https:\/\/contextoanalisisperiodistico.com\/wp-content\/uploads\/2026\/04\/IMG-20260429-WA0031.jpg","_links":{"self":[{"href":"https:\/\/contextoanalisisperiodistico.com\/index.php\/wp-json\/wp\/v2\/posts\/53261"}],"collection":[{"href":"https:\/\/contextoanalisisperiodistico.com\/index.php\/wp-json\/wp\/v2\/posts"}],"about":[{"href":"https:\/\/contextoanalisisperiodistico.com\/index.php\/wp-json\/wp\/v2\/types\/post"}],"author":[{"embeddable":true,"href":"https:\/\/contextoanalisisperiodistico.com\/index.php\/wp-json\/wp\/v2\/users\/4"}],"replies":[{"embeddable":true,"href":"https:\/\/contextoanalisisperiodistico.com\/index.php\/wp-json\/wp\/v2\/comments?post=53261"}],"version-history":[{"count":0,"href":"https:\/\/contextoanalisisperiodistico.com\/index.php\/wp-json\/wp\/v2\/posts\/53261\/revisions"}],"wp:featuredmedia":[{"embeddable":true,"href":"https:\/\/contextoanalisisperiodistico.com\/index.php\/wp-json\/wp\/v2\/media\/53255"}],"wp:attachment":[{"href":"https:\/\/contextoanalisisperiodistico.com\/index.php\/wp-json\/wp\/v2\/media?parent=53261"}],"wp:term":[{"taxonomy":"category","embeddable":true,"href":"https:\/\/contextoanalisisperiodistico.com\/index.php\/wp-json\/wp\/v2\/categories?post=53261"},{"taxonomy":"post_tag","embeddable":true,"href":"https:\/\/contextoanalisisperiodistico.com\/index.php\/wp-json\/wp\/v2\/tags?post=53261"}],"curies":[{"name":"wp","href":"https:\/\/api.w.org\/{rel}","templated":true}]}}