{"id":53240,"date":"2026-04-28T16:08:55","date_gmt":"2026-04-28T22:08:55","guid":{"rendered":"https:\/\/contextoanalisisperiodistico.com\/index.php\/2026\/04\/28\/harfuch-y-salomon-jara-evaluan-y-dan-seguimiento-a-trabajos-de-seguridad-en-oaxaca\/"},"modified":"2026-04-28T16:08:55","modified_gmt":"2026-04-28T22:08:55","slug":"harfuch-y-salomon-jara-evaluan-y-dan-seguimiento-a-trabajos-de-seguridad-en-oaxaca","status":"publish","type":"post","link":"https:\/\/contextoanalisisperiodistico.com\/index.php\/2026\/04\/28\/harfuch-y-salomon-jara-evaluan-y-dan-seguimiento-a-trabajos-de-seguridad-en-oaxaca\/","title":{"rendered":"Harfuch y Salom\u00f3n Jara eval\u00faan y dan seguimiento a trabajos de seguridad en Oaxaca"},"content":{"rendered":"<div id=\"fb-root\"><\/div>\n\n<p>\u2022 Acuerdan la continuidad de acciones para fortalecer la seguridad en la entidad<\/p>\n\n\n\n<p>Ciudad de M\u00e9xico, a 28 de abril de 2026.- El secretario de Seguridad y Protecci\u00f3n Ciudadana, Omar Garc\u00eda Harfuch, sostuvo una reuni\u00f3n con el Gobernador de Oaxaca, Salom\u00f3n Jara Cruz donde evaluaron y dieron seguimiento a las acciones de seguridad desempe\u00f1adas en la entidad.<\/p>\n\n\n\n<p>El titular de la Secretar\u00eda de Seguridad y Protecci\u00f3n Ciudadana (SSPC) y el Mandatario estatal dialogaron sobre los logros y alcances en este rubro, as\u00ed como las \u00e1reas de mejora para mantener, como hasta ahora, la seguridad en la entidad a favor de la ciudadan\u00eda.<\/p>\n\n\n\n<p>El secretario Omar Garc\u00eda Harfuch constat\u00f3 que la estrategia y acciones que se realizan desde el gobierno de Oaxaca son para brindar seguridad a todos sus habitantes y otorgar tranquilidad a cada uno de ellos para disminuir el \u00edndice delictivo en la entidad.<\/p>\n\n\n\n<p>Garc\u00eda Harfuch inform\u00f3 que, el estado de Oaxaca recibi\u00f3 poco m\u00e1s de 312 millones de pesos a trav\u00e9s de los fondos federales para la seguridad p\u00fablica y en coordinaci\u00f3n con el Secretariado Ejecutivo del Sistema Nacional de Seguridad P\u00fablica (SESNSP) se van a desarrollar 24 proyectos de inversi\u00f3n enfocados en fortalecer a las instituciones de seguridad y procuraci\u00f3n de justicia del estado, as\u00ed como en su profesionalizaci\u00f3n.<\/p>\n\n\n\n<p>El Gobernador Salom\u00f3n Jara afirm\u00f3 que Oaxaca respalda y se suma a la Estrategia Nacional de Seguridad P\u00fablica, a trav\u00e9s de un trabajo coordinado con la SSPC.<\/p>\n\n\n\n<p>Al finalizar la reuni\u00f3n, el secretario de Seguridad y el Gobernador de Oaxaca acordaron continuar con las acciones implementadas de la Estrategia Nacional de Seguridad en la entidad, a fin de fortalecer la seguridad en sus ocho regiones y mantener la coordinaci\u00f3n permanente con autoridades locales.<\/p>\n","protected":false},"excerpt":{"rendered":"<p>\u2022 Acuerdan la continuidad de acciones para fortalecer la seguridad en la entidad Ciudad de&#8230;<\/p>\n","protected":false},"author":4,"featured_media":53239,"comment_status":"","ping_status":"open","sticky":false,"template":"","format":"standard","meta":{"footnotes":""},"categories":[9],"tags":[316,424],"jetpack_sharing_enabled":true,"featured_image_urls":{"full":["https:\/\/contextoanalisisperiodistico.com\/wp-content\/uploads\/2026\/04\/IMG-20260428-WA0098.jpg",823,1280,false],"thumbnail":["https:\/\/contextoanalisisperiodistico.com\/wp-content\/uploads\/2026\/04\/IMG-20260428-WA0098-150x150.jpg",150,150,true],"medium":["https:\/\/contextoanalisisperiodistico.com\/wp-content\/uploads\/2026\/04\/IMG-20260428-WA0098-193x300.jpg",193,300,true],"medium_large":["https:\/\/contextoanalisisperiodistico.com\/wp-content\/uploads\/2026\/04\/IMG-20260428-WA0098-768x1194.jpg",640,995,true],"large":["https:\/\/contextoanalisisperiodistico.com\/wp-content\/uploads\/2026\/04\/IMG-20260428-WA0098-658x1024.jpg",640,996,true],"1536x1536":["https:\/\/contextoanalisisperiodistico.com\/wp-content\/uploads\/2026\/04\/IMG-20260428-WA0098.jpg",823,1280,false],"2048x2048":["https:\/\/contextoanalisisperiodistico.com\/wp-content\/uploads\/2026\/04\/IMG-20260428-WA0098.jpg",823,1280,false],"covernews-slider-full":["https:\/\/contextoanalisisperiodistico.com\/wp-content\/uploads\/2026\/04\/IMG-20260428-WA0098-823x715.jpg",823,715,true],"covernews-slider-center":["https:\/\/contextoanalisisperiodistico.com\/wp-content\/uploads\/2026\/04\/IMG-20260428-WA0098-800x500.jpg",800,500,true],"covernews-featured":["https:\/\/contextoanalisisperiodistico.com\/wp-content\/uploads\/2026\/04\/IMG-20260428-WA0098.jpg",823,1280,false],"covernews-medium":["https:\/\/contextoanalisisperiodistico.com\/wp-content\/uploads\/2026\/04\/IMG-20260428-WA0098-540x340.jpg",540,340,true],"covernews-medium-square":["https:\/\/contextoanalisisperiodistico.com\/wp-content\/uploads\/2026\/04\/IMG-20260428-WA0098-400x250.jpg",400,250,true]},"author_info":{"display_name":"Mario Gir\u00f3n","author_link":"https:\/\/contextoanalisisperiodistico.com\/index.php\/author\/director\/"},"category_info":"<a href=\"https:\/\/contextoanalisisperiodistico.com\/index.php\/category\/politica\/\" rel=\"category tag\">Pol\u00edtica<\/a>","tag_info":"Pol\u00edtica","comment_count":"0","jetpack_featured_media_url":"https:\/\/contextoanalisisperiodistico.com\/wp-content\/uploads\/2026\/04\/IMG-20260428-WA0098.jpg","_links":{"self":[{"href":"https:\/\/contextoanalisisperiodistico.com\/index.php\/wp-json\/wp\/v2\/posts\/53240"}],"collection":[{"href":"https:\/\/contextoanalisisperiodistico.com\/index.php\/wp-json\/wp\/v2\/posts"}],"about":[{"href":"https:\/\/contextoanalisisperiodistico.com\/index.php\/wp-json\/wp\/v2\/types\/post"}],"author":[{"embeddable":true,"href":"https:\/\/contextoanalisisperiodistico.com\/index.php\/wp-json\/wp\/v2\/users\/4"}],"replies":[{"embeddable":true,"href":"https:\/\/contextoanalisisperiodistico.com\/index.php\/wp-json\/wp\/v2\/comments?post=53240"}],"version-history":[{"count":0,"href":"https:\/\/contextoanalisisperiodistico.com\/index.php\/wp-json\/wp\/v2\/posts\/53240\/revisions"}],"wp:featuredmedia":[{"embeddable":true,"href":"https:\/\/contextoanalisisperiodistico.com\/index.php\/wp-json\/wp\/v2\/media\/53239"}],"wp:attachment":[{"href":"https:\/\/contextoanalisisperiodistico.com\/index.php\/wp-json\/wp\/v2\/media?parent=53240"}],"wp:term":[{"taxonomy":"category","embeddable":true,"href":"https:\/\/contextoanalisisperiodistico.com\/index.php\/wp-json\/wp\/v2\/categories?post=53240"},{"taxonomy":"post_tag","embeddable":true,"href":"https:\/\/contextoanalisisperiodistico.com\/index.php\/wp-json\/wp\/v2\/tags?post=53240"}],"curies":[{"name":"wp","href":"https:\/\/api.w.org\/{rel}","templated":true}]}}