{"id":53238,"date":"2026-04-28T16:06:44","date_gmt":"2026-04-28T22:06:44","guid":{"rendered":"https:\/\/contextoanalisisperiodistico.com\/index.php\/2026\/04\/28\/tu-trayecto-es-nuestra-prioridad-fortalecen-seguridad-en-el-transporte-de-la-capital\/"},"modified":"2026-04-28T16:06:44","modified_gmt":"2026-04-28T22:06:44","slug":"tu-trayecto-es-nuestra-prioridad-fortalecen-seguridad-en-el-transporte-de-la-capital","status":"publish","type":"post","link":"https:\/\/contextoanalisisperiodistico.com\/index.php\/2026\/04\/28\/tu-trayecto-es-nuestra-prioridad-fortalecen-seguridad-en-el-transporte-de-la-capital\/","title":{"rendered":"\u00abTu trayecto es nuestra prioridad\u00bb: Fortalecen seguridad en el transporte de la capital"},"content":{"rendered":"<div id=\"fb-root\"><\/div>\n\n<p>*Acciones de vigilancia permanente cuidan a las familias oaxaque\u00f1as de la escuela al trabajo<\/p>\n\n\n\n<p>A trav\u00e9s de la Secretar\u00eda de Seguridad Vecinal de Oaxaca de Ju\u00e1rez se ha reforzado la presencia y vigilancia en taxis y transporte urbano para que vecinas y vecinos viajen con mayor tranquilidad.<\/p>\n\n\n\n<p>Del trabajo a casa, de la escuela al mercado, se cuida cada trayecto en Oaxaca de Ju\u00e1rez.<\/p>\n\n\n\n<figure class=\"wp-block-video\"><video controls src=\"https:\/\/contextoanalisisperiodistico.com\/wp-content\/uploads\/2026\/04\/VID-20260428-WA0085.mp4\"><\/video><\/figure>\n\n\n\n<figure class=\"wp-block-image size-large\"><img fetchpriority=\"high\" decoding=\"async\" width=\"592\" height=\"1024\" src=\"https:\/\/contextoanalisisperiodistico.com\/wp-content\/uploads\/2026\/04\/img_20260428_1557458365262235017879005-592x1024.jpg\" alt=\"\" class=\"wp-image-53234\" srcset=\"https:\/\/contextoanalisisperiodistico.com\/wp-content\/uploads\/2026\/04\/img_20260428_1557458365262235017879005-592x1024.jpg 592w, https:\/\/contextoanalisisperiodistico.com\/wp-content\/uploads\/2026\/04\/img_20260428_1557458365262235017879005-174x300.jpg 174w, https:\/\/contextoanalisisperiodistico.com\/wp-content\/uploads\/2026\/04\/img_20260428_1557458365262235017879005.jpg 719w\" sizes=\"(max-width: 592px) 100vw, 592px\" \/><\/figure>\n\n\n\n<figure class=\"wp-block-image\"><img decoding=\"async\" width=\"605\" height=\"1024\" src=\"https:\/\/contextoanalisisperiodistico.com\/wp-content\/uploads\/2026\/04\/img_20260428_1559455558850174031135640-605x1024.jpg\" alt=\"\" class=\"wp-image-53233\" srcset=\"https:\/\/contextoanalisisperiodistico.com\/wp-content\/uploads\/2026\/04\/img_20260428_1559455558850174031135640-605x1024.jpg 605w, https:\/\/contextoanalisisperiodistico.com\/wp-content\/uploads\/2026\/04\/img_20260428_1559455558850174031135640-177x300.jpg 177w, https:\/\/contextoanalisisperiodistico.com\/wp-content\/uploads\/2026\/04\/img_20260428_1559455558850174031135640.jpg 716w\" sizes=\"(max-width: 605px) 100vw, 605px\" \/><\/figure>\n\n\n\n<figure class=\"wp-block-image\"><img decoding=\"async\" width=\"590\" height=\"1024\" src=\"https:\/\/contextoanalisisperiodistico.com\/wp-content\/uploads\/2026\/04\/img_20260428_1559207134261948033039585-590x1024.jpg\" alt=\"\" class=\"wp-image-53235\" srcset=\"https:\/\/contextoanalisisperiodistico.com\/wp-content\/uploads\/2026\/04\/img_20260428_1559207134261948033039585-590x1024.jpg 590w, https:\/\/contextoanalisisperiodistico.com\/wp-content\/uploads\/2026\/04\/img_20260428_1559207134261948033039585-173x300.jpg 173w, https:\/\/contextoanalisisperiodistico.com\/wp-content\/uploads\/2026\/04\/img_20260428_1559207134261948033039585.jpg 720w\" sizes=\"(max-width: 590px) 100vw, 590px\" \/><\/figure>\n\n\n\n<figure class=\"wp-block-image\"><img loading=\"lazy\" decoding=\"async\" width=\"583\" height=\"1024\" src=\"https:\/\/contextoanalisisperiodistico.com\/wp-content\/uploads\/2026\/04\/img_20260428_155802496290444245731574-583x1024.jpg\" alt=\"\" class=\"wp-image-53237\" srcset=\"https:\/\/contextoanalisisperiodistico.com\/wp-content\/uploads\/2026\/04\/img_20260428_155802496290444245731574-583x1024.jpg 583w, https:\/\/contextoanalisisperiodistico.com\/wp-content\/uploads\/2026\/04\/img_20260428_155802496290444245731574-171x300.jpg 171w, https:\/\/contextoanalisisperiodistico.com\/wp-content\/uploads\/2026\/04\/img_20260428_155802496290444245731574.jpg 720w\" sizes=\"(max-width: 583px) 100vw, 583px\" \/><\/figure>\n\n\n\n<figure class=\"wp-block-image\"><img loading=\"lazy\" decoding=\"async\" width=\"596\" height=\"1024\" src=\"https:\/\/contextoanalisisperiodistico.com\/wp-content\/uploads\/2026\/04\/img_20260428_1557228963514556750209827-596x1024.jpg\" alt=\"\" class=\"wp-image-53236\" srcset=\"https:\/\/contextoanalisisperiodistico.com\/wp-content\/uploads\/2026\/04\/img_20260428_1557228963514556750209827-596x1024.jpg 596w, https:\/\/contextoanalisisperiodistico.com\/wp-content\/uploads\/2026\/04\/img_20260428_1557228963514556750209827-175x300.jpg 175w, https:\/\/contextoanalisisperiodistico.com\/wp-content\/uploads\/2026\/04\/img_20260428_1557228963514556750209827.jpg 707w\" sizes=\"(max-width: 596px) 100vw, 596px\" \/><\/figure>\n","protected":false},"excerpt":{"rendered":"<p>*Acciones de vigilancia permanente cuidan a las familias oaxaque\u00f1as de la escuela al trabajo A&#8230;<\/p>\n","protected":false},"author":4,"featured_media":53231,"comment_status":"","ping_status":"open","sticky":false,"template":"","format":"standard","meta":{"footnotes":""},"categories":[9],"tags":[353,371,359,380,424],"jetpack_sharing_enabled":true,"featured_image_urls":{"full":["https:\/\/contextoanalisisperiodistico.com\/wp-content\/uploads\/2026\/04\/IMG_20260428_155827-1.jpg",714,1267,false],"thumbnail":["https:\/\/contextoanalisisperiodistico.com\/wp-content\/uploads\/2026\/04\/IMG_20260428_155827-1-150x150.jpg",150,150,true],"medium":["https:\/\/contextoanalisisperiodistico.com\/wp-content\/uploads\/2026\/04\/IMG_20260428_155827-1-169x300.jpg",169,300,true],"medium_large":["https:\/\/contextoanalisisperiodistico.com\/wp-content\/uploads\/2026\/04\/IMG_20260428_155827-1.jpg",640,1136,false],"large":["https:\/\/contextoanalisisperiodistico.com\/wp-content\/uploads\/2026\/04\/IMG_20260428_155827-1-577x1024.jpg",577,1024,true],"1536x1536":["https:\/\/contextoanalisisperiodistico.com\/wp-content\/uploads\/2026\/04\/IMG_20260428_155827-1.jpg",714,1267,false],"2048x2048":["https:\/\/contextoanalisisperiodistico.com\/wp-content\/uploads\/2026\/04\/IMG_20260428_155827-1.jpg",714,1267,false],"covernews-slider-full":["https:\/\/contextoanalisisperiodistico.com\/wp-content\/uploads\/2026\/04\/IMG_20260428_155827-1-714x715.jpg",714,715,true],"covernews-slider-center":["https:\/\/contextoanalisisperiodistico.com\/wp-content\/uploads\/2026\/04\/IMG_20260428_155827-1-714x500.jpg",714,500,true],"covernews-featured":["https:\/\/contextoanalisisperiodistico.com\/wp-content\/uploads\/2026\/04\/IMG_20260428_155827-1.jpg",714,1267,false],"covernews-medium":["https:\/\/contextoanalisisperiodistico.com\/wp-content\/uploads\/2026\/04\/IMG_20260428_155827-1-540x340.jpg",540,340,true],"covernews-medium-square":["https:\/\/contextoanalisisperiodistico.com\/wp-content\/uploads\/2026\/04\/IMG_20260428_155827-1-400x250.jpg",400,250,true]},"author_info":{"display_name":"Mario Gir\u00f3n","author_link":"https:\/\/contextoanalisisperiodistico.com\/index.php\/author\/director\/"},"category_info":"<a href=\"https:\/\/contextoanalisisperiodistico.com\/index.php\/category\/politica\/\" rel=\"category tag\">Pol\u00edtica<\/a>","tag_info":"Pol\u00edtica","comment_count":"0","jetpack_featured_media_url":"https:\/\/contextoanalisisperiodistico.com\/wp-content\/uploads\/2026\/04\/IMG_20260428_155827-1.jpg","_links":{"self":[{"href":"https:\/\/contextoanalisisperiodistico.com\/index.php\/wp-json\/wp\/v2\/posts\/53238"}],"collection":[{"href":"https:\/\/contextoanalisisperiodistico.com\/index.php\/wp-json\/wp\/v2\/posts"}],"about":[{"href":"https:\/\/contextoanalisisperiodistico.com\/index.php\/wp-json\/wp\/v2\/types\/post"}],"author":[{"embeddable":true,"href":"https:\/\/contextoanalisisperiodistico.com\/index.php\/wp-json\/wp\/v2\/users\/4"}],"replies":[{"embeddable":true,"href":"https:\/\/contextoanalisisperiodistico.com\/index.php\/wp-json\/wp\/v2\/comments?post=53238"}],"version-history":[{"count":0,"href":"https:\/\/contextoanalisisperiodistico.com\/index.php\/wp-json\/wp\/v2\/posts\/53238\/revisions"}],"wp:featuredmedia":[{"embeddable":true,"href":"https:\/\/contextoanalisisperiodistico.com\/index.php\/wp-json\/wp\/v2\/media\/53231"}],"wp:attachment":[{"href":"https:\/\/contextoanalisisperiodistico.com\/index.php\/wp-json\/wp\/v2\/media?parent=53238"}],"wp:term":[{"taxonomy":"category","embeddable":true,"href":"https:\/\/contextoanalisisperiodistico.com\/index.php\/wp-json\/wp\/v2\/categories?post=53238"},{"taxonomy":"post_tag","embeddable":true,"href":"https:\/\/contextoanalisisperiodistico.com\/index.php\/wp-json\/wp\/v2\/tags?post=53238"}],"curies":[{"name":"wp","href":"https:\/\/api.w.org\/{rel}","templated":true}]}}