{"id":53223,"date":"2026-04-28T14:38:27","date_gmt":"2026-04-28T20:38:27","guid":{"rendered":"https:\/\/contextoanalisisperiodistico.com\/?p=53223"},"modified":"2026-04-28T14:38:37","modified_gmt":"2026-04-28T20:38:37","slug":"con-obras-primavera-se-mejoran-vialidades-en-el-barrio-de-jalatlaco","status":"publish","type":"post","link":"https:\/\/contextoanalisisperiodistico.com\/index.php\/2026\/04\/28\/con-obras-primavera-se-mejoran-vialidades-en-el-barrio-de-jalatlaco\/","title":{"rendered":"Con Obras Primavera se mejoran vialidades en el barrio de Jalatlaco"},"content":{"rendered":"<div id=\"fb-root\"><\/div>\n\n<p>&nbsp;Oaxaca de Ju\u00e1rez, Oax., 28 de abril de 2026.- El Gobierno del Estado, a trav\u00e9s de la Secretar\u00eda de Infraestructuras y Comunicaciones (SIC), rehabilit\u00f3 las calles La Alianza y Curtidur\u00edas del barrio de Jalatlaco, en la capital oaxaque\u00f1a.&nbsp;<\/p>\n\n\n\n<figure class=\"wp-block-video\"><video controls src=\"https:\/\/contextoanalisisperiodistico.com\/wp-content\/uploads\/2026\/04\/VID-20260428-WA0060.mp4\"><\/video><\/figure>\n\n\n\n<p>A trav\u00e9s del programa de bacheo y reencarpetamiento, se renovaron mil 703 metros cuadrados de vialidades con concreto asf\u00e1ltico, transformando calles que estaban en mal estado en rutas \u00e1giles que facilitan la movilidad, acortan tiempos de traslado y con mayor seguridad.&nbsp;<\/p>\n\n\n\n<p>Esta Obra Primavera requiri\u00f3 trabajos de fresado profundo, retiro de pavimento da\u00f1ado, riego de impregnaci\u00f3n con emulsi\u00f3n asf\u00e1ltica, aplicaci\u00f3n de mezcla asf\u00e1ltica y riego de sellado a alta presi\u00f3n, lo que garantiza una ruta en \u00f3ptimas condiciones que beneficia de manera directa a quienes transitan a diario por esta v\u00eda.<\/p>\n\n\n\n<p><\/p>\n\n\n\n<figure class=\"wp-block-image size-large\"><img fetchpriority=\"high\" decoding=\"async\" width=\"585\" height=\"1024\" src=\"https:\/\/contextoanalisisperiodistico.com\/wp-content\/uploads\/2026\/04\/img_20260428_1428505188045389686108046-585x1024.jpg\" alt=\"\" class=\"wp-image-53224\" srcset=\"https:\/\/contextoanalisisperiodistico.com\/wp-content\/uploads\/2026\/04\/img_20260428_1428505188045389686108046-585x1024.jpg 585w, https:\/\/contextoanalisisperiodistico.com\/wp-content\/uploads\/2026\/04\/img_20260428_1428505188045389686108046-171x300.jpg 171w, https:\/\/contextoanalisisperiodistico.com\/wp-content\/uploads\/2026\/04\/img_20260428_1428505188045389686108046.jpg 720w\" sizes=\"(max-width: 585px) 100vw, 585px\" \/><\/figure>\n","protected":false},"excerpt":{"rendered":"<p>&nbsp;Oaxaca de Ju\u00e1rez, Oax., 28 de abril de 2026.- El Gobierno del Estado, a trav\u00e9s&#8230;<\/p>\n","protected":false},"author":4,"featured_media":53221,"comment_status":"closed","ping_status":"open","sticky":false,"template":"","format":"standard","meta":{"footnotes":""},"categories":[3],"tags":[316,424],"jetpack_sharing_enabled":true,"featured_image_urls":{"full":["https:\/\/contextoanalisisperiodistico.com\/wp-content\/uploads\/2026\/04\/IMG_20260428_142922.jpg",720,1250,false],"thumbnail":["https:\/\/contextoanalisisperiodistico.com\/wp-content\/uploads\/2026\/04\/IMG_20260428_142922-150x150.jpg",150,150,true],"medium":["https:\/\/contextoanalisisperiodistico.com\/wp-content\/uploads\/2026\/04\/IMG_20260428_142922-173x300.jpg",173,300,true],"medium_large":["https:\/\/contextoanalisisperiodistico.com\/wp-content\/uploads\/2026\/04\/IMG_20260428_142922.jpg",640,1111,false],"large":["https:\/\/contextoanalisisperiodistico.com\/wp-content\/uploads\/2026\/04\/IMG_20260428_142922-590x1024.jpg",590,1024,true],"1536x1536":["https:\/\/contextoanalisisperiodistico.com\/wp-content\/uploads\/2026\/04\/IMG_20260428_142922.jpg",720,1250,false],"2048x2048":["https:\/\/contextoanalisisperiodistico.com\/wp-content\/uploads\/2026\/04\/IMG_20260428_142922.jpg",720,1250,false],"covernews-slider-full":["https:\/\/contextoanalisisperiodistico.com\/wp-content\/uploads\/2026\/04\/IMG_20260428_142922-720x715.jpg",720,715,true],"covernews-slider-center":["https:\/\/contextoanalisisperiodistico.com\/wp-content\/uploads\/2026\/04\/IMG_20260428_142922-720x500.jpg",720,500,true],"covernews-featured":["https:\/\/contextoanalisisperiodistico.com\/wp-content\/uploads\/2026\/04\/IMG_20260428_142922.jpg",720,1250,false],"covernews-medium":["https:\/\/contextoanalisisperiodistico.com\/wp-content\/uploads\/2026\/04\/IMG_20260428_142922-540x340.jpg",540,340,true],"covernews-medium-square":["https:\/\/contextoanalisisperiodistico.com\/wp-content\/uploads\/2026\/04\/IMG_20260428_142922-400x250.jpg",400,250,true]},"author_info":{"display_name":"Mario Gir\u00f3n","author_link":"https:\/\/contextoanalisisperiodistico.com\/index.php\/author\/director\/"},"category_info":"<a href=\"https:\/\/contextoanalisisperiodistico.com\/index.php\/category\/ciudad\/\" rel=\"category tag\">Ciudad<\/a>","tag_info":"Ciudad","comment_count":"0","jetpack_featured_media_url":"https:\/\/contextoanalisisperiodistico.com\/wp-content\/uploads\/2026\/04\/IMG_20260428_142922.jpg","_links":{"self":[{"href":"https:\/\/contextoanalisisperiodistico.com\/index.php\/wp-json\/wp\/v2\/posts\/53223"}],"collection":[{"href":"https:\/\/contextoanalisisperiodistico.com\/index.php\/wp-json\/wp\/v2\/posts"}],"about":[{"href":"https:\/\/contextoanalisisperiodistico.com\/index.php\/wp-json\/wp\/v2\/types\/post"}],"author":[{"embeddable":true,"href":"https:\/\/contextoanalisisperiodistico.com\/index.php\/wp-json\/wp\/v2\/users\/4"}],"replies":[{"embeddable":true,"href":"https:\/\/contextoanalisisperiodistico.com\/index.php\/wp-json\/wp\/v2\/comments?post=53223"}],"version-history":[{"count":1,"href":"https:\/\/contextoanalisisperiodistico.com\/index.php\/wp-json\/wp\/v2\/posts\/53223\/revisions"}],"predecessor-version":[{"id":53225,"href":"https:\/\/contextoanalisisperiodistico.com\/index.php\/wp-json\/wp\/v2\/posts\/53223\/revisions\/53225"}],"wp:featuredmedia":[{"embeddable":true,"href":"https:\/\/contextoanalisisperiodistico.com\/index.php\/wp-json\/wp\/v2\/media\/53221"}],"wp:attachment":[{"href":"https:\/\/contextoanalisisperiodistico.com\/index.php\/wp-json\/wp\/v2\/media?parent=53223"}],"wp:term":[{"taxonomy":"category","embeddable":true,"href":"https:\/\/contextoanalisisperiodistico.com\/index.php\/wp-json\/wp\/v2\/categories?post=53223"},{"taxonomy":"post_tag","embeddable":true,"href":"https:\/\/contextoanalisisperiodistico.com\/index.php\/wp-json\/wp\/v2\/tags?post=53223"}],"curies":[{"name":"wp","href":"https:\/\/api.w.org\/{rel}","templated":true}]}}