{"id":53212,"date":"2026-04-27T17:39:02","date_gmt":"2026-04-27T23:39:02","guid":{"rendered":"https:\/\/contextoanalisisperiodistico.com\/index.php\/2026\/04\/27\/mejora-salomon-jara-atencion-al-autismo-con-ampliacion-del-centro-yela-to-bidao\/"},"modified":"2026-04-27T17:39:02","modified_gmt":"2026-04-27T23:39:02","slug":"mejora-salomon-jara-atencion-al-autismo-con-ampliacion-del-centro-yela-to-bidao","status":"publish","type":"post","link":"https:\/\/contextoanalisisperiodistico.com\/index.php\/2026\/04\/27\/mejora-salomon-jara-atencion-al-autismo-con-ampliacion-del-centro-yela-to-bidao\/","title":{"rendered":"Mejora Salom\u00f3n Jara atenci\u00f3n al autismo con ampliaci\u00f3n del Centro Yela to Bidao"},"content":{"rendered":"<div id=\"fb-root\"><\/div>\n\n<p>\u2022 Se destin\u00f3 un monto superior a 13 mdp para la construcci\u00f3n de aulas nuevas y una c\u00e1mara sensorial<\/p>\n\n\n\n<figure class=\"wp-block-image size-large\"><img fetchpriority=\"high\" decoding=\"async\" width=\"1024\" height=\"683\" src=\"https:\/\/contextoanalisisperiodistico.com\/wp-content\/uploads\/2026\/04\/img-20260427-wa00892353854179207685995-1024x683.jpg\" alt=\"\" class=\"wp-image-53210\" srcset=\"https:\/\/contextoanalisisperiodistico.com\/wp-content\/uploads\/2026\/04\/img-20260427-wa00892353854179207685995-1024x683.jpg 1024w, https:\/\/contextoanalisisperiodistico.com\/wp-content\/uploads\/2026\/04\/img-20260427-wa00892353854179207685995-300x200.jpg 300w, https:\/\/contextoanalisisperiodistico.com\/wp-content\/uploads\/2026\/04\/img-20260427-wa00892353854179207685995-768x512.jpg 768w, https:\/\/contextoanalisisperiodistico.com\/wp-content\/uploads\/2026\/04\/img-20260427-wa00892353854179207685995.jpg 1280w\" sizes=\"(max-width: 1024px) 100vw, 1024px\" \/><\/figure>\n\n\n\n<figure class=\"wp-block-image\"><img decoding=\"async\" width=\"1024\" height=\"683\" src=\"https:\/\/contextoanalisisperiodistico.com\/wp-content\/uploads\/2026\/04\/img-20260427-wa00871613411994970172455-1024x683.jpg\" alt=\"\" class=\"wp-image-53206\" srcset=\"https:\/\/contextoanalisisperiodistico.com\/wp-content\/uploads\/2026\/04\/img-20260427-wa00871613411994970172455-1024x683.jpg 1024w, https:\/\/contextoanalisisperiodistico.com\/wp-content\/uploads\/2026\/04\/img-20260427-wa00871613411994970172455-300x200.jpg 300w, https:\/\/contextoanalisisperiodistico.com\/wp-content\/uploads\/2026\/04\/img-20260427-wa00871613411994970172455-768x512.jpg 768w, https:\/\/contextoanalisisperiodistico.com\/wp-content\/uploads\/2026\/04\/img-20260427-wa00871613411994970172455.jpg 1280w\" sizes=\"(max-width: 1024px) 100vw, 1024px\" \/><\/figure>\n\n\n\n<figure class=\"wp-block-image\"><img decoding=\"async\" width=\"1024\" height=\"683\" src=\"https:\/\/contextoanalisisperiodistico.com\/wp-content\/uploads\/2026\/04\/img-20260427-wa00856547432622298303046-1024x683.jpg\" alt=\"\" class=\"wp-image-53209\" srcset=\"https:\/\/contextoanalisisperiodistico.com\/wp-content\/uploads\/2026\/04\/img-20260427-wa00856547432622298303046-1024x683.jpg 1024w, https:\/\/contextoanalisisperiodistico.com\/wp-content\/uploads\/2026\/04\/img-20260427-wa00856547432622298303046-300x200.jpg 300w, https:\/\/contextoanalisisperiodistico.com\/wp-content\/uploads\/2026\/04\/img-20260427-wa00856547432622298303046-768x512.jpg 768w, https:\/\/contextoanalisisperiodistico.com\/wp-content\/uploads\/2026\/04\/img-20260427-wa00856547432622298303046.jpg 1280w\" sizes=\"(max-width: 1024px) 100vw, 1024px\" \/><\/figure>\n\n\n\n<figure class=\"wp-block-image\"><img loading=\"lazy\" decoding=\"async\" width=\"1024\" height=\"683\" src=\"https:\/\/contextoanalisisperiodistico.com\/wp-content\/uploads\/2026\/04\/img-20260427-wa00881881736961119895891-1024x683.jpg\" alt=\"\" class=\"wp-image-53208\" srcset=\"https:\/\/contextoanalisisperiodistico.com\/wp-content\/uploads\/2026\/04\/img-20260427-wa00881881736961119895891-1024x683.jpg 1024w, https:\/\/contextoanalisisperiodistico.com\/wp-content\/uploads\/2026\/04\/img-20260427-wa00881881736961119895891-300x200.jpg 300w, https:\/\/contextoanalisisperiodistico.com\/wp-content\/uploads\/2026\/04\/img-20260427-wa00881881736961119895891-768x512.jpg 768w, https:\/\/contextoanalisisperiodistico.com\/wp-content\/uploads\/2026\/04\/img-20260427-wa00881881736961119895891.jpg 1280w\" sizes=\"(max-width: 1024px) 100vw, 1024px\" \/><\/figure>\n\n\n\n<figure class=\"wp-block-image\"><img loading=\"lazy\" decoding=\"async\" width=\"1024\" height=\"683\" src=\"https:\/\/contextoanalisisperiodistico.com\/wp-content\/uploads\/2026\/04\/img-20260427-wa00847171159390386365557-1024x683.jpg\" alt=\"\" class=\"wp-image-53207\" srcset=\"https:\/\/contextoanalisisperiodistico.com\/wp-content\/uploads\/2026\/04\/img-20260427-wa00847171159390386365557-1024x683.jpg 1024w, https:\/\/contextoanalisisperiodistico.com\/wp-content\/uploads\/2026\/04\/img-20260427-wa00847171159390386365557-300x200.jpg 300w, https:\/\/contextoanalisisperiodistico.com\/wp-content\/uploads\/2026\/04\/img-20260427-wa00847171159390386365557-768x512.jpg 768w, https:\/\/contextoanalisisperiodistico.com\/wp-content\/uploads\/2026\/04\/img-20260427-wa00847171159390386365557.jpg 1280w\" sizes=\"(max-width: 1024px) 100vw, 1024px\" \/><\/figure>\n\n\n\n<figure class=\"wp-block-image\"><img loading=\"lazy\" decoding=\"async\" width=\"1024\" height=\"683\" src=\"https:\/\/contextoanalisisperiodistico.com\/wp-content\/uploads\/2026\/04\/img-20260427-wa00834582151736712101975-1024x683.jpg\" alt=\"\" class=\"wp-image-53211\" srcset=\"https:\/\/contextoanalisisperiodistico.com\/wp-content\/uploads\/2026\/04\/img-20260427-wa00834582151736712101975-1024x683.jpg 1024w, https:\/\/contextoanalisisperiodistico.com\/wp-content\/uploads\/2026\/04\/img-20260427-wa00834582151736712101975-300x200.jpg 300w, https:\/\/contextoanalisisperiodistico.com\/wp-content\/uploads\/2026\/04\/img-20260427-wa00834582151736712101975-768x512.jpg 768w, https:\/\/contextoanalisisperiodistico.com\/wp-content\/uploads\/2026\/04\/img-20260427-wa00834582151736712101975.jpg 1250w\" sizes=\"(max-width: 1024px) 100vw, 1024px\" \/><\/figure>\n\n\n\n<p>\u2022 Esta labor aumentar\u00e1 la atenci\u00f3n integral de 800 ni\u00f1as y ni\u00f1os<\/p>\n\n\n\n<p>Oaxaca de Ju\u00e1rez, Oax. 27 de abril de 2026.- El Gobernador Salom\u00f3n Jara Cruz, y la Presidenta Honoraria del Sistema para el Desarrollo Integral de la Familia (DIF) Oaxaca, Irma Bola\u00f1os Quijano, inauguraron la ampliaci\u00f3n del Centro de Autismo Yela to Bidao, que requiri\u00f3 una inversi\u00f3n de m\u00e1s de 13 millones 900 mil pesos.<\/p>\n\n\n\n<p>Al cortar el list\u00f3n de inauguraci\u00f3n, Bola\u00f1os Quijano detall\u00f3 que este espacio ahora cuenta con una c\u00e1mara sensorial y nueve aulas nuevas para brindar terapias. Asimismo, reconoci\u00f3 el trabajo que todas las personas del Sistema DIF brindan para garantizar una atenci\u00f3n cercana y humana.<\/p>\n\n\n\n<p>\u201cCon el tiempo, hemos confirmado que la atenci\u00f3n al autismo no puede limitarse a un enfoque cl\u00ednico, requiere cercan\u00eda, continuidad y, sobre todo, comprensi\u00f3n del entorno familiar por eso, aqu\u00ed se ha ido construyendo algo m\u00e1s que servicios: se ha construido comunidad\u201d, remarc\u00f3.<\/p>\n\n\n\n<p>Al respecto, la titular del Sistema Nacional del DIF, Mar\u00eda del Roc\u00edo Garc\u00eda P\u00e9rez destac\u00f3 que esta acci\u00f3n refleja el profundo compromiso de la Primavera Oaxaque\u00f1a con el acceso y garant\u00eda de los derechos fundamentales de la ni\u00f1ez, prioridades del Gobierno Federal.<\/p>\n\n\n\n<p>Esta ampliaci\u00f3n se realiz\u00f3 en coinversi\u00f3n, el Gobierno del Estado aport\u00f3 9 millones 413 mil 322 pesos; el DIF Oaxaca contribuy\u00f3 con 4 millones; y el DIF Nacional dio un total de 541 mil 319 pesos.<\/p>\n\n\n\n<p>Con la intervenci\u00f3n de este inmueble se proyecta atender de manera integral y gratuita a m\u00e1s de 800 ni\u00f1as y ni\u00f1os que viven con Trastorno del Espectro Autista, superando el acompa\u00f1amiento a 419 infancias en los dos a\u00f1os anteriores.<\/p>\n\n\n\n<p>Asimismo, se anunci\u00f3 la creaci\u00f3n de 11 nuevos centros de atenci\u00f3n al autismo en diferentes municipios de la entidad a fin de acercar estos servicios a todos los rincones.<\/p>\n\n\n\n<p>-0-<\/p>\n","protected":false},"excerpt":{"rendered":"<p>\u2022 Se destin\u00f3 un monto superior a 13 mdp para la construcci\u00f3n de aulas nuevas&#8230;<\/p>\n","protected":false},"author":4,"featured_media":53205,"comment_status":"","ping_status":"open","sticky":false,"template":"","format":"standard","meta":{"footnotes":""},"categories":[9],"tags":[316,424],"jetpack_sharing_enabled":true,"featured_image_urls":{"full":["https:\/\/contextoanalisisperiodistico.com\/wp-content\/uploads\/2026\/04\/IMG-20260427-WA0086.jpg",1194,796,false],"thumbnail":["https:\/\/contextoanalisisperiodistico.com\/wp-content\/uploads\/2026\/04\/IMG-20260427-WA0086-150x150.jpg",150,150,true],"medium":["https:\/\/contextoanalisisperiodistico.com\/wp-content\/uploads\/2026\/04\/IMG-20260427-WA0086-300x200.jpg",300,200,true],"medium_large":["https:\/\/contextoanalisisperiodistico.com\/wp-content\/uploads\/2026\/04\/IMG-20260427-WA0086-768x512.jpg",640,427,true],"large":["https:\/\/contextoanalisisperiodistico.com\/wp-content\/uploads\/2026\/04\/IMG-20260427-WA0086-1024x683.jpg",640,427,true],"1536x1536":["https:\/\/contextoanalisisperiodistico.com\/wp-content\/uploads\/2026\/04\/IMG-20260427-WA0086.jpg",1194,796,false],"2048x2048":["https:\/\/contextoanalisisperiodistico.com\/wp-content\/uploads\/2026\/04\/IMG-20260427-WA0086.jpg",1194,796,false],"covernews-slider-full":["https:\/\/contextoanalisisperiodistico.com\/wp-content\/uploads\/2026\/04\/IMG-20260427-WA0086-1115x715.jpg",1115,715,true],"covernews-slider-center":["https:\/\/contextoanalisisperiodistico.com\/wp-content\/uploads\/2026\/04\/IMG-20260427-WA0086-800x500.jpg",800,500,true],"covernews-featured":["https:\/\/contextoanalisisperiodistico.com\/wp-content\/uploads\/2026\/04\/IMG-20260427-WA0086-1024x683.jpg",1024,683,true],"covernews-medium":["https:\/\/contextoanalisisperiodistico.com\/wp-content\/uploads\/2026\/04\/IMG-20260427-WA0086-540x340.jpg",540,340,true],"covernews-medium-square":["https:\/\/contextoanalisisperiodistico.com\/wp-content\/uploads\/2026\/04\/IMG-20260427-WA0086-400x250.jpg",400,250,true]},"author_info":{"display_name":"Mario Gir\u00f3n","author_link":"https:\/\/contextoanalisisperiodistico.com\/index.php\/author\/director\/"},"category_info":"<a href=\"https:\/\/contextoanalisisperiodistico.com\/index.php\/category\/politica\/\" rel=\"category tag\">Pol\u00edtica<\/a>","tag_info":"Pol\u00edtica","comment_count":"0","jetpack_featured_media_url":"https:\/\/contextoanalisisperiodistico.com\/wp-content\/uploads\/2026\/04\/IMG-20260427-WA0086.jpg","_links":{"self":[{"href":"https:\/\/contextoanalisisperiodistico.com\/index.php\/wp-json\/wp\/v2\/posts\/53212"}],"collection":[{"href":"https:\/\/contextoanalisisperiodistico.com\/index.php\/wp-json\/wp\/v2\/posts"}],"about":[{"href":"https:\/\/contextoanalisisperiodistico.com\/index.php\/wp-json\/wp\/v2\/types\/post"}],"author":[{"embeddable":true,"href":"https:\/\/contextoanalisisperiodistico.com\/index.php\/wp-json\/wp\/v2\/users\/4"}],"replies":[{"embeddable":true,"href":"https:\/\/contextoanalisisperiodistico.com\/index.php\/wp-json\/wp\/v2\/comments?post=53212"}],"version-history":[{"count":0,"href":"https:\/\/contextoanalisisperiodistico.com\/index.php\/wp-json\/wp\/v2\/posts\/53212\/revisions"}],"wp:featuredmedia":[{"embeddable":true,"href":"https:\/\/contextoanalisisperiodistico.com\/index.php\/wp-json\/wp\/v2\/media\/53205"}],"wp:attachment":[{"href":"https:\/\/contextoanalisisperiodistico.com\/index.php\/wp-json\/wp\/v2\/media?parent=53212"}],"wp:term":[{"taxonomy":"category","embeddable":true,"href":"https:\/\/contextoanalisisperiodistico.com\/index.php\/wp-json\/wp\/v2\/categories?post=53212"},{"taxonomy":"post_tag","embeddable":true,"href":"https:\/\/contextoanalisisperiodistico.com\/index.php\/wp-json\/wp\/v2\/tags?post=53212"}],"curies":[{"name":"wp","href":"https:\/\/api.w.org\/{rel}","templated":true}]}}