{"id":53197,"date":"2026-04-27T13:34:41","date_gmt":"2026-04-27T19:34:41","guid":{"rendered":"https:\/\/contextoanalisisperiodistico.com\/index.php\/2026\/04\/27\/fortalece-oaxaca-atencion-a-grupos-prioritarios-con-firma-de-convenio-entre-dif-estatal-y-municipios\/"},"modified":"2026-04-27T13:34:41","modified_gmt":"2026-04-27T19:34:41","slug":"fortalece-oaxaca-atencion-a-grupos-prioritarios-con-firma-de-convenio-entre-dif-estatal-y-municipios","status":"publish","type":"post","link":"https:\/\/contextoanalisisperiodistico.com\/index.php\/2026\/04\/27\/fortalece-oaxaca-atencion-a-grupos-prioritarios-con-firma-de-convenio-entre-dif-estatal-y-municipios\/","title":{"rendered":"Fortalece Oaxaca atenci\u00f3n a grupos prioritarios con firma de convenio entre DIF estatal y municipios"},"content":{"rendered":"<div id=\"fb-root\"><\/div>\n\n<p>\u2022 El Gobernador Salom\u00f3n Jara, la titular del SNDIF Mar\u00eda del Roc\u00edo Garc\u00eda y la Presidenta Honoraria del DIF Oaxaca Irma Bola\u00f1os, atestiguaron la firma de convenio con 539 municipios para la atenci\u00f3n alimentaria y desarrollo comunitario<\/p>\n\n\n\n<figure class=\"wp-block-image size-large\"><img fetchpriority=\"high\" decoding=\"async\" width=\"1024\" height=\"684\" src=\"https:\/\/contextoanalisisperiodistico.com\/wp-content\/uploads\/2026\/04\/img-20260427-wa00584355608947664362331-1024x684.jpg\" alt=\"\" class=\"wp-image-53195\" srcset=\"https:\/\/contextoanalisisperiodistico.com\/wp-content\/uploads\/2026\/04\/img-20260427-wa00584355608947664362331-1024x684.jpg 1024w, https:\/\/contextoanalisisperiodistico.com\/wp-content\/uploads\/2026\/04\/img-20260427-wa00584355608947664362331-300x200.jpg 300w, https:\/\/contextoanalisisperiodistico.com\/wp-content\/uploads\/2026\/04\/img-20260427-wa00584355608947664362331-768x513.jpg 768w, https:\/\/contextoanalisisperiodistico.com\/wp-content\/uploads\/2026\/04\/img-20260427-wa00584355608947664362331.jpg 1075w\" sizes=\"(max-width: 1024px) 100vw, 1024px\" \/><\/figure>\n\n\n\n<figure class=\"wp-block-image\"><img decoding=\"async\" width=\"1024\" height=\"683\" src=\"https:\/\/contextoanalisisperiodistico.com\/wp-content\/uploads\/2026\/04\/img-20260427-wa00574128417414805082237-1024x683.jpg\" alt=\"\" class=\"wp-image-53194\" srcset=\"https:\/\/contextoanalisisperiodistico.com\/wp-content\/uploads\/2026\/04\/img-20260427-wa00574128417414805082237-1024x683.jpg 1024w, https:\/\/contextoanalisisperiodistico.com\/wp-content\/uploads\/2026\/04\/img-20260427-wa00574128417414805082237-300x200.jpg 300w, https:\/\/contextoanalisisperiodistico.com\/wp-content\/uploads\/2026\/04\/img-20260427-wa00574128417414805082237-768x512.jpg 768w, https:\/\/contextoanalisisperiodistico.com\/wp-content\/uploads\/2026\/04\/img-20260427-wa00574128417414805082237.jpg 1280w\" sizes=\"(max-width: 1024px) 100vw, 1024px\" \/><\/figure>\n\n\n\n<figure class=\"wp-block-image\"><img decoding=\"async\" width=\"1024\" height=\"683\" src=\"https:\/\/contextoanalisisperiodistico.com\/wp-content\/uploads\/2026\/04\/img-20260427-wa00567312897762223033215-1024x683.jpg\" alt=\"\" class=\"wp-image-53196\" srcset=\"https:\/\/contextoanalisisperiodistico.com\/wp-content\/uploads\/2026\/04\/img-20260427-wa00567312897762223033215-1024x683.jpg 1024w, https:\/\/contextoanalisisperiodistico.com\/wp-content\/uploads\/2026\/04\/img-20260427-wa00567312897762223033215-300x200.jpg 300w, https:\/\/contextoanalisisperiodistico.com\/wp-content\/uploads\/2026\/04\/img-20260427-wa00567312897762223033215-768x512.jpg 768w, https:\/\/contextoanalisisperiodistico.com\/wp-content\/uploads\/2026\/04\/img-20260427-wa00567312897762223033215.jpg 1280w\" sizes=\"(max-width: 1024px) 100vw, 1024px\" \/><\/figure>\n\n\n\n<p>\u2022 Es respaldada por una inversi\u00f3n de mil 310 millones de pesos, de los gobiernos federal y estatal<\/p>\n\n\n\n<p>Santa Luc\u00eda del Camino, Oax. 27 de abril de 2026.- El Gobierno del Estado, a trav\u00e9s del Sistema Estatal para el Desarrollo Integral de la Familia (DIF Oaxaca), sign\u00f3 un convenio de colaboraci\u00f3n para la Atenci\u00f3n a Grupos Prioritarios con 539 municipios de la entidad, en materia de alimentaci\u00f3n y desarrollo comunitario a estos sectores de la poblaci\u00f3n.<\/p>\n\n\n\n<p>El Gobernador Salom\u00f3n Jara Cruz, la titular del Sistema Nacional DIF (SNDIF), Mar\u00eda del Roc\u00edo Garc\u00eda P\u00e9rez y la Presidenta Honoraria del Sistema DIF Oaxaca Irma Bola\u00f1os Quijano, atestiguaron esta alianza, la cual es respaldada por una inversi\u00f3n de mil 310 millones de pesos; de los cuales mil 99 millones son inversi\u00f3n federal y 210 millones de pesos estatal.<\/p>\n\n\n\n<p>El Mandatario estatal refiri\u00f3 que con esta acci\u00f3n, enmarcada en la Estrategia Integral de Asistencia Social, Alimentaci\u00f3n y Desarrollo Comunitario (EIASADC), se establece un acuerdo de voluntades para atender a quienes hist\u00f3ricamente han sido relegados, como ni\u00f1as, ni\u00f1os, personas mayores, con discapacidad y familias en situaci\u00f3n de vulnerabilidad.<\/p>\n\n\n\n<p>\u201cHoy damos un paso adelante en la construcci\u00f3n de un estado m\u00e1s solidario y humano\u201d, destac\u00f3 el Gobernador ante autoridades y comit\u00e9s del DIF municipales de la entidad, cuyas acciones se implementar\u00e1n en los programas Desayuno de Letritas, Itacate de mi Coraz\u00f3n, Latido Nutritivo, Alimentaci\u00f3n Solidaria, de Salud y Bienestar Comunitario, as\u00ed como, el subprograma Guisos de mi Pueblo.<\/p>\n\n\n\n<p>En su oportunidad la titular del Sistema Nacional DIF reconoci\u00f3 el compromiso del Gobernador Jara Cruz por los recursos brindados, los cuales representan los m\u00e1s numerosos del pa\u00eds para la alimentaci\u00f3n y bienestar de los grupos vulnerables.<\/p>\n\n\n\n<p>Estos beneficios suficientes y nutritivos se brindar\u00e1n a ni\u00f1as y ni\u00f1os en los primeros mil d\u00edas, en la primera infancia, desayunos escolares, personas con discapacidad, mayores y en situaci\u00f3n de emergencia o desastre, con el fin de garantizar el bienestar y seguridad alimentaria, sostuvo la funcionaria.<\/p>\n\n\n\n<p>En tanto la Presidenta Honoraria del Sistema DIF Oaxaca indic\u00f3 que con esta acci\u00f3n se consolida una pol\u00edtica estatal de atenci\u00f3n social que prioriza a las familias y comunidades, en la que se promueve una vida digna para todas y todos. \u201cHoy sembramos posibilidades que se convierten en oportunidades\u201d, resalt\u00f3.<br \/>-0-<\/p>\n","protected":false},"excerpt":{"rendered":"<p>\u2022 El Gobernador Salom\u00f3n Jara, la titular del SNDIF Mar\u00eda del Roc\u00edo Garc\u00eda y la&#8230;<\/p>\n","protected":false},"author":4,"featured_media":53193,"comment_status":"","ping_status":"open","sticky":false,"template":"","format":"standard","meta":{"footnotes":""},"categories":[9],"tags":[316,424],"jetpack_sharing_enabled":true,"featured_image_urls":{"full":["https:\/\/contextoanalisisperiodistico.com\/wp-content\/uploads\/2026\/04\/IMG-20260427-WA0055.jpg",1280,854,false],"thumbnail":["https:\/\/contextoanalisisperiodistico.com\/wp-content\/uploads\/2026\/04\/IMG-20260427-WA0055-150x150.jpg",150,150,true],"medium":["https:\/\/contextoanalisisperiodistico.com\/wp-content\/uploads\/2026\/04\/IMG-20260427-WA0055-300x200.jpg",300,200,true],"medium_large":["https:\/\/contextoanalisisperiodistico.com\/wp-content\/uploads\/2026\/04\/IMG-20260427-WA0055-768x512.jpg",640,427,true],"large":["https:\/\/contextoanalisisperiodistico.com\/wp-content\/uploads\/2026\/04\/IMG-20260427-WA0055-1024x683.jpg",640,427,true],"1536x1536":["https:\/\/contextoanalisisperiodistico.com\/wp-content\/uploads\/2026\/04\/IMG-20260427-WA0055.jpg",1280,854,false],"2048x2048":["https:\/\/contextoanalisisperiodistico.com\/wp-content\/uploads\/2026\/04\/IMG-20260427-WA0055.jpg",1280,854,false],"covernews-slider-full":["https:\/\/contextoanalisisperiodistico.com\/wp-content\/uploads\/2026\/04\/IMG-20260427-WA0055-1115x715.jpg",1115,715,true],"covernews-slider-center":["https:\/\/contextoanalisisperiodistico.com\/wp-content\/uploads\/2026\/04\/IMG-20260427-WA0055-800x500.jpg",800,500,true],"covernews-featured":["https:\/\/contextoanalisisperiodistico.com\/wp-content\/uploads\/2026\/04\/IMG-20260427-WA0055-1024x683.jpg",1024,683,true],"covernews-medium":["https:\/\/contextoanalisisperiodistico.com\/wp-content\/uploads\/2026\/04\/IMG-20260427-WA0055-540x340.jpg",540,340,true],"covernews-medium-square":["https:\/\/contextoanalisisperiodistico.com\/wp-content\/uploads\/2026\/04\/IMG-20260427-WA0055-400x250.jpg",400,250,true]},"author_info":{"display_name":"Mario Gir\u00f3n","author_link":"https:\/\/contextoanalisisperiodistico.com\/index.php\/author\/director\/"},"category_info":"<a href=\"https:\/\/contextoanalisisperiodistico.com\/index.php\/category\/politica\/\" rel=\"category tag\">Pol\u00edtica<\/a>","tag_info":"Pol\u00edtica","comment_count":"0","jetpack_featured_media_url":"https:\/\/contextoanalisisperiodistico.com\/wp-content\/uploads\/2026\/04\/IMG-20260427-WA0055.jpg","_links":{"self":[{"href":"https:\/\/contextoanalisisperiodistico.com\/index.php\/wp-json\/wp\/v2\/posts\/53197"}],"collection":[{"href":"https:\/\/contextoanalisisperiodistico.com\/index.php\/wp-json\/wp\/v2\/posts"}],"about":[{"href":"https:\/\/contextoanalisisperiodistico.com\/index.php\/wp-json\/wp\/v2\/types\/post"}],"author":[{"embeddable":true,"href":"https:\/\/contextoanalisisperiodistico.com\/index.php\/wp-json\/wp\/v2\/users\/4"}],"replies":[{"embeddable":true,"href":"https:\/\/contextoanalisisperiodistico.com\/index.php\/wp-json\/wp\/v2\/comments?post=53197"}],"version-history":[{"count":0,"href":"https:\/\/contextoanalisisperiodistico.com\/index.php\/wp-json\/wp\/v2\/posts\/53197\/revisions"}],"wp:featuredmedia":[{"embeddable":true,"href":"https:\/\/contextoanalisisperiodistico.com\/index.php\/wp-json\/wp\/v2\/media\/53193"}],"wp:attachment":[{"href":"https:\/\/contextoanalisisperiodistico.com\/index.php\/wp-json\/wp\/v2\/media?parent=53197"}],"wp:term":[{"taxonomy":"category","embeddable":true,"href":"https:\/\/contextoanalisisperiodistico.com\/index.php\/wp-json\/wp\/v2\/categories?post=53197"},{"taxonomy":"post_tag","embeddable":true,"href":"https:\/\/contextoanalisisperiodistico.com\/index.php\/wp-json\/wp\/v2\/tags?post=53197"}],"curies":[{"name":"wp","href":"https:\/\/api.w.org\/{rel}","templated":true}]}}