{"id":53192,"date":"2026-04-27T11:24:45","date_gmt":"2026-04-27T17:24:45","guid":{"rendered":"https:\/\/contextoanalisisperiodistico.com\/index.php\/2026\/04\/27\/anuncia-salomon-jara-inicio-de-distribuidor-vial-de-viguera-con-inversion-de-279-mdp\/"},"modified":"2026-04-27T11:24:45","modified_gmt":"2026-04-27T17:24:45","slug":"anuncia-salomon-jara-inicio-de-distribuidor-vial-de-viguera-con-inversion-de-279-mdp","status":"publish","type":"post","link":"https:\/\/contextoanalisisperiodistico.com\/index.php\/2026\/04\/27\/anuncia-salomon-jara-inicio-de-distribuidor-vial-de-viguera-con-inversion-de-279-mdp\/","title":{"rendered":"Anuncia Salom\u00f3n Jara inicio de distribuidor vial de Viguera con inversi\u00f3n de 279 mdp"},"content":{"rendered":"<div id=\"fb-root\"><\/div>\n\n<p>\u2022 Esta obra beneficiar\u00e1 a m\u00e1s de 270 mil personas con una vialidad moderna de 8 carriles que transformar\u00e1 integralmente la zona<\/p>\n\n\n\n<figure class=\"wp-block-image size-large\"><img fetchpriority=\"high\" decoding=\"async\" width=\"1024\" height=\"683\" src=\"https:\/\/contextoanalisisperiodistico.com\/wp-content\/uploads\/2026\/04\/img-20260427-wa00505093510138424204716-1024x683.jpg\" alt=\"\" class=\"wp-image-53191\" srcset=\"https:\/\/contextoanalisisperiodistico.com\/wp-content\/uploads\/2026\/04\/img-20260427-wa00505093510138424204716-1024x683.jpg 1024w, https:\/\/contextoanalisisperiodistico.com\/wp-content\/uploads\/2026\/04\/img-20260427-wa00505093510138424204716-300x200.jpg 300w, https:\/\/contextoanalisisperiodistico.com\/wp-content\/uploads\/2026\/04\/img-20260427-wa00505093510138424204716-768x512.jpg 768w, https:\/\/contextoanalisisperiodistico.com\/wp-content\/uploads\/2026\/04\/img-20260427-wa00505093510138424204716.jpg 1280w\" sizes=\"(max-width: 1024px) 100vw, 1024px\" \/><\/figure>\n\n\n\n<p>Oaxaca de Ju\u00e1rez, Oax. 27 de abril de 2026.- El Gobernador Salom\u00f3n Jara Cruz anunci\u00f3 el inicio de la construcci\u00f3n del distribuidor vial de Viguera, una obra estrat\u00e9gica que mejorar\u00e1 la movilidad de la ciudadan\u00eda y atender\u00e1 uno de los puntos con mayor carga vehicular en la capital del estado.<\/p>\n\n\n\n<p>Durante su conferencia de prensa, el Mandatario estatal se\u00f1al\u00f3 que esta obra se realizar\u00e1 en coordinaci\u00f3n con el municipio de Oaxaca de Ju\u00e1rez y el Gobierno del Estado, con el objetivo de mejorar la movilidad y dar soluci\u00f3n a uno de los puntos m\u00e1s congestionados de la ciudad.<\/p>\n\n\n\n<p>En su oportunidad, la titular de la Secretar\u00eda de Infraestructuras y Comunicaciones (SIC), Sildia Mecott G\u00f3mez, present\u00f3 los detalles t\u00e9cnicos del paso elevado que se ubicar\u00e1 sobre la carretera federal 190, a la altura de la agencia municipal de Viguera.<\/p>\n\n\n\n<p>El proyecto, denominado Paso a Desnivel Monumento a Ju\u00e1rez, contar\u00e1 con una inversi\u00f3n de 279 millones de pesos y beneficiar\u00e1 a 270 mil 955 personas. Su objetivo es transformar una vialidad actualmente colapsada en una infraestructura moderna y eficiente que reduzca los tiempos de traslado y garantice mayor seguridad para quienes transitan hacia el centro de la ciudad o salen de ella.<\/p>\n\n\n\n<p>La obra contempla la construcci\u00f3n de dos puentes elevados, cada uno con dos carriles en sentidos M\u00e9xico\u2013Oaxaca y Oaxaca\u2013M\u00e9xico, que se suman a los cuatro carriles existentes a nivel de piso, conformando un total de ocho carriles de 3.5 metros de ancho.<\/p>\n\n\n\n<p>Asimismo, se edificar\u00e1 una rotonda de 30 metros de di\u00e1metro que permitir\u00e1 mantener un tr\u00e1nsito continuo en la zona. El monumento a Benito Ju\u00e1rez ser\u00e1 conservado en su sitio original y contar\u00e1 con un nuevo basamento que lo elevar\u00e1 para destacar entre los puentes elevados.<\/p>\n\n\n\n<p>Como parte del proyecto integral, se incluir\u00e1n \u00e1reas verdes con plantas end\u00e9micas, iluminaci\u00f3n en el puente y bajo puente, sistema de drenaje, banquetas amplias, se\u00f1al\u00e9tica para cruces seguros, semaforizaci\u00f3n y pintura vial.<\/p>\n\n\n\n<p>Esta obra transformar\u00e1 de manera significativa la zona, brindando mayor seguridad tanto a automovilistas como a peatones, adem\u00e1s de mejorar la conectividad en uno de los accesos m\u00e1s importantes de la ciudad.<\/p>\n\n\n\n<p>-0-<\/p>\n","protected":false},"excerpt":{"rendered":"<p>\u2022 Esta obra beneficiar\u00e1 a m\u00e1s de 270 mil personas con una vialidad moderna de&#8230;<\/p>\n","protected":false},"author":4,"featured_media":53190,"comment_status":"","ping_status":"open","sticky":false,"template":"","format":"standard","meta":{"footnotes":""},"categories":[9],"tags":[316],"jetpack_sharing_enabled":true,"featured_image_urls":{"full":["https:\/\/contextoanalisisperiodistico.com\/wp-content\/uploads\/2026\/04\/IMG-20260427-WA0048.jpg",1280,854,false],"thumbnail":["https:\/\/contextoanalisisperiodistico.com\/wp-content\/uploads\/2026\/04\/IMG-20260427-WA0048-150x150.jpg",150,150,true],"medium":["https:\/\/contextoanalisisperiodistico.com\/wp-content\/uploads\/2026\/04\/IMG-20260427-WA0048-300x200.jpg",300,200,true],"medium_large":["https:\/\/contextoanalisisperiodistico.com\/wp-content\/uploads\/2026\/04\/IMG-20260427-WA0048-768x512.jpg",640,427,true],"large":["https:\/\/contextoanalisisperiodistico.com\/wp-content\/uploads\/2026\/04\/IMG-20260427-WA0048-1024x683.jpg",640,427,true],"1536x1536":["https:\/\/contextoanalisisperiodistico.com\/wp-content\/uploads\/2026\/04\/IMG-20260427-WA0048.jpg",1280,854,false],"2048x2048":["https:\/\/contextoanalisisperiodistico.com\/wp-content\/uploads\/2026\/04\/IMG-20260427-WA0048.jpg",1280,854,false],"covernews-slider-full":["https:\/\/contextoanalisisperiodistico.com\/wp-content\/uploads\/2026\/04\/IMG-20260427-WA0048-1115x715.jpg",1115,715,true],"covernews-slider-center":["https:\/\/contextoanalisisperiodistico.com\/wp-content\/uploads\/2026\/04\/IMG-20260427-WA0048-800x500.jpg",800,500,true],"covernews-featured":["https:\/\/contextoanalisisperiodistico.com\/wp-content\/uploads\/2026\/04\/IMG-20260427-WA0048-1024x683.jpg",1024,683,true],"covernews-medium":["https:\/\/contextoanalisisperiodistico.com\/wp-content\/uploads\/2026\/04\/IMG-20260427-WA0048-540x340.jpg",540,340,true],"covernews-medium-square":["https:\/\/contextoanalisisperiodistico.com\/wp-content\/uploads\/2026\/04\/IMG-20260427-WA0048-400x250.jpg",400,250,true]},"author_info":{"display_name":"Mario Gir\u00f3n","author_link":"https:\/\/contextoanalisisperiodistico.com\/index.php\/author\/director\/"},"category_info":"<a href=\"https:\/\/contextoanalisisperiodistico.com\/index.php\/category\/politica\/\" rel=\"category tag\">Pol\u00edtica<\/a>","tag_info":"Pol\u00edtica","comment_count":"0","jetpack_featured_media_url":"https:\/\/contextoanalisisperiodistico.com\/wp-content\/uploads\/2026\/04\/IMG-20260427-WA0048.jpg","_links":{"self":[{"href":"https:\/\/contextoanalisisperiodistico.com\/index.php\/wp-json\/wp\/v2\/posts\/53192"}],"collection":[{"href":"https:\/\/contextoanalisisperiodistico.com\/index.php\/wp-json\/wp\/v2\/posts"}],"about":[{"href":"https:\/\/contextoanalisisperiodistico.com\/index.php\/wp-json\/wp\/v2\/types\/post"}],"author":[{"embeddable":true,"href":"https:\/\/contextoanalisisperiodistico.com\/index.php\/wp-json\/wp\/v2\/users\/4"}],"replies":[{"embeddable":true,"href":"https:\/\/contextoanalisisperiodistico.com\/index.php\/wp-json\/wp\/v2\/comments?post=53192"}],"version-history":[{"count":0,"href":"https:\/\/contextoanalisisperiodistico.com\/index.php\/wp-json\/wp\/v2\/posts\/53192\/revisions"}],"wp:featuredmedia":[{"embeddable":true,"href":"https:\/\/contextoanalisisperiodistico.com\/index.php\/wp-json\/wp\/v2\/media\/53190"}],"wp:attachment":[{"href":"https:\/\/contextoanalisisperiodistico.com\/index.php\/wp-json\/wp\/v2\/media?parent=53192"}],"wp:term":[{"taxonomy":"category","embeddable":true,"href":"https:\/\/contextoanalisisperiodistico.com\/index.php\/wp-json\/wp\/v2\/categories?post=53192"},{"taxonomy":"post_tag","embeddable":true,"href":"https:\/\/contextoanalisisperiodistico.com\/index.php\/wp-json\/wp\/v2\/tags?post=53192"}],"curies":[{"name":"wp","href":"https:\/\/api.w.org\/{rel}","templated":true}]}}