{"id":53189,"date":"2026-04-27T11:21:47","date_gmt":"2026-04-27T17:21:47","guid":{"rendered":"https:\/\/contextoanalisisperiodistico.com\/index.php\/2026\/04\/27\/ray-chagoya-y-salomon-jara-transforman-la-capital-mas-de-500-mdp-para-obras-de-alto-impacto\/"},"modified":"2026-04-27T11:21:47","modified_gmt":"2026-04-27T17:21:47","slug":"ray-chagoya-y-salomon-jara-transforman-la-capital-mas-de-500-mdp-para-obras-de-alto-impacto","status":"publish","type":"post","link":"https:\/\/contextoanalisisperiodistico.com\/index.php\/2026\/04\/27\/ray-chagoya-y-salomon-jara-transforman-la-capital-mas-de-500-mdp-para-obras-de-alto-impacto\/","title":{"rendered":"Ray Chagoya y Salom\u00f3n Jara transforman la capital: m\u00e1s de 500 mdp para obras de alto impacto"},"content":{"rendered":"<div id=\"fb-root\"><\/div>\n\n<p>Junto al Gobernador, Salom\u00f3n Jara Cruz, el presidente municipal Ray Chagoya, anunci\u00f3 una inversi\u00f3n de m\u00e1s de 500 millones de pesos para la transformaci\u00f3n de la capital oaxaque\u00f1a con obras que mejorar\u00e1n la calidad de vida de las vecinas y vecinos.<\/p>\n\n\n\n<figure class=\"wp-block-video\"><video controls src=\"https:\/\/contextoanalisisperiodistico.com\/wp-content\/uploads\/2026\/04\/VID-20260427-WA0047.mp4\"><\/video><\/figure>\n\n\n\n<p>\u2705Puente elevado de Viguera<br \/>\u2705Oaxaca Camina<br \/>\u2705Avenida Monte Alb\u00e1n<br \/>\u2705Avenida La Campi\u00f1a<br \/>\u2705Circuito San Luis Beltr\u00e1n<br \/>\u2705Rehabilitaci\u00f3n del Parque del Amor<\/p>\n\n\n\n<p>Ray Chagoya destac\u00f3 el trabajo en equipo con el Gobierno del Estado y la Federaci\u00f3n para que estas obras sean una realidad en Oaxaca de Ju\u00e1rez y enfatiz\u00f3 que su administraci\u00f3n sigue trabajando en territorio, sumando esfuerzos y dando resultados para construir una ciudad con m\u00e1s movilidad, mejores espacios p\u00fablicos y m\u00e1s oportunidades para todas y todos.<\/p>\n","protected":false},"excerpt":{"rendered":"<p>Junto al Gobernador, Salom\u00f3n Jara Cruz, el presidente municipal Ray Chagoya, anunci\u00f3 una inversi\u00f3n de&#8230;<\/p>\n","protected":false},"author":4,"featured_media":53187,"comment_status":"","ping_status":"open","sticky":false,"template":"","format":"standard","meta":{"footnotes":""},"categories":[9],"tags":[238,353,302,178,406],"jetpack_sharing_enabled":true,"featured_image_urls":{"full":["https:\/\/contextoanalisisperiodistico.com\/wp-content\/uploads\/2026\/04\/IMG_20260427_111600.jpg",720,608,false],"thumbnail":["https:\/\/contextoanalisisperiodistico.com\/wp-content\/uploads\/2026\/04\/IMG_20260427_111600-150x150.jpg",150,150,true],"medium":["https:\/\/contextoanalisisperiodistico.com\/wp-content\/uploads\/2026\/04\/IMG_20260427_111600-300x253.jpg",300,253,true],"medium_large":["https:\/\/contextoanalisisperiodistico.com\/wp-content\/uploads\/2026\/04\/IMG_20260427_111600.jpg",640,540,false],"large":["https:\/\/contextoanalisisperiodistico.com\/wp-content\/uploads\/2026\/04\/IMG_20260427_111600.jpg",640,540,false],"1536x1536":["https:\/\/contextoanalisisperiodistico.com\/wp-content\/uploads\/2026\/04\/IMG_20260427_111600.jpg",720,608,false],"2048x2048":["https:\/\/contextoanalisisperiodistico.com\/wp-content\/uploads\/2026\/04\/IMG_20260427_111600.jpg",720,608,false],"covernews-slider-full":["https:\/\/contextoanalisisperiodistico.com\/wp-content\/uploads\/2026\/04\/IMG_20260427_111600.jpg",720,608,false],"covernews-slider-center":["https:\/\/contextoanalisisperiodistico.com\/wp-content\/uploads\/2026\/04\/IMG_20260427_111600-720x500.jpg",720,500,true],"covernews-featured":["https:\/\/contextoanalisisperiodistico.com\/wp-content\/uploads\/2026\/04\/IMG_20260427_111600.jpg",720,608,false],"covernews-medium":["https:\/\/contextoanalisisperiodistico.com\/wp-content\/uploads\/2026\/04\/IMG_20260427_111600-540x340.jpg",540,340,true],"covernews-medium-square":["https:\/\/contextoanalisisperiodistico.com\/wp-content\/uploads\/2026\/04\/IMG_20260427_111600-400x250.jpg",400,250,true]},"author_info":{"display_name":"Mario Gir\u00f3n","author_link":"https:\/\/contextoanalisisperiodistico.com\/index.php\/author\/director\/"},"category_info":"<a href=\"https:\/\/contextoanalisisperiodistico.com\/index.php\/category\/politica\/\" rel=\"category tag\">Pol\u00edtica<\/a>","tag_info":"Pol\u00edtica","comment_count":"0","jetpack_featured_media_url":"https:\/\/contextoanalisisperiodistico.com\/wp-content\/uploads\/2026\/04\/IMG_20260427_111600.jpg","_links":{"self":[{"href":"https:\/\/contextoanalisisperiodistico.com\/index.php\/wp-json\/wp\/v2\/posts\/53189"}],"collection":[{"href":"https:\/\/contextoanalisisperiodistico.com\/index.php\/wp-json\/wp\/v2\/posts"}],"about":[{"href":"https:\/\/contextoanalisisperiodistico.com\/index.php\/wp-json\/wp\/v2\/types\/post"}],"author":[{"embeddable":true,"href":"https:\/\/contextoanalisisperiodistico.com\/index.php\/wp-json\/wp\/v2\/users\/4"}],"replies":[{"embeddable":true,"href":"https:\/\/contextoanalisisperiodistico.com\/index.php\/wp-json\/wp\/v2\/comments?post=53189"}],"version-history":[{"count":0,"href":"https:\/\/contextoanalisisperiodistico.com\/index.php\/wp-json\/wp\/v2\/posts\/53189\/revisions"}],"wp:featuredmedia":[{"embeddable":true,"href":"https:\/\/contextoanalisisperiodistico.com\/index.php\/wp-json\/wp\/v2\/media\/53187"}],"wp:attachment":[{"href":"https:\/\/contextoanalisisperiodistico.com\/index.php\/wp-json\/wp\/v2\/media?parent=53189"}],"wp:term":[{"taxonomy":"category","embeddable":true,"href":"https:\/\/contextoanalisisperiodistico.com\/index.php\/wp-json\/wp\/v2\/categories?post=53189"},{"taxonomy":"post_tag","embeddable":true,"href":"https:\/\/contextoanalisisperiodistico.com\/index.php\/wp-json\/wp\/v2\/tags?post=53189"}],"curies":[{"name":"wp","href":"https:\/\/api.w.org\/{rel}","templated":true}]}}