{"id":53186,"date":"2026-04-27T09:29:51","date_gmt":"2026-04-27T15:29:51","guid":{"rendered":"https:\/\/contextoanalisisperiodistico.com\/index.php\/2026\/04\/27\/ray-chagoya-anuncia-el-inicio-de-la-obra-del-distribuidor-vial-de-viguera-en-conferencia-con-el-gobernador\/"},"modified":"2026-04-27T09:29:51","modified_gmt":"2026-04-27T15:29:51","slug":"ray-chagoya-anuncia-el-inicio-de-la-obra-del-distribuidor-vial-de-viguera-en-conferencia-con-el-gobernador","status":"publish","type":"post","link":"https:\/\/contextoanalisisperiodistico.com\/index.php\/2026\/04\/27\/ray-chagoya-anuncia-el-inicio-de-la-obra-del-distribuidor-vial-de-viguera-en-conferencia-con-el-gobernador\/","title":{"rendered":"Ray Chagoya anuncia el inicio de la obra del Distribuidor Vial de Viguera en conferencia con el Gobernador"},"content":{"rendered":"<div id=\"fb-root\"><\/div>\n\n<p>Durante la conferencia de prensa del gobernador Salom\u00f3n Jara Cruz, esta ma\u00f1ana<br \/>el presidente municipal de Oaxaca de Ju\u00e1rez Ray Chagoya dio a conocer el inicio de la obra del&nbsp;Distribuidor Vial de Viguera.<\/p>\n\n\n\n<p>Una obra de gran impacto que transformar\u00e1 el acceso poniente a la ciudad de Oaxaca que contempla 8 carriles (4 elevados y 4 a nivel) y una rotonda donde se elevar\u00e1 el monumento a BenitoJu\u00e1rez, que modernizar\u00e1 la vialidad en la zona.<\/p>\n\n\n\n<figure class=\"wp-block-video\"><video controls src=\"https:\/\/contextoanalisisperiodistico.com\/wp-content\/uploads\/2026\/04\/VID-20260427-WA0023.mp4\"><\/video><\/figure>\n\n\n\n<figure class=\"wp-block-image size-large\"><img fetchpriority=\"high\" decoding=\"async\" width=\"460\" height=\"1024\" src=\"https:\/\/contextoanalisisperiodistico.com\/wp-content\/uploads\/2026\/04\/screenshot_2026-04-27-09-21-59-59_6012fa4d4ddec268fc5c7112cbb265e73553283057748295757-460x1024.jpg\" alt=\"\" class=\"wp-image-53185\" srcset=\"https:\/\/contextoanalisisperiodistico.com\/wp-content\/uploads\/2026\/04\/screenshot_2026-04-27-09-21-59-59_6012fa4d4ddec268fc5c7112cbb265e73553283057748295757-460x1024.jpg 460w, https:\/\/contextoanalisisperiodistico.com\/wp-content\/uploads\/2026\/04\/screenshot_2026-04-27-09-21-59-59_6012fa4d4ddec268fc5c7112cbb265e73553283057748295757-135x300.jpg 135w, https:\/\/contextoanalisisperiodistico.com\/wp-content\/uploads\/2026\/04\/screenshot_2026-04-27-09-21-59-59_6012fa4d4ddec268fc5c7112cbb265e73553283057748295757-689x1536.jpg 689w, https:\/\/contextoanalisisperiodistico.com\/wp-content\/uploads\/2026\/04\/screenshot_2026-04-27-09-21-59-59_6012fa4d4ddec268fc5c7112cbb265e73553283057748295757.jpg 720w\" sizes=\"(max-width: 460px) 100vw, 460px\" \/><\/figure>\n","protected":false},"excerpt":{"rendered":"<p>Durante la conferencia de prensa del gobernador Salom\u00f3n Jara Cruz, esta ma\u00f1anael presidente municipal de&#8230;<\/p>\n","protected":false},"author":4,"featured_media":53183,"comment_status":"","ping_status":"open","sticky":false,"template":"","format":"standard","meta":{"footnotes":""},"categories":[9],"tags":[353,302,178],"jetpack_sharing_enabled":true,"featured_image_urls":{"full":["https:\/\/contextoanalisisperiodistico.com\/wp-content\/uploads\/2026\/04\/IMG_20260427_092522.jpg",696,402,false],"thumbnail":["https:\/\/contextoanalisisperiodistico.com\/wp-content\/uploads\/2026\/04\/IMG_20260427_092522-150x150.jpg",150,150,true],"medium":["https:\/\/contextoanalisisperiodistico.com\/wp-content\/uploads\/2026\/04\/IMG_20260427_092522-300x173.jpg",300,173,true],"medium_large":["https:\/\/contextoanalisisperiodistico.com\/wp-content\/uploads\/2026\/04\/IMG_20260427_092522.jpg",640,370,false],"large":["https:\/\/contextoanalisisperiodistico.com\/wp-content\/uploads\/2026\/04\/IMG_20260427_092522.jpg",640,370,false],"1536x1536":["https:\/\/contextoanalisisperiodistico.com\/wp-content\/uploads\/2026\/04\/IMG_20260427_092522.jpg",696,402,false],"2048x2048":["https:\/\/contextoanalisisperiodistico.com\/wp-content\/uploads\/2026\/04\/IMG_20260427_092522.jpg",696,402,false],"covernews-slider-full":["https:\/\/contextoanalisisperiodistico.com\/wp-content\/uploads\/2026\/04\/IMG_20260427_092522.jpg",696,402,false],"covernews-slider-center":["https:\/\/contextoanalisisperiodistico.com\/wp-content\/uploads\/2026\/04\/IMG_20260427_092522.jpg",696,402,false],"covernews-featured":["https:\/\/contextoanalisisperiodistico.com\/wp-content\/uploads\/2026\/04\/IMG_20260427_092522.jpg",696,402,false],"covernews-medium":["https:\/\/contextoanalisisperiodistico.com\/wp-content\/uploads\/2026\/04\/IMG_20260427_092522-540x340.jpg",540,340,true],"covernews-medium-square":["https:\/\/contextoanalisisperiodistico.com\/wp-content\/uploads\/2026\/04\/IMG_20260427_092522-400x250.jpg",400,250,true]},"author_info":{"display_name":"Mario Gir\u00f3n","author_link":"https:\/\/contextoanalisisperiodistico.com\/index.php\/author\/director\/"},"category_info":"<a href=\"https:\/\/contextoanalisisperiodistico.com\/index.php\/category\/politica\/\" rel=\"category tag\">Pol\u00edtica<\/a>","tag_info":"Pol\u00edtica","comment_count":"0","jetpack_featured_media_url":"https:\/\/contextoanalisisperiodistico.com\/wp-content\/uploads\/2026\/04\/IMG_20260427_092522.jpg","_links":{"self":[{"href":"https:\/\/contextoanalisisperiodistico.com\/index.php\/wp-json\/wp\/v2\/posts\/53186"}],"collection":[{"href":"https:\/\/contextoanalisisperiodistico.com\/index.php\/wp-json\/wp\/v2\/posts"}],"about":[{"href":"https:\/\/contextoanalisisperiodistico.com\/index.php\/wp-json\/wp\/v2\/types\/post"}],"author":[{"embeddable":true,"href":"https:\/\/contextoanalisisperiodistico.com\/index.php\/wp-json\/wp\/v2\/users\/4"}],"replies":[{"embeddable":true,"href":"https:\/\/contextoanalisisperiodistico.com\/index.php\/wp-json\/wp\/v2\/comments?post=53186"}],"version-history":[{"count":0,"href":"https:\/\/contextoanalisisperiodistico.com\/index.php\/wp-json\/wp\/v2\/posts\/53186\/revisions"}],"wp:featuredmedia":[{"embeddable":true,"href":"https:\/\/contextoanalisisperiodistico.com\/index.php\/wp-json\/wp\/v2\/media\/53183"}],"wp:attachment":[{"href":"https:\/\/contextoanalisisperiodistico.com\/index.php\/wp-json\/wp\/v2\/media?parent=53186"}],"wp:term":[{"taxonomy":"category","embeddable":true,"href":"https:\/\/contextoanalisisperiodistico.com\/index.php\/wp-json\/wp\/v2\/categories?post=53186"},{"taxonomy":"post_tag","embeddable":true,"href":"https:\/\/contextoanalisisperiodistico.com\/index.php\/wp-json\/wp\/v2\/tags?post=53186"}],"curies":[{"name":"wp","href":"https:\/\/api.w.org\/{rel}","templated":true}]}}