{"id":53171,"date":"2026-04-26T13:43:57","date_gmt":"2026-04-26T19:43:57","guid":{"rendered":"https:\/\/contextoanalisisperiodistico.com\/index.php\/2026\/04\/26\/nueva-ruta-binnibus-ra-05-guie-conecta-colonia-jardin-anahuac\/"},"modified":"2026-04-26T13:43:57","modified_gmt":"2026-04-26T19:43:57","slug":"nueva-ruta-binnibus-ra-05-guie-conecta-colonia-jardin-anahuac","status":"publish","type":"post","link":"https:\/\/contextoanalisisperiodistico.com\/index.php\/2026\/04\/26\/nueva-ruta-binnibus-ra-05-guie-conecta-colonia-jardin-anahuac\/","title":{"rendered":"NUEVA RUTA BINNIBUS RA-05 \u201cGUIE\u2019\u201d CONECTA COLONIA JARD\u00cdN \u2013 AN\u00c1HUAC"},"content":{"rendered":"<div id=\"fb-root\"><\/div>\n\n<p>El Gobierno del Estado, a trav\u00e9s del Sistema de Transporte Colectivo Metropolitano BinniBus Oaxaca, contin\u00faa mejorando el transporte p\u00fablico con la puesta en marcha de la nueva Ruta RA-05 \u201cGuie\u2019\u201d, que conecta puntos clave de la capital y municipios conurbados. \ud83d\udc4f\ud83c\udffd<\/p>\n\n\n\n<p>\ud83c\udf38 \u201cGuie\u2019\u201d significa flor en zapoteco del Istmo de Tehuantepec.<\/p>\n\n\n\n<p>\ud83d\uddd3\ufe0f <em>YA EN OPERACI\u00d3N<\/em><br \/>\ud83d\udccd Conectar\u00e1 zonas como CRIT, Universidad An\u00e1huac, Xoxocotl\u00e1n, La Salle, Bosque El Tequio, Jalatlaco, colonia Reforma y Volcanes.<br \/>\ud83d\ude8f 104 paradas (51 de ida y 53 de regreso).<br \/>\ud83d\ude8d Operar\u00e1 con 8 unidades.<br \/>\ud83e\uddd1\u200d\ud83e\uddd1\u200d\ud83e\uddd2\u200d\ud83e\uddd2 Beneficia a miles de personas usuarias.<\/p>\n\n\n\n<p>\ud83d\udd55 Horario de servicio:<br \/>De 6:00 a 22:00 horas, de lunes a domingo.<\/p>\n\n\n\n<p>\ud83d\udc5b <em>TARIFA<\/em><br \/>$8 general<br \/>$4 personas adultas mayores y estudiantes<br \/>Gratuito para personas con discapacidad<\/p>\n","protected":false},"excerpt":{"rendered":"<p>El Gobierno del Estado, a trav\u00e9s del Sistema de Transporte Colectivo Metropolitano BinniBus Oaxaca, contin\u00faa&#8230;<\/p>\n","protected":false},"author":4,"featured_media":53170,"comment_status":"","ping_status":"open","sticky":false,"template":"","format":"standard","meta":{"footnotes":""},"categories":[3],"tags":[316],"jetpack_sharing_enabled":true,"featured_image_urls":{"full":["https:\/\/contextoanalisisperiodistico.com\/wp-content\/uploads\/2026\/04\/IMG-20260426-WA0026.jpg",1111,1600,false],"thumbnail":["https:\/\/contextoanalisisperiodistico.com\/wp-content\/uploads\/2026\/04\/IMG-20260426-WA0026-150x150.jpg",150,150,true],"medium":["https:\/\/contextoanalisisperiodistico.com\/wp-content\/uploads\/2026\/04\/IMG-20260426-WA0026-208x300.jpg",208,300,true],"medium_large":["https:\/\/contextoanalisisperiodistico.com\/wp-content\/uploads\/2026\/04\/IMG-20260426-WA0026-768x1106.jpg",640,922,true],"large":["https:\/\/contextoanalisisperiodistico.com\/wp-content\/uploads\/2026\/04\/IMG-20260426-WA0026-711x1024.jpg",640,922,true],"1536x1536":["https:\/\/contextoanalisisperiodistico.com\/wp-content\/uploads\/2026\/04\/IMG-20260426-WA0026-1067x1536.jpg",1067,1536,true],"2048x2048":["https:\/\/contextoanalisisperiodistico.com\/wp-content\/uploads\/2026\/04\/IMG-20260426-WA0026.jpg",1111,1600,false],"covernews-slider-full":["https:\/\/contextoanalisisperiodistico.com\/wp-content\/uploads\/2026\/04\/IMG-20260426-WA0026-1111x715.jpg",1111,715,true],"covernews-slider-center":["https:\/\/contextoanalisisperiodistico.com\/wp-content\/uploads\/2026\/04\/IMG-20260426-WA0026-800x500.jpg",800,500,true],"covernews-featured":["https:\/\/contextoanalisisperiodistico.com\/wp-content\/uploads\/2026\/04\/IMG-20260426-WA0026-1024x1475.jpg",1024,1475,true],"covernews-medium":["https:\/\/contextoanalisisperiodistico.com\/wp-content\/uploads\/2026\/04\/IMG-20260426-WA0026-540x340.jpg",540,340,true],"covernews-medium-square":["https:\/\/contextoanalisisperiodistico.com\/wp-content\/uploads\/2026\/04\/IMG-20260426-WA0026-400x250.jpg",400,250,true]},"author_info":{"display_name":"Mario Gir\u00f3n","author_link":"https:\/\/contextoanalisisperiodistico.com\/index.php\/author\/director\/"},"category_info":"<a href=\"https:\/\/contextoanalisisperiodistico.com\/index.php\/category\/ciudad\/\" rel=\"category tag\">Ciudad<\/a>","tag_info":"Ciudad","comment_count":"0","jetpack_featured_media_url":"https:\/\/contextoanalisisperiodistico.com\/wp-content\/uploads\/2026\/04\/IMG-20260426-WA0026.jpg","_links":{"self":[{"href":"https:\/\/contextoanalisisperiodistico.com\/index.php\/wp-json\/wp\/v2\/posts\/53171"}],"collection":[{"href":"https:\/\/contextoanalisisperiodistico.com\/index.php\/wp-json\/wp\/v2\/posts"}],"about":[{"href":"https:\/\/contextoanalisisperiodistico.com\/index.php\/wp-json\/wp\/v2\/types\/post"}],"author":[{"embeddable":true,"href":"https:\/\/contextoanalisisperiodistico.com\/index.php\/wp-json\/wp\/v2\/users\/4"}],"replies":[{"embeddable":true,"href":"https:\/\/contextoanalisisperiodistico.com\/index.php\/wp-json\/wp\/v2\/comments?post=53171"}],"version-history":[{"count":0,"href":"https:\/\/contextoanalisisperiodistico.com\/index.php\/wp-json\/wp\/v2\/posts\/53171\/revisions"}],"wp:featuredmedia":[{"embeddable":true,"href":"https:\/\/contextoanalisisperiodistico.com\/index.php\/wp-json\/wp\/v2\/media\/53170"}],"wp:attachment":[{"href":"https:\/\/contextoanalisisperiodistico.com\/index.php\/wp-json\/wp\/v2\/media?parent=53171"}],"wp:term":[{"taxonomy":"category","embeddable":true,"href":"https:\/\/contextoanalisisperiodistico.com\/index.php\/wp-json\/wp\/v2\/categories?post=53171"},{"taxonomy":"post_tag","embeddable":true,"href":"https:\/\/contextoanalisisperiodistico.com\/index.php\/wp-json\/wp\/v2\/tags?post=53171"}],"curies":[{"name":"wp","href":"https:\/\/api.w.org\/{rel}","templated":true}]}}