{"id":53122,"date":"2026-04-25T14:30:16","date_gmt":"2026-04-25T20:30:16","guid":{"rendered":"https:\/\/contextoanalisisperiodistico.com\/index.php\/2026\/04\/25\/en-juchitan-continuan-debilitando-y-desarticulando-delincuencia-organizada\/"},"modified":"2026-04-25T14:30:16","modified_gmt":"2026-04-25T20:30:16","slug":"en-juchitan-continuan-debilitando-y-desarticulando-delincuencia-organizada","status":"publish","type":"post","link":"https:\/\/contextoanalisisperiodistico.com\/index.php\/2026\/04\/25\/en-juchitan-continuan-debilitando-y-desarticulando-delincuencia-organizada\/","title":{"rendered":"\u00a1En Juchit\u00e1n contin\u00faan debilitando y desarticulando delincuencia organizada"},"content":{"rendered":"<div id=\"fb-root\"><\/div>\n\n<p>El Gabinete de Seguridad en equipo con la Secretar\u00eda de Marina e instituciones de procuraci\u00f3n de justicia, contin\u00faan ejecutando el Plan Juchit\u00e1n por La Paz.<\/p>\n\n\n\n<p>Como resultado de este operativo en la colonia \u00c1lvaro Obreg\u00f3n, se logr\u00f3:<\/p>\n\n\n\n<ul class=\"wp-block-list\">\n<li>La detenci\u00f3n de J.G.L., alias \u00abEl Negro\u00bb o \u00abEl Moreno\u00bb<\/li>\n\n\n\n<li>El aseguramiento de m\u00e1s de 400 dosis de presuntas drogas: cristal, coca\u00edna y m\u00e1s de 2 kg de marihuana<\/li>\n\n\n\n<li>El decomiso de armamento: una escopeta y decenas de cartuchos \u00fatiles; adem\u00e1s de una motocicleta<\/li>\n<\/ul>\n\n\n\n<figure class=\"wp-block-video\"><video controls src=\"https:\/\/contextoanalisisperiodistico.com\/wp-content\/uploads\/2026\/04\/VID-20260425-WA0124.mp4\"><\/video><\/figure>\n","protected":false},"excerpt":{"rendered":"<p>El Gabinete de Seguridad en equipo con la Secretar\u00eda de Marina e instituciones de procuraci\u00f3n&#8230;<\/p>\n","protected":false},"author":4,"featured_media":53120,"comment_status":"","ping_status":"open","sticky":false,"template":"","format":"standard","meta":{"footnotes":""},"categories":[10],"tags":[316],"jetpack_sharing_enabled":true,"featured_image_urls":{"full":["https:\/\/contextoanalisisperiodistico.com\/wp-content\/uploads\/2026\/04\/IMG_20260425_142620.jpg",720,1209,false],"thumbnail":["https:\/\/contextoanalisisperiodistico.com\/wp-content\/uploads\/2026\/04\/IMG_20260425_142620-150x150.jpg",150,150,true],"medium":["https:\/\/contextoanalisisperiodistico.com\/wp-content\/uploads\/2026\/04\/IMG_20260425_142620-179x300.jpg",179,300,true],"medium_large":["https:\/\/contextoanalisisperiodistico.com\/wp-content\/uploads\/2026\/04\/IMG_20260425_142620.jpg",640,1075,false],"large":["https:\/\/contextoanalisisperiodistico.com\/wp-content\/uploads\/2026\/04\/IMG_20260425_142620-610x1024.jpg",610,1024,true],"1536x1536":["https:\/\/contextoanalisisperiodistico.com\/wp-content\/uploads\/2026\/04\/IMG_20260425_142620.jpg",720,1209,false],"2048x2048":["https:\/\/contextoanalisisperiodistico.com\/wp-content\/uploads\/2026\/04\/IMG_20260425_142620.jpg",720,1209,false],"covernews-slider-full":["https:\/\/contextoanalisisperiodistico.com\/wp-content\/uploads\/2026\/04\/IMG_20260425_142620-720x715.jpg",720,715,true],"covernews-slider-center":["https:\/\/contextoanalisisperiodistico.com\/wp-content\/uploads\/2026\/04\/IMG_20260425_142620-720x500.jpg",720,500,true],"covernews-featured":["https:\/\/contextoanalisisperiodistico.com\/wp-content\/uploads\/2026\/04\/IMG_20260425_142620.jpg",720,1209,false],"covernews-medium":["https:\/\/contextoanalisisperiodistico.com\/wp-content\/uploads\/2026\/04\/IMG_20260425_142620-540x340.jpg",540,340,true],"covernews-medium-square":["https:\/\/contextoanalisisperiodistico.com\/wp-content\/uploads\/2026\/04\/IMG_20260425_142620-400x250.jpg",400,250,true]},"author_info":{"display_name":"Mario Gir\u00f3n","author_link":"https:\/\/contextoanalisisperiodistico.com\/index.php\/author\/director\/"},"category_info":"<a href=\"https:\/\/contextoanalisisperiodistico.com\/index.php\/category\/seguridad\/\" rel=\"category tag\">Seguridad<\/a>","tag_info":"Seguridad","comment_count":"0","jetpack_featured_media_url":"https:\/\/contextoanalisisperiodistico.com\/wp-content\/uploads\/2026\/04\/IMG_20260425_142620.jpg","_links":{"self":[{"href":"https:\/\/contextoanalisisperiodistico.com\/index.php\/wp-json\/wp\/v2\/posts\/53122"}],"collection":[{"href":"https:\/\/contextoanalisisperiodistico.com\/index.php\/wp-json\/wp\/v2\/posts"}],"about":[{"href":"https:\/\/contextoanalisisperiodistico.com\/index.php\/wp-json\/wp\/v2\/types\/post"}],"author":[{"embeddable":true,"href":"https:\/\/contextoanalisisperiodistico.com\/index.php\/wp-json\/wp\/v2\/users\/4"}],"replies":[{"embeddable":true,"href":"https:\/\/contextoanalisisperiodistico.com\/index.php\/wp-json\/wp\/v2\/comments?post=53122"}],"version-history":[{"count":0,"href":"https:\/\/contextoanalisisperiodistico.com\/index.php\/wp-json\/wp\/v2\/posts\/53122\/revisions"}],"wp:featuredmedia":[{"embeddable":true,"href":"https:\/\/contextoanalisisperiodistico.com\/index.php\/wp-json\/wp\/v2\/media\/53120"}],"wp:attachment":[{"href":"https:\/\/contextoanalisisperiodistico.com\/index.php\/wp-json\/wp\/v2\/media?parent=53122"}],"wp:term":[{"taxonomy":"category","embeddable":true,"href":"https:\/\/contextoanalisisperiodistico.com\/index.php\/wp-json\/wp\/v2\/categories?post=53122"},{"taxonomy":"post_tag","embeddable":true,"href":"https:\/\/contextoanalisisperiodistico.com\/index.php\/wp-json\/wp\/v2\/tags?post=53122"}],"curies":[{"name":"wp","href":"https:\/\/api.w.org\/{rel}","templated":true}]}}