{"id":53083,"date":"2026-04-24T21:05:56","date_gmt":"2026-04-25T03:05:56","guid":{"rendered":"https:\/\/contextoanalisisperiodistico.com\/index.php\/2026\/04\/24\/cuenta-pluma-hidalgo-con-apoyos-del-gobierno-bienestar-para-elevar-la-calidad-de-vida\/"},"modified":"2026-04-24T21:05:56","modified_gmt":"2026-04-25T03:05:56","slug":"cuenta-pluma-hidalgo-con-apoyos-del-gobierno-bienestar-para-elevar-la-calidad-de-vida","status":"publish","type":"post","link":"https:\/\/contextoanalisisperiodistico.com\/index.php\/2026\/04\/24\/cuenta-pluma-hidalgo-con-apoyos-del-gobierno-bienestar-para-elevar-la-calidad-de-vida\/","title":{"rendered":"Cuenta Pluma Hidalgo con apoyos del Gobierno Bienestar para elevar la calidad de vida"},"content":{"rendered":"<div id=\"fb-root\"><\/div>\n\n<p>\u2022 Con la estrategia Trabajo que Transforma tu Municipio, el Gobernador Salom\u00f3n Jara anunci\u00f3 obras y acciones como el mejoramiento de caminos, apoyos para la producci\u00f3n del caf\u00e9, programas sociales, educaci\u00f3n y salud<\/p>\n\n\n\n<figure class=\"wp-block-video\"><\/figure>\n\n\n\n<figure class=\"wp-block-video\"><video controls src=\"https:\/\/contextoanalisisperiodistico.com\/wp-content\/uploads\/2026\/04\/VID-20260424-WA0093.mp4\"><\/video><\/figure>\n\n\n\n<figure class=\"wp-block-image size-large\"><img fetchpriority=\"high\" decoding=\"async\" width=\"1024\" height=\"683\" src=\"https:\/\/contextoanalisisperiodistico.com\/wp-content\/uploads\/2026\/04\/img-20260424-wa00849186763816568724002-1024x683.jpg\" alt=\"\" class=\"wp-image-53082\" srcset=\"https:\/\/contextoanalisisperiodistico.com\/wp-content\/uploads\/2026\/04\/img-20260424-wa00849186763816568724002-1024x683.jpg 1024w, https:\/\/contextoanalisisperiodistico.com\/wp-content\/uploads\/2026\/04\/img-20260424-wa00849186763816568724002-300x200.jpg 300w, https:\/\/contextoanalisisperiodistico.com\/wp-content\/uploads\/2026\/04\/img-20260424-wa00849186763816568724002-768x512.jpg 768w, https:\/\/contextoanalisisperiodistico.com\/wp-content\/uploads\/2026\/04\/img-20260424-wa00849186763816568724002.jpg 1280w\" sizes=\"(max-width: 1024px) 100vw, 1024px\" \/><\/figure>\n\n\n\n<figure class=\"wp-block-image\"><img decoding=\"async\" width=\"1024\" height=\"683\" src=\"https:\/\/contextoanalisisperiodistico.com\/wp-content\/uploads\/2026\/04\/img-20260424-wa00838947886326666766348-1024x683.jpg\" alt=\"\" class=\"wp-image-53080\" srcset=\"https:\/\/contextoanalisisperiodistico.com\/wp-content\/uploads\/2026\/04\/img-20260424-wa00838947886326666766348-1024x683.jpg 1024w, https:\/\/contextoanalisisperiodistico.com\/wp-content\/uploads\/2026\/04\/img-20260424-wa00838947886326666766348-300x200.jpg 300w, https:\/\/contextoanalisisperiodistico.com\/wp-content\/uploads\/2026\/04\/img-20260424-wa00838947886326666766348-768x512.jpg 768w, https:\/\/contextoanalisisperiodistico.com\/wp-content\/uploads\/2026\/04\/img-20260424-wa00838947886326666766348.jpg 1280w\" sizes=\"(max-width: 1024px) 100vw, 1024px\" \/><\/figure>\n\n\n\n<figure class=\"wp-block-image\"><img decoding=\"async\" width=\"1024\" height=\"683\" src=\"https:\/\/contextoanalisisperiodistico.com\/wp-content\/uploads\/2026\/04\/img-20260424-wa00856240251354582970768-1024x683.jpg\" alt=\"\" class=\"wp-image-53081\" srcset=\"https:\/\/contextoanalisisperiodistico.com\/wp-content\/uploads\/2026\/04\/img-20260424-wa00856240251354582970768-1024x683.jpg 1024w, https:\/\/contextoanalisisperiodistico.com\/wp-content\/uploads\/2026\/04\/img-20260424-wa00856240251354582970768-300x200.jpg 300w, https:\/\/contextoanalisisperiodistico.com\/wp-content\/uploads\/2026\/04\/img-20260424-wa00856240251354582970768-768x512.jpg 768w, https:\/\/contextoanalisisperiodistico.com\/wp-content\/uploads\/2026\/04\/img-20260424-wa00856240251354582970768.jpg 1280w\" sizes=\"(max-width: 1024px) 100vw, 1024px\" \/><\/figure>\n\n\n\n<p>Pluma Hidalgo, Oax. 24 de abril de 2026.- En esta localidad que se destaca por la producci\u00f3n nacional e internacional de caf\u00e9 org\u00e1nico, el Gobernador Salom\u00f3n Jara Cruz anunci\u00f3 obras y acciones para el bienestar de la poblaci\u00f3n.<\/p>\n\n\n\n<p>Ante autoridades municipales y pobladores, el Mandatario estatal destac\u00f3 que con la estrategia Trabajo que Transforma tu Municipio, se atienden directamente las principales demandas de la ciudadan\u00eda, como el campo, educaci\u00f3n, salud, programas sociales y productivas. \u201cHoy tienen un Gobierno amigo, un gobierno de ustedes, del pueblo y para el pueblo\u201d, sostuvo.<\/p>\n\n\n\n<p>Principales acciones para Pluma Hidalgo<\/p>\n\n\n\n<p>\u2022 Conservaci\u00f3n de 30 kil\u00f3metros de la carretera Copalita-Santa Mar\u00eda Huatulco<br \/>\u2022 Pavimentaci\u00f3n de 8 kil\u00f3metros del camino que comunica a Santa Mar\u00eda Magdalena Pi\u00f1as<br \/>\u2022 Validaci\u00f3n del proyecto para la rehabilitaci\u00f3n del sistema de agua potable en la cabecera municipal<br \/>\u2022 Pago del 50 por ciento para la certificaci\u00f3n del caf\u00e9 org\u00e1nico a favor de 130 personas productoras<br \/>\u2022 Con Sembrando Vida, se otorgan 6 mil pesos mensuales a personas del campo<br \/>\u2022 Respaldo a trav\u00e9s del Comit\u00e9 Estatal de Sanidad Vegetal para el combate de plagas del caf\u00e9<br \/>\u2022 Cr\u00e9ditos con garant\u00edas l\u00edquidas<br \/>\u2022 Beneficios con equipo tecnol\u00f3gico, mobiliario y material escolar, deportivo y de oficina a nueve escuelas de educaci\u00f3n b\u00e1sica<br \/>\u2022 Impulso al turismo comunitario para la Ruta del Caf\u00e9 y la venta del grano<br \/>\u2022 Con Tarjeta Margarita Maza, se benefician a 18 jefas de familias<br \/>\u2022 Tandas Mujer Primavera con cr\u00e9ditos a la palabra<br \/>\u2022 Abasto del 85 por ciento de medicamentos para dos unidades m\u00e9dicas<\/p>\n\n\n\n<p>-0-<\/p>\n\n\n\n<p><\/p>\n","protected":false},"excerpt":{"rendered":"<p>\u2022 Con la estrategia Trabajo que Transforma tu Municipio, el Gobernador Salom\u00f3n Jara anunci\u00f3 obras&#8230;<\/p>\n","protected":false},"author":4,"featured_media":53078,"comment_status":"","ping_status":"open","sticky":false,"template":"","format":"standard","meta":{"footnotes":""},"categories":[9],"tags":[316],"jetpack_sharing_enabled":true,"featured_image_urls":{"full":["https:\/\/contextoanalisisperiodistico.com\/wp-content\/uploads\/2026\/04\/IMG-20260424-WA0082.jpg",1280,854,false],"thumbnail":["https:\/\/contextoanalisisperiodistico.com\/wp-content\/uploads\/2026\/04\/IMG-20260424-WA0082-150x150.jpg",150,150,true],"medium":["https:\/\/contextoanalisisperiodistico.com\/wp-content\/uploads\/2026\/04\/IMG-20260424-WA0082-300x200.jpg",300,200,true],"medium_large":["https:\/\/contextoanalisisperiodistico.com\/wp-content\/uploads\/2026\/04\/IMG-20260424-WA0082-768x512.jpg",640,427,true],"large":["https:\/\/contextoanalisisperiodistico.com\/wp-content\/uploads\/2026\/04\/IMG-20260424-WA0082-1024x683.jpg",640,427,true],"1536x1536":["https:\/\/contextoanalisisperiodistico.com\/wp-content\/uploads\/2026\/04\/IMG-20260424-WA0082.jpg",1280,854,false],"2048x2048":["https:\/\/contextoanalisisperiodistico.com\/wp-content\/uploads\/2026\/04\/IMG-20260424-WA0082.jpg",1280,854,false],"covernews-slider-full":["https:\/\/contextoanalisisperiodistico.com\/wp-content\/uploads\/2026\/04\/IMG-20260424-WA0082-1115x715.jpg",1115,715,true],"covernews-slider-center":["https:\/\/contextoanalisisperiodistico.com\/wp-content\/uploads\/2026\/04\/IMG-20260424-WA0082-800x500.jpg",800,500,true],"covernews-featured":["https:\/\/contextoanalisisperiodistico.com\/wp-content\/uploads\/2026\/04\/IMG-20260424-WA0082-1024x683.jpg",1024,683,true],"covernews-medium":["https:\/\/contextoanalisisperiodistico.com\/wp-content\/uploads\/2026\/04\/IMG-20260424-WA0082-540x340.jpg",540,340,true],"covernews-medium-square":["https:\/\/contextoanalisisperiodistico.com\/wp-content\/uploads\/2026\/04\/IMG-20260424-WA0082-400x250.jpg",400,250,true]},"author_info":{"display_name":"Mario Gir\u00f3n","author_link":"https:\/\/contextoanalisisperiodistico.com\/index.php\/author\/director\/"},"category_info":"<a href=\"https:\/\/contextoanalisisperiodistico.com\/index.php\/category\/politica\/\" rel=\"category tag\">Pol\u00edtica<\/a>","tag_info":"Pol\u00edtica","comment_count":"0","jetpack_featured_media_url":"https:\/\/contextoanalisisperiodistico.com\/wp-content\/uploads\/2026\/04\/IMG-20260424-WA0082.jpg","_links":{"self":[{"href":"https:\/\/contextoanalisisperiodistico.com\/index.php\/wp-json\/wp\/v2\/posts\/53083"}],"collection":[{"href":"https:\/\/contextoanalisisperiodistico.com\/index.php\/wp-json\/wp\/v2\/posts"}],"about":[{"href":"https:\/\/contextoanalisisperiodistico.com\/index.php\/wp-json\/wp\/v2\/types\/post"}],"author":[{"embeddable":true,"href":"https:\/\/contextoanalisisperiodistico.com\/index.php\/wp-json\/wp\/v2\/users\/4"}],"replies":[{"embeddable":true,"href":"https:\/\/contextoanalisisperiodistico.com\/index.php\/wp-json\/wp\/v2\/comments?post=53083"}],"version-history":[{"count":0,"href":"https:\/\/contextoanalisisperiodistico.com\/index.php\/wp-json\/wp\/v2\/posts\/53083\/revisions"}],"wp:featuredmedia":[{"embeddable":true,"href":"https:\/\/contextoanalisisperiodistico.com\/index.php\/wp-json\/wp\/v2\/media\/53078"}],"wp:attachment":[{"href":"https:\/\/contextoanalisisperiodistico.com\/index.php\/wp-json\/wp\/v2\/media?parent=53083"}],"wp:term":[{"taxonomy":"category","embeddable":true,"href":"https:\/\/contextoanalisisperiodistico.com\/index.php\/wp-json\/wp\/v2\/categories?post=53083"},{"taxonomy":"post_tag","embeddable":true,"href":"https:\/\/contextoanalisisperiodistico.com\/index.php\/wp-json\/wp\/v2\/tags?post=53083"}],"curies":[{"name":"wp","href":"https:\/\/api.w.org\/{rel}","templated":true}]}}