{"id":53077,"date":"2026-04-24T19:09:06","date_gmt":"2026-04-25T01:09:06","guid":{"rendered":"https:\/\/contextoanalisisperiodistico.com\/index.php\/2026\/04\/24\/494-aniversario-de-la-ciudad-de-oaxaca-programa-de-actividades-25-de-abril\/"},"modified":"2026-04-24T19:09:06","modified_gmt":"2026-04-25T01:09:06","slug":"494-aniversario-de-la-ciudad-de-oaxaca-programa-de-actividades-25-de-abril","status":"publish","type":"post","link":"https:\/\/contextoanalisisperiodistico.com\/index.php\/2026\/04\/24\/494-aniversario-de-la-ciudad-de-oaxaca-programa-de-actividades-25-de-abril\/","title":{"rendered":"494 Aniversario de la Ciudad de Oaxaca: Programa de Actividades (25 de Abril)"},"content":{"rendered":"<div id=\"fb-root\"><\/div>\n\n<p><em>Alameda de Le\u00f3n<\/em><\/p>\n\n\n\n<figure class=\"wp-block-image size-large\"><img fetchpriority=\"high\" decoding=\"async\" width=\"820\" height=\"1024\" src=\"https:\/\/contextoanalisisperiodistico.com\/wp-content\/uploads\/2026\/04\/img-20260424-wa0092553944345441173485-820x1024.jpg\" alt=\"\" class=\"wp-image-53076\" srcset=\"https:\/\/contextoanalisisperiodistico.com\/wp-content\/uploads\/2026\/04\/img-20260424-wa0092553944345441173485-820x1024.jpg 820w, https:\/\/contextoanalisisperiodistico.com\/wp-content\/uploads\/2026\/04\/img-20260424-wa0092553944345441173485-240x300.jpg 240w, https:\/\/contextoanalisisperiodistico.com\/wp-content\/uploads\/2026\/04\/img-20260424-wa0092553944345441173485-768x959.jpg 768w, https:\/\/contextoanalisisperiodistico.com\/wp-content\/uploads\/2026\/04\/img-20260424-wa0092553944345441173485-1231x1536.jpg 1231w, https:\/\/contextoanalisisperiodistico.com\/wp-content\/uploads\/2026\/04\/img-20260424-wa0092553944345441173485-1024x1278.jpg 1024w, https:\/\/contextoanalisisperiodistico.com\/wp-content\/uploads\/2026\/04\/img-20260424-wa0092553944345441173485.jpg 1282w\" sizes=\"(max-width: 820px) 100vw, 820px\" \/><\/figure>\n\n\n\n<ol class=\"wp-block-list\">\n<li>Toque de Chirim\u00eda (06:45 hrs.).<\/li>\n\n\n\n<li>Repique de Campanas (06:55 hrs.).<\/li>\n\n\n\n<li>Ma\u00f1anitas a la ciudad y recital musical (07:00 hrs.).<\/li>\n\n\n\n<li>Espect\u00e1culo A\u00e9reo por aviones de la Fuerza A\u00e9rea Mexicana (08:00 hrs.).<\/li>\n\n\n\n<li>Ofrecimiento de Tamales y Atole a las Vecinas y Vecinos de Oaxaca de Ju\u00e1rez (08:15 hrs.).<\/li>\n<\/ol>\n\n\n\n<p><em>Sal\u00f3n de Cabildo, Palacio Municipal<\/em><\/p>\n\n\n\n<ol start=\"6\" class=\"wp-block-list\">\n<li>Sesi\u00f3n Solemne de Cabildo por el 494 Aniversario de la Ciudad de Oaxaca. (10:00 hrs.)<\/li>\n<\/ol>\n\n\n\n<p>Su participaci\u00f3n es muy importante para dar realce a las actividades del Aniversario de la Ciudad.<\/p>\n\n\n\n<p>Los esperamos.<\/p>\n","protected":false},"excerpt":{"rendered":"<p>Alameda de Le\u00f3n Sal\u00f3n de Cabildo, Palacio Municipal Su participaci\u00f3n es muy importante para dar&#8230;<\/p>\n","protected":false},"author":4,"featured_media":53075,"comment_status":"","ping_status":"open","sticky":false,"template":"","format":"standard","meta":{"footnotes":""},"categories":[9],"tags":[353,302,178],"jetpack_sharing_enabled":true,"featured_image_urls":{"full":["https:\/\/contextoanalisisperiodistico.com\/wp-content\/uploads\/2026\/04\/IMG-20260424-WA0091.jpg",1048,1280,false],"thumbnail":["https:\/\/contextoanalisisperiodistico.com\/wp-content\/uploads\/2026\/04\/IMG-20260424-WA0091-150x150.jpg",150,150,true],"medium":["https:\/\/contextoanalisisperiodistico.com\/wp-content\/uploads\/2026\/04\/IMG-20260424-WA0091-246x300.jpg",246,300,true],"medium_large":["https:\/\/contextoanalisisperiodistico.com\/wp-content\/uploads\/2026\/04\/IMG-20260424-WA0091-768x938.jpg",640,782,true],"large":["https:\/\/contextoanalisisperiodistico.com\/wp-content\/uploads\/2026\/04\/IMG-20260424-WA0091-838x1024.jpg",640,782,true],"1536x1536":["https:\/\/contextoanalisisperiodistico.com\/wp-content\/uploads\/2026\/04\/IMG-20260424-WA0091.jpg",1048,1280,false],"2048x2048":["https:\/\/contextoanalisisperiodistico.com\/wp-content\/uploads\/2026\/04\/IMG-20260424-WA0091.jpg",1048,1280,false],"covernews-slider-full":["https:\/\/contextoanalisisperiodistico.com\/wp-content\/uploads\/2026\/04\/IMG-20260424-WA0091-1048x715.jpg",1048,715,true],"covernews-slider-center":["https:\/\/contextoanalisisperiodistico.com\/wp-content\/uploads\/2026\/04\/IMG-20260424-WA0091-800x500.jpg",800,500,true],"covernews-featured":["https:\/\/contextoanalisisperiodistico.com\/wp-content\/uploads\/2026\/04\/IMG-20260424-WA0091-1024x1251.jpg",1024,1251,true],"covernews-medium":["https:\/\/contextoanalisisperiodistico.com\/wp-content\/uploads\/2026\/04\/IMG-20260424-WA0091-540x340.jpg",540,340,true],"covernews-medium-square":["https:\/\/contextoanalisisperiodistico.com\/wp-content\/uploads\/2026\/04\/IMG-20260424-WA0091-400x250.jpg",400,250,true]},"author_info":{"display_name":"Mario Gir\u00f3n","author_link":"https:\/\/contextoanalisisperiodistico.com\/index.php\/author\/director\/"},"category_info":"<a href=\"https:\/\/contextoanalisisperiodistico.com\/index.php\/category\/politica\/\" rel=\"category tag\">Pol\u00edtica<\/a>","tag_info":"Pol\u00edtica","comment_count":"0","jetpack_featured_media_url":"https:\/\/contextoanalisisperiodistico.com\/wp-content\/uploads\/2026\/04\/IMG-20260424-WA0091.jpg","_links":{"self":[{"href":"https:\/\/contextoanalisisperiodistico.com\/index.php\/wp-json\/wp\/v2\/posts\/53077"}],"collection":[{"href":"https:\/\/contextoanalisisperiodistico.com\/index.php\/wp-json\/wp\/v2\/posts"}],"about":[{"href":"https:\/\/contextoanalisisperiodistico.com\/index.php\/wp-json\/wp\/v2\/types\/post"}],"author":[{"embeddable":true,"href":"https:\/\/contextoanalisisperiodistico.com\/index.php\/wp-json\/wp\/v2\/users\/4"}],"replies":[{"embeddable":true,"href":"https:\/\/contextoanalisisperiodistico.com\/index.php\/wp-json\/wp\/v2\/comments?post=53077"}],"version-history":[{"count":0,"href":"https:\/\/contextoanalisisperiodistico.com\/index.php\/wp-json\/wp\/v2\/posts\/53077\/revisions"}],"wp:featuredmedia":[{"embeddable":true,"href":"https:\/\/contextoanalisisperiodistico.com\/index.php\/wp-json\/wp\/v2\/media\/53075"}],"wp:attachment":[{"href":"https:\/\/contextoanalisisperiodistico.com\/index.php\/wp-json\/wp\/v2\/media?parent=53077"}],"wp:term":[{"taxonomy":"category","embeddable":true,"href":"https:\/\/contextoanalisisperiodistico.com\/index.php\/wp-json\/wp\/v2\/categories?post=53077"},{"taxonomy":"post_tag","embeddable":true,"href":"https:\/\/contextoanalisisperiodistico.com\/index.php\/wp-json\/wp\/v2\/tags?post=53077"}],"curies":[{"name":"wp","href":"https:\/\/api.w.org\/{rel}","templated":true}]}}