{"id":53067,"date":"2026-04-24T16:11:01","date_gmt":"2026-04-24T22:11:01","guid":{"rendered":"https:\/\/contextoanalisisperiodistico.com\/index.php\/2026\/04\/24\/con-mas-infraestructura-educativa-mejora-gobierno-del-bienestar-aprendizaje-de-las-adolescencias-en-santa-maria-tonameca\/"},"modified":"2026-04-24T16:12:02","modified_gmt":"2026-04-24T22:12:02","slug":"con-mas-infraestructura-educativa-mejora-gobierno-del-bienestar-aprendizaje-de-las-adolescencias-en-santa-maria-tonameca","status":"publish","type":"post","link":"https:\/\/contextoanalisisperiodistico.com\/index.php\/2026\/04\/24\/con-mas-infraestructura-educativa-mejora-gobierno-del-bienestar-aprendizaje-de-las-adolescencias-en-santa-maria-tonameca\/","title":{"rendered":"Con m\u00e1s infraestructura educativa, mejora Gobierno del Bienestar aprendizaje en Santa Mar\u00eda Tonameca"},"content":{"rendered":"<div id=\"fb-root\"><\/div>\n\n<p>\u2022 Dentro del Cecyteo n\u00famero 31, el Gobernador Salom\u00f3n Jara inaugur\u00f3 el techado del \u00e1rea de usos m\u00faltiples, el cual cont\u00f3 con una inversi\u00f3n de 3.1 mdp<\/p>\n\n\n\n<p>Santa Mar\u00eda Tonameca, Oax. 24 de abril de 2026.- El Gobernador Salom\u00f3n Jara Cruz inaugur\u00f3 el techado del \u00e1rea de usos m\u00faltiples en el Colegio de Estudios Cient\u00edficos y Tecnol\u00f3gicos del Estado de Oaxaca (Cecyteo) n\u00famero 31 ubicado en Santa Elena el Tule, Santa Mar\u00eda Tonameca.<\/p>\n\n\n\n<p>Durante su gira de trabajo por la regi\u00f3n Costa, el Mandatario estatal destac\u00f3 que dentro de este lugar las y los alumnos de este plantel podr\u00e1n reunirse, jugar seguros, realizar eventos deportivos y actividades acad\u00e9micas sin que el clima sea un obst\u00e1culo.<\/p>\n\n\n\n<p>\u201cVimos que varias escuelas estaban muy abandonadas, ya hemos techado varias instituciones de los planteles de los Cecytes; ahora ya tienen techado, cu\u00eddenlo, mant\u00e9nganlo y, como dice el director de la escuela, es para todas las actividades l\u00fadicas, deportivas, culturales, art\u00edsticas y para todo lo que requieran\u00bb, resalt\u00f3.<\/p>\n\n\n\n<p>Asimismo, Jara Cruz anunci\u00f3 la reparaci\u00f3n del techado de dos aulas en este mismo plantel, otorgando m\u00e1s espacios dignos para la comunidad estudiantil.<\/p>\n\n\n\n<p>En tanto, el director general del Instituto Oaxaque\u00f1o Constructor de Infraestructura Educativa (Iocied), Pedro Marcelino Silva Salazar detall\u00f3 que esta obra se realiz\u00f3 con una inversi\u00f3n de 3.1 millones de pesos, con lo que se fortalece el tejido social y fomenta la convivencia del alumnado y personal docente.<\/p>\n\n\n\n<p>-0-<\/p>\n\n\n\n<figure class=\"wp-block-image size-large\"><img fetchpriority=\"high\" decoding=\"async\" width=\"1024\" height=\"683\" src=\"https:\/\/contextoanalisisperiodistico.com\/wp-content\/uploads\/2026\/04\/img-20260424-wa00487484745634009920270-1024x683.jpg\" alt=\"\" class=\"wp-image-53063\" srcset=\"https:\/\/contextoanalisisperiodistico.com\/wp-content\/uploads\/2026\/04\/img-20260424-wa00487484745634009920270-1024x683.jpg 1024w, https:\/\/contextoanalisisperiodistico.com\/wp-content\/uploads\/2026\/04\/img-20260424-wa00487484745634009920270-300x200.jpg 300w, https:\/\/contextoanalisisperiodistico.com\/wp-content\/uploads\/2026\/04\/img-20260424-wa00487484745634009920270-768x512.jpg 768w, https:\/\/contextoanalisisperiodistico.com\/wp-content\/uploads\/2026\/04\/img-20260424-wa00487484745634009920270.jpg 1280w\" sizes=\"(max-width: 1024px) 100vw, 1024px\" \/><\/figure>\n\n\n\n<figure class=\"wp-block-image\"><img decoding=\"async\" width=\"1024\" height=\"683\" src=\"https:\/\/contextoanalisisperiodistico.com\/wp-content\/uploads\/2026\/04\/img-20260424-wa00455639109658641024012-1024x683.jpg\" alt=\"\" class=\"wp-image-53064\" srcset=\"https:\/\/contextoanalisisperiodistico.com\/wp-content\/uploads\/2026\/04\/img-20260424-wa00455639109658641024012-1024x683.jpg 1024w, https:\/\/contextoanalisisperiodistico.com\/wp-content\/uploads\/2026\/04\/img-20260424-wa00455639109658641024012-300x200.jpg 300w, https:\/\/contextoanalisisperiodistico.com\/wp-content\/uploads\/2026\/04\/img-20260424-wa00455639109658641024012-768x512.jpg 768w, https:\/\/contextoanalisisperiodistico.com\/wp-content\/uploads\/2026\/04\/img-20260424-wa00455639109658641024012.jpg 1280w\" sizes=\"(max-width: 1024px) 100vw, 1024px\" \/><\/figure>\n\n\n\n<figure class=\"wp-block-image\"><img decoding=\"async\" width=\"1024\" height=\"768\" src=\"https:\/\/contextoanalisisperiodistico.com\/wp-content\/uploads\/2026\/04\/img-20260424-wa00495772258145764506445-1024x768.jpg\" alt=\"\" class=\"wp-image-53066\" srcset=\"https:\/\/contextoanalisisperiodistico.com\/wp-content\/uploads\/2026\/04\/img-20260424-wa00495772258145764506445-1024x768.jpg 1024w, https:\/\/contextoanalisisperiodistico.com\/wp-content\/uploads\/2026\/04\/img-20260424-wa00495772258145764506445-300x225.jpg 300w, https:\/\/contextoanalisisperiodistico.com\/wp-content\/uploads\/2026\/04\/img-20260424-wa00495772258145764506445-768x576.jpg 768w, https:\/\/contextoanalisisperiodistico.com\/wp-content\/uploads\/2026\/04\/img-20260424-wa00495772258145764506445.jpg 1280w\" sizes=\"(max-width: 1024px) 100vw, 1024px\" \/><\/figure>\n\n\n\n<figure class=\"wp-block-image\"><img loading=\"lazy\" decoding=\"async\" width=\"1024\" height=\"683\" src=\"https:\/\/contextoanalisisperiodistico.com\/wp-content\/uploads\/2026\/04\/img-20260424-wa00467610808600036422932-1024x683.jpg\" alt=\"\" class=\"wp-image-53065\" srcset=\"https:\/\/contextoanalisisperiodistico.com\/wp-content\/uploads\/2026\/04\/img-20260424-wa00467610808600036422932-1024x683.jpg 1024w, https:\/\/contextoanalisisperiodistico.com\/wp-content\/uploads\/2026\/04\/img-20260424-wa00467610808600036422932-300x200.jpg 300w, https:\/\/contextoanalisisperiodistico.com\/wp-content\/uploads\/2026\/04\/img-20260424-wa00467610808600036422932-768x512.jpg 768w, https:\/\/contextoanalisisperiodistico.com\/wp-content\/uploads\/2026\/04\/img-20260424-wa00467610808600036422932.jpg 1280w\" sizes=\"(max-width: 1024px) 100vw, 1024px\" \/><\/figure>\n","protected":false},"excerpt":{"rendered":"<p>\u2022 Dentro del Cecyteo n\u00famero 31, el Gobernador Salom\u00f3n Jara inaugur\u00f3 el techado del \u00e1rea&#8230;<\/p>\n","protected":false},"author":4,"featured_media":53062,"comment_status":"closed","ping_status":"open","sticky":false,"template":"","format":"standard","meta":{"footnotes":""},"categories":[9],"tags":[316],"jetpack_sharing_enabled":true,"featured_image_urls":{"full":["https:\/\/contextoanalisisperiodistico.com\/wp-content\/uploads\/2026\/04\/IMG-20260424-WA0044.jpg",1280,854,false],"thumbnail":["https:\/\/contextoanalisisperiodistico.com\/wp-content\/uploads\/2026\/04\/IMG-20260424-WA0044-150x150.jpg",150,150,true],"medium":["https:\/\/contextoanalisisperiodistico.com\/wp-content\/uploads\/2026\/04\/IMG-20260424-WA0044-300x200.jpg",300,200,true],"medium_large":["https:\/\/contextoanalisisperiodistico.com\/wp-content\/uploads\/2026\/04\/IMG-20260424-WA0044-768x512.jpg",640,427,true],"large":["https:\/\/contextoanalisisperiodistico.com\/wp-content\/uploads\/2026\/04\/IMG-20260424-WA0044-1024x683.jpg",640,427,true],"1536x1536":["https:\/\/contextoanalisisperiodistico.com\/wp-content\/uploads\/2026\/04\/IMG-20260424-WA0044.jpg",1280,854,false],"2048x2048":["https:\/\/contextoanalisisperiodistico.com\/wp-content\/uploads\/2026\/04\/IMG-20260424-WA0044.jpg",1280,854,false],"covernews-slider-full":["https:\/\/contextoanalisisperiodistico.com\/wp-content\/uploads\/2026\/04\/IMG-20260424-WA0044-1115x715.jpg",1115,715,true],"covernews-slider-center":["https:\/\/contextoanalisisperiodistico.com\/wp-content\/uploads\/2026\/04\/IMG-20260424-WA0044-800x500.jpg",800,500,true],"covernews-featured":["https:\/\/contextoanalisisperiodistico.com\/wp-content\/uploads\/2026\/04\/IMG-20260424-WA0044-1024x683.jpg",1024,683,true],"covernews-medium":["https:\/\/contextoanalisisperiodistico.com\/wp-content\/uploads\/2026\/04\/IMG-20260424-WA0044-540x340.jpg",540,340,true],"covernews-medium-square":["https:\/\/contextoanalisisperiodistico.com\/wp-content\/uploads\/2026\/04\/IMG-20260424-WA0044-400x250.jpg",400,250,true]},"author_info":{"display_name":"Mario Gir\u00f3n","author_link":"https:\/\/contextoanalisisperiodistico.com\/index.php\/author\/director\/"},"category_info":"<a href=\"https:\/\/contextoanalisisperiodistico.com\/index.php\/category\/politica\/\" rel=\"category tag\">Pol\u00edtica<\/a>","tag_info":"Pol\u00edtica","comment_count":"0","jetpack_featured_media_url":"https:\/\/contextoanalisisperiodistico.com\/wp-content\/uploads\/2026\/04\/IMG-20260424-WA0044.jpg","_links":{"self":[{"href":"https:\/\/contextoanalisisperiodistico.com\/index.php\/wp-json\/wp\/v2\/posts\/53067"}],"collection":[{"href":"https:\/\/contextoanalisisperiodistico.com\/index.php\/wp-json\/wp\/v2\/posts"}],"about":[{"href":"https:\/\/contextoanalisisperiodistico.com\/index.php\/wp-json\/wp\/v2\/types\/post"}],"author":[{"embeddable":true,"href":"https:\/\/contextoanalisisperiodistico.com\/index.php\/wp-json\/wp\/v2\/users\/4"}],"replies":[{"embeddable":true,"href":"https:\/\/contextoanalisisperiodistico.com\/index.php\/wp-json\/wp\/v2\/comments?post=53067"}],"version-history":[{"count":1,"href":"https:\/\/contextoanalisisperiodistico.com\/index.php\/wp-json\/wp\/v2\/posts\/53067\/revisions"}],"predecessor-version":[{"id":53068,"href":"https:\/\/contextoanalisisperiodistico.com\/index.php\/wp-json\/wp\/v2\/posts\/53067\/revisions\/53068"}],"wp:featuredmedia":[{"embeddable":true,"href":"https:\/\/contextoanalisisperiodistico.com\/index.php\/wp-json\/wp\/v2\/media\/53062"}],"wp:attachment":[{"href":"https:\/\/contextoanalisisperiodistico.com\/index.php\/wp-json\/wp\/v2\/media?parent=53067"}],"wp:term":[{"taxonomy":"category","embeddable":true,"href":"https:\/\/contextoanalisisperiodistico.com\/index.php\/wp-json\/wp\/v2\/categories?post=53067"},{"taxonomy":"post_tag","embeddable":true,"href":"https:\/\/contextoanalisisperiodistico.com\/index.php\/wp-json\/wp\/v2\/tags?post=53067"}],"curies":[{"name":"wp","href":"https:\/\/api.w.org\/{rel}","templated":true}]}}