{"id":52900,"date":"2026-04-20T20:20:45","date_gmt":"2026-04-21T02:20:45","guid":{"rendered":"https:\/\/contextoanalisisperiodistico.com\/index.php\/2026\/04\/20\/compromiso-cumplido-otorga-gobierno-estatal-apoyos-a-mas-de-mil-habitantes-de-la-zona-metropolitana-de-oaxaca\/"},"modified":"2026-04-20T20:23:09","modified_gmt":"2026-04-21T02:23:09","slug":"compromiso-cumplido-otorga-gobierno-estatal-apoyos-a-mas-de-mil-habitantes-de-la-zona-metropolitana-de-oaxaca","status":"publish","type":"post","link":"https:\/\/contextoanalisisperiodistico.com\/index.php\/2026\/04\/20\/compromiso-cumplido-otorga-gobierno-estatal-apoyos-a-mas-de-mil-habitantes-de-la-zona-metropolitana-de-oaxaca\/","title":{"rendered":"Compromiso cumplido, otorga Gobierno Estatal apoyos a m\u00e1s de mil habitantes metropolitanos"},"content":{"rendered":"<div id=\"fb-root\"><\/div>\n\n<p>\u2022 Se entregaron lentes de vista cansada, sillas de ruedas, bastones curvos, dotaciones alimentarias, entre otros aparatos que mejoran la calidad de vida<\/p>\n\n\n\n<figure class=\"wp-block-image size-large\"><img fetchpriority=\"high\" decoding=\"async\" width=\"1024\" height=\"685\" src=\"https:\/\/contextoanalisisperiodistico.com\/wp-content\/uploads\/2026\/04\/img-20260420-wa00742201375994836312278-1024x685.jpg\" alt=\"\" class=\"wp-image-52897\" srcset=\"https:\/\/contextoanalisisperiodistico.com\/wp-content\/uploads\/2026\/04\/img-20260420-wa00742201375994836312278-1024x685.jpg 1024w, https:\/\/contextoanalisisperiodistico.com\/wp-content\/uploads\/2026\/04\/img-20260420-wa00742201375994836312278-300x201.jpg 300w, https:\/\/contextoanalisisperiodistico.com\/wp-content\/uploads\/2026\/04\/img-20260420-wa00742201375994836312278-768x514.jpg 768w, https:\/\/contextoanalisisperiodistico.com\/wp-content\/uploads\/2026\/04\/img-20260420-wa00742201375994836312278-1536x1027.jpg 1536w, https:\/\/contextoanalisisperiodistico.com\/wp-content\/uploads\/2026\/04\/img-20260420-wa00742201375994836312278.jpg 1600w\" sizes=\"(max-width: 1024px) 100vw, 1024px\" \/><\/figure>\n\n\n\n<figure class=\"wp-block-image\"><img decoding=\"async\" width=\"1024\" height=\"685\" src=\"https:\/\/contextoanalisisperiodistico.com\/wp-content\/uploads\/2026\/04\/img-20260420-wa00762945898498679114895-1024x685.jpg\" alt=\"\" class=\"wp-image-52896\" srcset=\"https:\/\/contextoanalisisperiodistico.com\/wp-content\/uploads\/2026\/04\/img-20260420-wa00762945898498679114895-1024x685.jpg 1024w, https:\/\/contextoanalisisperiodistico.com\/wp-content\/uploads\/2026\/04\/img-20260420-wa00762945898498679114895-300x201.jpg 300w, https:\/\/contextoanalisisperiodistico.com\/wp-content\/uploads\/2026\/04\/img-20260420-wa00762945898498679114895-768x514.jpg 768w, https:\/\/contextoanalisisperiodistico.com\/wp-content\/uploads\/2026\/04\/img-20260420-wa00762945898498679114895-1536x1027.jpg 1536w, https:\/\/contextoanalisisperiodistico.com\/wp-content\/uploads\/2026\/04\/img-20260420-wa00762945898498679114895.jpg 1600w\" sizes=\"(max-width: 1024px) 100vw, 1024px\" \/><\/figure>\n\n\n\n<figure class=\"wp-block-image\"><img decoding=\"async\" width=\"1024\" height=\"685\" src=\"https:\/\/contextoanalisisperiodistico.com\/wp-content\/uploads\/2026\/04\/img-20260420-wa00754882498009151002496-1024x685.jpg\" alt=\"\" class=\"wp-image-52898\" srcset=\"https:\/\/contextoanalisisperiodistico.com\/wp-content\/uploads\/2026\/04\/img-20260420-wa00754882498009151002496-1024x685.jpg 1024w, https:\/\/contextoanalisisperiodistico.com\/wp-content\/uploads\/2026\/04\/img-20260420-wa00754882498009151002496-300x201.jpg 300w, https:\/\/contextoanalisisperiodistico.com\/wp-content\/uploads\/2026\/04\/img-20260420-wa00754882498009151002496-768x514.jpg 768w, https:\/\/contextoanalisisperiodistico.com\/wp-content\/uploads\/2026\/04\/img-20260420-wa00754882498009151002496-1536x1027.jpg 1536w, https:\/\/contextoanalisisperiodistico.com\/wp-content\/uploads\/2026\/04\/img-20260420-wa00754882498009151002496.jpg 1600w\" sizes=\"(max-width: 1024px) 100vw, 1024px\" \/><\/figure>\n\n\n\n<figure class=\"wp-block-image\"><img loading=\"lazy\" decoding=\"async\" width=\"1024\" height=\"683\" src=\"https:\/\/contextoanalisisperiodistico.com\/wp-content\/uploads\/2026\/04\/img-20260420-wa00773839955696330578170-1024x683.jpg\" alt=\"\" class=\"wp-image-52899\" srcset=\"https:\/\/contextoanalisisperiodistico.com\/wp-content\/uploads\/2026\/04\/img-20260420-wa00773839955696330578170-1024x683.jpg 1024w, https:\/\/contextoanalisisperiodistico.com\/wp-content\/uploads\/2026\/04\/img-20260420-wa00773839955696330578170-300x200.jpg 300w, https:\/\/contextoanalisisperiodistico.com\/wp-content\/uploads\/2026\/04\/img-20260420-wa00773839955696330578170-768x512.jpg 768w, https:\/\/contextoanalisisperiodistico.com\/wp-content\/uploads\/2026\/04\/img-20260420-wa00773839955696330578170.jpg 1280w\" sizes=\"(max-width: 1024px) 100vw, 1024px\" \/><\/figure>\n\n\n\n<p>Santa Luc\u00eda del Camino, Oax. 20 de abril de 2026.- Como parte de sus compromisos con la poblaci\u00f3n, el Gobernador Salom\u00f3n Jara Cruz y la Presidenta Honoraria del Sistema Estatal para el Desarrollo Integral de la Familia (DIF), Irma Bola\u00f1os Quijano, entregaron apoyos a mil 300 habitantes de la Zona Metropolitana de Oaxaca.<\/p>\n\n\n\n<p>Durante el acto en el Centro Cultural y de Convenciones de Oaxaca (CCCO), el Mandatario estatal destac\u00f3 el trabajo coordinado entre autoridades municipales, quienes han gestionado la entrega sin intermediarios y brindado atenci\u00f3n inmediata a todas y todos los beneficiarios; porque el bienestar no es un privilegio, sino un derecho que se garantiza con acciones concretas.<\/p>\n\n\n\n<p>\u201cSabemos que hay sectores de la poblaci\u00f3n que necesitan el respaldo decidido de las instituciones de gobierno, y este debe ser siempre oportuno, eficiente y con fuerte sentido humano. Con esta entrega abonamos a transformar las realidades de nuestros municipios\u201d, afirm\u00f3.<\/p>\n\n\n\n<p>En este marco, la Direcci\u00f3n de Delegaciones entreg\u00f3 200 lentes para vista cansada, as\u00ed como picos, palas y dem\u00e1s herramientas; la Direcci\u00f3n de Operaci\u00f3n y Bienestar otorg\u00f3 126 sillas de ruedas, 14 andaderas, 12 bastones curvos y una muleta auxiliar.<\/p>\n\n\n\n<p>Asimismo, la Direcci\u00f3n de Operaci\u00f3n de Asistencia Alimentaria, facilit\u00f3 mil 200 dotaciones alimentarias a igual n\u00famero de personas de los municipios Santa Cruz Xoxocotl\u00e1n, \u00c1nimas Trujano, Zimatl\u00e1n de \u00c1lvarez, San Pedro Ixtlahuaca, Santa Luc\u00eda del Camino y San Raymundo Jalpan.<\/p>\n\n\n\n<p>Con una pol\u00edtica social basada en la justicia, inclusi\u00f3n y atenci\u00f3n prioritaria a quienes m\u00e1s lo necesitan, el Gobierno de Oaxaca brinda bienestar a todas y todos.<\/p>\n\n\n\n<p>-0-<\/p>\n\n\n\n<p><\/p>\n","protected":false},"excerpt":{"rendered":"<p>\u2022 Se entregaron lentes de vista cansada, sillas de ruedas, bastones curvos, dotaciones alimentarias, entre&#8230;<\/p>\n","protected":false},"author":4,"featured_media":52895,"comment_status":"closed","ping_status":"open","sticky":false,"template":"","format":"standard","meta":{"footnotes":""},"categories":[9],"tags":[316],"jetpack_sharing_enabled":true,"featured_image_urls":{"full":["https:\/\/contextoanalisisperiodistico.com\/wp-content\/uploads\/2026\/04\/IMG-20260420-WA0078.jpg",1280,854,false],"thumbnail":["https:\/\/contextoanalisisperiodistico.com\/wp-content\/uploads\/2026\/04\/IMG-20260420-WA0078-150x150.jpg",150,150,true],"medium":["https:\/\/contextoanalisisperiodistico.com\/wp-content\/uploads\/2026\/04\/IMG-20260420-WA0078-300x200.jpg",300,200,true],"medium_large":["https:\/\/contextoanalisisperiodistico.com\/wp-content\/uploads\/2026\/04\/IMG-20260420-WA0078-768x512.jpg",640,427,true],"large":["https:\/\/contextoanalisisperiodistico.com\/wp-content\/uploads\/2026\/04\/IMG-20260420-WA0078-1024x683.jpg",640,427,true],"1536x1536":["https:\/\/contextoanalisisperiodistico.com\/wp-content\/uploads\/2026\/04\/IMG-20260420-WA0078.jpg",1280,854,false],"2048x2048":["https:\/\/contextoanalisisperiodistico.com\/wp-content\/uploads\/2026\/04\/IMG-20260420-WA0078.jpg",1280,854,false],"covernews-slider-full":["https:\/\/contextoanalisisperiodistico.com\/wp-content\/uploads\/2026\/04\/IMG-20260420-WA0078-1115x715.jpg",1115,715,true],"covernews-slider-center":["https:\/\/contextoanalisisperiodistico.com\/wp-content\/uploads\/2026\/04\/IMG-20260420-WA0078-800x500.jpg",800,500,true],"covernews-featured":["https:\/\/contextoanalisisperiodistico.com\/wp-content\/uploads\/2026\/04\/IMG-20260420-WA0078-1024x683.jpg",1024,683,true],"covernews-medium":["https:\/\/contextoanalisisperiodistico.com\/wp-content\/uploads\/2026\/04\/IMG-20260420-WA0078-540x340.jpg",540,340,true],"covernews-medium-square":["https:\/\/contextoanalisisperiodistico.com\/wp-content\/uploads\/2026\/04\/IMG-20260420-WA0078-400x250.jpg",400,250,true]},"author_info":{"display_name":"Mario Gir\u00f3n","author_link":"https:\/\/contextoanalisisperiodistico.com\/index.php\/author\/director\/"},"category_info":"<a href=\"https:\/\/contextoanalisisperiodistico.com\/index.php\/category\/politica\/\" rel=\"category tag\">Pol\u00edtica<\/a>","tag_info":"Pol\u00edtica","comment_count":"0","jetpack_featured_media_url":"https:\/\/contextoanalisisperiodistico.com\/wp-content\/uploads\/2026\/04\/IMG-20260420-WA0078.jpg","_links":{"self":[{"href":"https:\/\/contextoanalisisperiodistico.com\/index.php\/wp-json\/wp\/v2\/posts\/52900"}],"collection":[{"href":"https:\/\/contextoanalisisperiodistico.com\/index.php\/wp-json\/wp\/v2\/posts"}],"about":[{"href":"https:\/\/contextoanalisisperiodistico.com\/index.php\/wp-json\/wp\/v2\/types\/post"}],"author":[{"embeddable":true,"href":"https:\/\/contextoanalisisperiodistico.com\/index.php\/wp-json\/wp\/v2\/users\/4"}],"replies":[{"embeddable":true,"href":"https:\/\/contextoanalisisperiodistico.com\/index.php\/wp-json\/wp\/v2\/comments?post=52900"}],"version-history":[{"count":1,"href":"https:\/\/contextoanalisisperiodistico.com\/index.php\/wp-json\/wp\/v2\/posts\/52900\/revisions"}],"predecessor-version":[{"id":52901,"href":"https:\/\/contextoanalisisperiodistico.com\/index.php\/wp-json\/wp\/v2\/posts\/52900\/revisions\/52901"}],"wp:featuredmedia":[{"embeddable":true,"href":"https:\/\/contextoanalisisperiodistico.com\/index.php\/wp-json\/wp\/v2\/media\/52895"}],"wp:attachment":[{"href":"https:\/\/contextoanalisisperiodistico.com\/index.php\/wp-json\/wp\/v2\/media?parent=52900"}],"wp:term":[{"taxonomy":"category","embeddable":true,"href":"https:\/\/contextoanalisisperiodistico.com\/index.php\/wp-json\/wp\/v2\/categories?post=52900"},{"taxonomy":"post_tag","embeddable":true,"href":"https:\/\/contextoanalisisperiodistico.com\/index.php\/wp-json\/wp\/v2\/tags?post=52900"}],"curies":[{"name":"wp","href":"https:\/\/api.w.org\/{rel}","templated":true}]}}