{"id":52544,"date":"2026-04-04T09:33:39","date_gmt":"2026-04-04T15:33:39","guid":{"rendered":"https:\/\/contextoanalisisperiodistico.com\/index.php\/2026\/04\/04\/mas-alla-del-asfalto-policia-montada-protege-a-familias-en-areas-remotas-de-la-capital\/"},"modified":"2026-04-04T09:33:39","modified_gmt":"2026-04-04T15:33:39","slug":"mas-alla-del-asfalto-policia-montada-protege-a-familias-en-areas-remotas-de-la-capital","status":"publish","type":"post","link":"https:\/\/contextoanalisisperiodistico.com\/index.php\/2026\/04\/04\/mas-alla-del-asfalto-policia-montada-protege-a-familias-en-areas-remotas-de-la-capital\/","title":{"rendered":"M\u00e1s all\u00e1 del asfalto: Polic\u00eda Montada protege a familias en \u00e1reas remotas de la capital"},"content":{"rendered":"<div id=\"fb-root\"><\/div>\n\n<p>\ud83d\udc0e La Polic\u00eda Montada de la Secretar\u00eda de Seguridad Vecinal llega a zonas de dif\u00edcil acceso, para proteger a vecinas y vecinos.<\/p>\n\n\n\n<p>Trabaja todos los d\u00edas para fortalecer la seguridad en cada rinc\u00f3n de nuestra ciudad.<\/p>\n\n\n\n<p>Con estas acciones, el Gobierno Municipal de Oaxaca de Ju\u00e1rez construye una ciudad m\u00e1s segura, ordenada y limpia para todas y todos.<\/p>\n\n\n\n<figure class=\"wp-block-video\"><video controls src=\"https:\/\/contextoanalisisperiodistico.com\/wp-content\/uploads\/2026\/04\/VID-20260404-WA0017.mp4\"><\/video><\/figure>\n","protected":false},"excerpt":{"rendered":"<p>\ud83d\udc0e La Polic\u00eda Montada de la Secretar\u00eda de Seguridad Vecinal llega a zonas de dif\u00edcil&#8230;<\/p>\n","protected":false},"author":4,"featured_media":52542,"comment_status":"","ping_status":"open","sticky":false,"template":"","format":"standard","meta":{"footnotes":""},"categories":[9],"tags":[353,302,178],"jetpack_sharing_enabled":true,"featured_image_urls":{"full":["https:\/\/contextoanalisisperiodistico.com\/wp-content\/uploads\/2026\/04\/Screenshot_2026-04-04-09-32-52-22_99c04817c0de5652397fc8b56c3b3817.jpg",646,1135,false],"thumbnail":["https:\/\/contextoanalisisperiodistico.com\/wp-content\/uploads\/2026\/04\/Screenshot_2026-04-04-09-32-52-22_99c04817c0de5652397fc8b56c3b3817-150x150.jpg",150,150,true],"medium":["https:\/\/contextoanalisisperiodistico.com\/wp-content\/uploads\/2026\/04\/Screenshot_2026-04-04-09-32-52-22_99c04817c0de5652397fc8b56c3b3817-171x300.jpg",171,300,true],"medium_large":["https:\/\/contextoanalisisperiodistico.com\/wp-content\/uploads\/2026\/04\/Screenshot_2026-04-04-09-32-52-22_99c04817c0de5652397fc8b56c3b3817.jpg",640,1124,false],"large":["https:\/\/contextoanalisisperiodistico.com\/wp-content\/uploads\/2026\/04\/Screenshot_2026-04-04-09-32-52-22_99c04817c0de5652397fc8b56c3b3817-583x1024.jpg",583,1024,true],"1536x1536":["https:\/\/contextoanalisisperiodistico.com\/wp-content\/uploads\/2026\/04\/Screenshot_2026-04-04-09-32-52-22_99c04817c0de5652397fc8b56c3b3817.jpg",646,1135,false],"2048x2048":["https:\/\/contextoanalisisperiodistico.com\/wp-content\/uploads\/2026\/04\/Screenshot_2026-04-04-09-32-52-22_99c04817c0de5652397fc8b56c3b3817.jpg",646,1135,false],"covernews-slider-full":["https:\/\/contextoanalisisperiodistico.com\/wp-content\/uploads\/2026\/04\/Screenshot_2026-04-04-09-32-52-22_99c04817c0de5652397fc8b56c3b3817-646x715.jpg",646,715,true],"covernews-slider-center":["https:\/\/contextoanalisisperiodistico.com\/wp-content\/uploads\/2026\/04\/Screenshot_2026-04-04-09-32-52-22_99c04817c0de5652397fc8b56c3b3817-646x500.jpg",646,500,true],"covernews-featured":["https:\/\/contextoanalisisperiodistico.com\/wp-content\/uploads\/2026\/04\/Screenshot_2026-04-04-09-32-52-22_99c04817c0de5652397fc8b56c3b3817.jpg",646,1135,false],"covernews-medium":["https:\/\/contextoanalisisperiodistico.com\/wp-content\/uploads\/2026\/04\/Screenshot_2026-04-04-09-32-52-22_99c04817c0de5652397fc8b56c3b3817-540x340.jpg",540,340,true],"covernews-medium-square":["https:\/\/contextoanalisisperiodistico.com\/wp-content\/uploads\/2026\/04\/Screenshot_2026-04-04-09-32-52-22_99c04817c0de5652397fc8b56c3b3817-400x250.jpg",400,250,true]},"author_info":{"display_name":"Mario Gir\u00f3n","author_link":"https:\/\/contextoanalisisperiodistico.com\/index.php\/author\/director\/"},"category_info":"<a href=\"https:\/\/contextoanalisisperiodistico.com\/index.php\/category\/politica\/\" rel=\"category tag\">Pol\u00edtica<\/a>","tag_info":"Pol\u00edtica","comment_count":"0","jetpack_featured_media_url":"https:\/\/contextoanalisisperiodistico.com\/wp-content\/uploads\/2026\/04\/Screenshot_2026-04-04-09-32-52-22_99c04817c0de5652397fc8b56c3b3817.jpg","_links":{"self":[{"href":"https:\/\/contextoanalisisperiodistico.com\/index.php\/wp-json\/wp\/v2\/posts\/52544"}],"collection":[{"href":"https:\/\/contextoanalisisperiodistico.com\/index.php\/wp-json\/wp\/v2\/posts"}],"about":[{"href":"https:\/\/contextoanalisisperiodistico.com\/index.php\/wp-json\/wp\/v2\/types\/post"}],"author":[{"embeddable":true,"href":"https:\/\/contextoanalisisperiodistico.com\/index.php\/wp-json\/wp\/v2\/users\/4"}],"replies":[{"embeddable":true,"href":"https:\/\/contextoanalisisperiodistico.com\/index.php\/wp-json\/wp\/v2\/comments?post=52544"}],"version-history":[{"count":0,"href":"https:\/\/contextoanalisisperiodistico.com\/index.php\/wp-json\/wp\/v2\/posts\/52544\/revisions"}],"wp:featuredmedia":[{"embeddable":true,"href":"https:\/\/contextoanalisisperiodistico.com\/index.php\/wp-json\/wp\/v2\/media\/52542"}],"wp:attachment":[{"href":"https:\/\/contextoanalisisperiodistico.com\/index.php\/wp-json\/wp\/v2\/media?parent=52544"}],"wp:term":[{"taxonomy":"category","embeddable":true,"href":"https:\/\/contextoanalisisperiodistico.com\/index.php\/wp-json\/wp\/v2\/categories?post=52544"},{"taxonomy":"post_tag","embeddable":true,"href":"https:\/\/contextoanalisisperiodistico.com\/index.php\/wp-json\/wp\/v2\/tags?post=52544"}],"curies":[{"name":"wp","href":"https:\/\/api.w.org\/{rel}","templated":true}]}}