{"id":5250,"date":"2022-11-08T14:01:47","date_gmt":"2022-11-08T20:01:47","guid":{"rendered":"http:\/\/contextoanalisisperiodistico.com.mx\/2022\/11\/08\/presenta-gobernadorelecto-de-oaxaca-salomon-jara-primeraparte-de-su-gabinete-paritario\/"},"modified":"2022-11-08T14:01:47","modified_gmt":"2022-11-08T20:01:47","slug":"presenta-gobernadorelecto-de-oaxaca-salomon-jara-primeraparte-de-su-gabinete-paritario","status":"publish","type":"post","link":"https:\/\/contextoanalisisperiodistico.com\/index.php\/2022\/11\/08\/presenta-gobernadorelecto-de-oaxaca-salomon-jara-primeraparte-de-su-gabinete-paritario\/","title":{"rendered":"Presenta Gobernador electo de Oaxaca, Salom\u00f3n Jara, primera parte de su gabinete paritario"},"content":{"rendered":"<div id=\"fb-root\"><\/div>\n\n<p>Santa Luc\u00eda del Camino, Oax. 8 de noviembre de 2022.- El gobernador electo de Oaxaca, Salom\u00f3n Jara Cruz, present\u00f3 este martes un avance del gabinete legal del pr\u00f3ximo Gobierno del estado para el periodo 2022-2028.<\/p>\n\n\n\n<p>Al anunciar a los primeros 12 integrantes, reiter\u00f3 que el gobierno que encabezar\u00e1 ser\u00e1 austero y estar\u00e1 integrado por oaxaque\u00f1as y oaxaque\u00f1os que trabajar\u00e1n incansablemente para construir un estado donde se garanticen los derechos, el bienestar, la igualdad y justicia para todos.<\/p>\n\n\n\n<p>\u00abTendremos como ejes rectores los principios y valores \u00e9ticos que inspiran a la Cuarta Transformaci\u00f3n, y seguiremos fielmente el ejemplo de nuestro presidente del pa\u00eds, Andr\u00e9s Manuel L\u00f3pez Obrador\u00bb, declar\u00f3 desde el Centro Cultural y de Convenciones de Oaxaca (CCCO).<\/p>\n\n\n\n<p>Adelant\u00f3 adem\u00e1s que propondr\u00e1 al Congreso de Oaxaca una reforma a la Ley Org\u00e1nica del Poder Ejecutivo para la reestructuraci\u00f3n de los nombres de las secretar\u00edas, y con base a ello, anunci\u00f3 a los pr\u00f3ximos titulares.<\/p>\n\n\n\n<p>En la Secretar\u00eda del Trabajo estar\u00e1 al frente Edith Araceli Santib\u00e1\u00f1ez Boh\u00f3rquez; en la Consejer\u00eda Jur\u00eddica y Asistencia Legal, Geovanny V\u00e1squez Sagrero; en la Secretar\u00eda de Desarrollo Econ\u00f3mico, Ra\u00fal Ruiz Robles.<\/p>\n\n\n\n<p>En la Secretar\u00eda de Fomento Agroalimentario y Desarrollo Rural, V\u00edctor L\u00f3pez Leyva; en la Secretar\u00eda de Turismo, Saymi Pineda Velasco; en la Secretar\u00eda de Finanzas, Farid Acevedo L\u00f3pez.<\/p>\n\n\n\n<p>En la nueva Secretar\u00eda de Educaci\u00f3n P\u00fablica, Delfina Elizabeth Guzm\u00e1n D\u00edaz. Esta nueva dependencia ser\u00e1 la encargada de ordenar y coordinar al sistema educativo estatal de los niveles media superior y superior, por lo que en ning\u00fan momento se afectar\u00e1 o cambiar\u00e1 al Instituto Estatal de Educaci\u00f3n P\u00fablica de Oaxaca (IEEPO).<\/p>\n\n\n\n<p>En la Secretar\u00eda de Administraci\u00f3n, Antonino Morales Toledo; en la Secretar\u00eda de las Mujeres, Elisa Zepeda Lagunas; en la Secretar\u00eda de Bienestar, Tequio e Inclusi\u00f3n, Laura Estrada Mauro; en la Secretar\u00eda de Gobierno, Jes\u00fas Romero L\u00f3pez; y en la Jefatura de Gabinete, Jos\u00e9 Antonio Rueda M\u00e1rquez.<\/p>\n\n\n\n<p>El resto de los dem\u00e1s integrantes del gabinete legal y ampliado ser\u00e1 presentado el pr\u00f3ximo domingo.<\/p>\n\n\n\n<p>El gobernador electo de Oaxaca adelant\u00f3 que la Secretar\u00eda de Movilidad, la Secretar\u00eda de Pueblos y Comunidades Ind\u00edgenas y Afromexicanas, la Secretar\u00eda de Medio Ambiente, Biodiversidad, Energ\u00edas y Sostenibilidad, la Secretar\u00eda de Salud y la Secretar\u00eda de las Culturas y Artes, ser\u00e1n presididas por una mujer.<\/p>\n\n\n\n<p>En tanto, la Secretar\u00eda de Honestidad, Transparencia y Funci\u00f3n P\u00fablica, la Secretar\u00eda de Seguridad y Protecci\u00f3n Ciudadana, y la Secretar\u00eda de Infraestructuras y Comunicaciones, estar\u00e1n encabezadas por un hombre.<\/p>\n\n\n\n<figure class=\"wp-block-image size-large\"><img decoding=\"async\" src=\"https:\/\/contextoinformacionyanalisisperiodistico.files.wordpress.com\/2022\/11\/img-20221108-wa00977385982279062782053.jpg?w=1024\" alt=\"\" class=\"wp-image-5249\" \/><\/figure>\n","protected":false},"excerpt":{"rendered":"<p>Santa Luc\u00eda del Camino, Oax. 8 de noviembre de 2022.- El gobernador electo de Oaxaca,&#8230;<\/p>\n","protected":false},"author":2,"featured_media":5248,"comment_status":"open","ping_status":"open","sticky":false,"template":"","format":"standard","meta":{"footnotes":""},"categories":[9],"tags":[],"jetpack_sharing_enabled":true,"featured_image_urls":{"full":"","thumbnail":"","medium":"","medium_large":"","large":"","1536x1536":"","2048x2048":"","covernews-slider-full":"","covernews-slider-center":"","covernews-featured":"","covernews-medium":"","covernews-medium-square":""},"author_info":{"display_name":"Miguel","author_link":"https:\/\/contextoanalisisperiodistico.com\/index.php\/author\/editor\/"},"category_info":"<a href=\"https:\/\/contextoanalisisperiodistico.com\/index.php\/category\/politica\/\" rel=\"category tag\">Pol\u00edtica<\/a>","tag_info":"Pol\u00edtica","comment_count":"0","jetpack_featured_media_url":"","_links":{"self":[{"href":"https:\/\/contextoanalisisperiodistico.com\/index.php\/wp-json\/wp\/v2\/posts\/5250"}],"collection":[{"href":"https:\/\/contextoanalisisperiodistico.com\/index.php\/wp-json\/wp\/v2\/posts"}],"about":[{"href":"https:\/\/contextoanalisisperiodistico.com\/index.php\/wp-json\/wp\/v2\/types\/post"}],"author":[{"embeddable":true,"href":"https:\/\/contextoanalisisperiodistico.com\/index.php\/wp-json\/wp\/v2\/users\/2"}],"replies":[{"embeddable":true,"href":"https:\/\/contextoanalisisperiodistico.com\/index.php\/wp-json\/wp\/v2\/comments?post=5250"}],"version-history":[{"count":0,"href":"https:\/\/contextoanalisisperiodistico.com\/index.php\/wp-json\/wp\/v2\/posts\/5250\/revisions"}],"wp:featuredmedia":[{"embeddable":true,"href":"https:\/\/contextoanalisisperiodistico.com\/index.php\/wp-json\/"}],"wp:attachment":[{"href":"https:\/\/contextoanalisisperiodistico.com\/index.php\/wp-json\/wp\/v2\/media?parent=5250"}],"wp:term":[{"taxonomy":"category","embeddable":true,"href":"https:\/\/contextoanalisisperiodistico.com\/index.php\/wp-json\/wp\/v2\/categories?post=5250"},{"taxonomy":"post_tag","embeddable":true,"href":"https:\/\/contextoanalisisperiodistico.com\/index.php\/wp-json\/wp\/v2\/tags?post=5250"}],"curies":[{"name":"wp","href":"https:\/\/api.w.org\/{rel}","templated":true}]}}