{"id":5240,"date":"2022-11-07T15:48:18","date_gmt":"2022-11-07T21:48:18","guid":{"rendered":"http:\/\/contextoanalisisperiodistico.com.mx\/2022\/11\/07\/salomon-jara-gobernador-electo-de-oaxaca\/"},"modified":"2022-11-07T15:48:18","modified_gmt":"2022-11-07T21:48:18","slug":"salomon-jara-gobernador-electo-de-oaxaca","status":"publish","type":"post","link":"https:\/\/contextoanalisisperiodistico.com\/index.php\/2022\/11\/07\/salomon-jara-gobernador-electo-de-oaxaca\/","title":{"rendered":"Salom\u00f3n Jara, gobernador electo de Oaxaca:"},"content":{"rendered":"<div id=\"fb-root\"><\/div>\n\n<p>\u00abEstamos a pocos d\u00edas de iniciar un gobierno del pueblo. Siempre acompa\u00f1ando al pueblo; !vamos a ir hasta d\u00f3nde est\u00e1n los problemas y resolverlos! Ah\u00ed vamos estar. Har\u00e9 lo que ustedes nos determinen\u00bb.<\/p>\n\n\n\n<figure class=\"wp-block-video\"><video controls src=\"https:\/\/contextoinformacionyanalisisperiodistico.files.wordpress.com\/2022\/11\/313419498_587629076498255_2632491061360393230_n.mp4\"><\/video><\/figure>\n","protected":false},"excerpt":{"rendered":"<p>\u00abEstamos a pocos d\u00edas de iniciar un gobierno del pueblo. Siempre acompa\u00f1ando al pueblo; !vamos&#8230;<\/p>\n","protected":false},"author":2,"featured_media":0,"comment_status":"open","ping_status":"open","sticky":false,"template":"","format":"standard","meta":{"footnotes":""},"categories":[9],"tags":[],"jetpack_sharing_enabled":true,"featured_image_urls":{"full":"","thumbnail":"","medium":"","medium_large":"","large":"","1536x1536":"","2048x2048":"","covernews-slider-full":"","covernews-slider-center":"","covernews-featured":"","covernews-medium":"","covernews-medium-square":""},"author_info":{"display_name":"Miguel","author_link":"https:\/\/contextoanalisisperiodistico.com\/index.php\/author\/editor\/"},"category_info":"<a href=\"https:\/\/contextoanalisisperiodistico.com\/index.php\/category\/politica\/\" rel=\"category tag\">Pol\u00edtica<\/a>","tag_info":"Pol\u00edtica","comment_count":"0","jetpack_featured_media_url":"","_links":{"self":[{"href":"https:\/\/contextoanalisisperiodistico.com\/index.php\/wp-json\/wp\/v2\/posts\/5240"}],"collection":[{"href":"https:\/\/contextoanalisisperiodistico.com\/index.php\/wp-json\/wp\/v2\/posts"}],"about":[{"href":"https:\/\/contextoanalisisperiodistico.com\/index.php\/wp-json\/wp\/v2\/types\/post"}],"author":[{"embeddable":true,"href":"https:\/\/contextoanalisisperiodistico.com\/index.php\/wp-json\/wp\/v2\/users\/2"}],"replies":[{"embeddable":true,"href":"https:\/\/contextoanalisisperiodistico.com\/index.php\/wp-json\/wp\/v2\/comments?post=5240"}],"version-history":[{"count":0,"href":"https:\/\/contextoanalisisperiodistico.com\/index.php\/wp-json\/wp\/v2\/posts\/5240\/revisions"}],"wp:attachment":[{"href":"https:\/\/contextoanalisisperiodistico.com\/index.php\/wp-json\/wp\/v2\/media?parent=5240"}],"wp:term":[{"taxonomy":"category","embeddable":true,"href":"https:\/\/contextoanalisisperiodistico.com\/index.php\/wp-json\/wp\/v2\/categories?post=5240"},{"taxonomy":"post_tag","embeddable":true,"href":"https:\/\/contextoanalisisperiodistico.com\/index.php\/wp-json\/wp\/v2\/tags?post=5240"}],"curies":[{"name":"wp","href":"https:\/\/api.w.org\/{rel}","templated":true}]}}