{"id":52140,"date":"2026-03-16T21:32:37","date_gmt":"2026-03-17T03:32:37","guid":{"rendered":"https:\/\/contextoanalisisperiodistico.com\/index.php\/2026\/03\/16\/reitera-primavera-oaxaquena-acompanamiento-a-sector-empresarial-e-impulso-al-desarrollo-economico\/"},"modified":"2026-03-16T21:32:37","modified_gmt":"2026-03-17T03:32:37","slug":"reitera-primavera-oaxaquena-acompanamiento-a-sector-empresarial-e-impulso-al-desarrollo-economico","status":"publish","type":"post","link":"https:\/\/contextoanalisisperiodistico.com\/index.php\/2026\/03\/16\/reitera-primavera-oaxaquena-acompanamiento-a-sector-empresarial-e-impulso-al-desarrollo-economico\/","title":{"rendered":"Reitera Primavera Oaxaque\u00f1a acompa\u00f1amiento a sector empresarial e impulso al desarrollo econ\u00f3mico"},"content":{"rendered":"<div id=\"fb-root\"><\/div>\n\n<p>\u2022 Se dio seguimiento a temas como Seguridad, Infraestructura, Pagos de Contribuciones y Turismo<\/p>\n\n\n\n<figure class=\"wp-block-image size-large\"><img fetchpriority=\"high\" decoding=\"async\" width=\"1024\" height=\"683\" src=\"https:\/\/contextoanalisisperiodistico.com\/wp-content\/uploads\/2026\/03\/img-20260316-wa01743038349142516515963-1024x683.jpg\" alt=\"\" class=\"wp-image-52138\" srcset=\"https:\/\/contextoanalisisperiodistico.com\/wp-content\/uploads\/2026\/03\/img-20260316-wa01743038349142516515963-1024x683.jpg 1024w, https:\/\/contextoanalisisperiodistico.com\/wp-content\/uploads\/2026\/03\/img-20260316-wa01743038349142516515963-300x200.jpg 300w, https:\/\/contextoanalisisperiodistico.com\/wp-content\/uploads\/2026\/03\/img-20260316-wa01743038349142516515963-768x512.jpg 768w, https:\/\/contextoanalisisperiodistico.com\/wp-content\/uploads\/2026\/03\/img-20260316-wa01743038349142516515963.jpg 1280w\" sizes=\"(max-width: 1024px) 100vw, 1024px\" \/><\/figure>\n\n\n\n<figure class=\"wp-block-image\"><img decoding=\"async\" width=\"1024\" height=\"683\" src=\"https:\/\/contextoanalisisperiodistico.com\/wp-content\/uploads\/2026\/03\/img-20260316-wa01735043345024031721234-1024x683.jpg\" alt=\"\" class=\"wp-image-52139\" srcset=\"https:\/\/contextoanalisisperiodistico.com\/wp-content\/uploads\/2026\/03\/img-20260316-wa01735043345024031721234-1024x683.jpg 1024w, https:\/\/contextoanalisisperiodistico.com\/wp-content\/uploads\/2026\/03\/img-20260316-wa01735043345024031721234-300x200.jpg 300w, https:\/\/contextoanalisisperiodistico.com\/wp-content\/uploads\/2026\/03\/img-20260316-wa01735043345024031721234-768x512.jpg 768w, https:\/\/contextoanalisisperiodistico.com\/wp-content\/uploads\/2026\/03\/img-20260316-wa01735043345024031721234.jpg 1280w\" sizes=\"(max-width: 1024px) 100vw, 1024px\" \/><\/figure>\n\n\n\n<p>Santa Luc\u00eda del Camino, Oax. 16 de marzo de 2026.- El Gobernador Salom\u00f3n Jara Cruz encabez\u00f3 la Primera Sesi\u00f3n 2026 del Consejo Consultivo de Fomento del Desarrollo Econ\u00f3mico con el fin de dar atenci\u00f3n y seguimiento a los programas y acciones de la Primavera Oaxaque\u00f1a que permiten brindar mayores oportunidades de inversi\u00f3n y fortalecer el crecimiento y modernizaci\u00f3n de negocios y empresas en la entidad.<\/p>\n\n\n\n<p>En el seno de este \u00f3rgano de planeaci\u00f3n, coordinaci\u00f3n, apoyo, consulta y seguimiento de los programas, proyectos y acciones en materia de desarrollo econ\u00f3mico en el estado, el Mandatario estatal sostuvo un di\u00e1logo franco y directo con el sector empresarial, a quien reiter\u00f3 su compromiso de trabajo para que se cuenten con las condiciones necesarias para las inversiones.<\/p>\n\n\n\n<p>\u201cSomos un gobierno con objetivos claros, en el que trabajamos por el bien de la sociedad; por lo que vamos a seguir adelante para fortalecer un desarrollo compartido a favor de la poblaci\u00f3n\u201d, destac\u00f3.<\/p>\n\n\n\n<p>En esta reuni\u00f3n, que fue moderada por el titular de la Secretar\u00eda de&nbsp;Desarrollo Econ\u00f3mico&nbsp;(Sedeco) Ra\u00fal Ruiz Robles en su calidad de presidente suplente, se dio seguimiento a los planteamientos en materia de Seguridad en Valles Centrales, Mixteca e Istmo, en el que se expuso establecer un canal directo y permanente de comunicaci\u00f3n entre sector empresarial y el gabinete de seguridad del estado.<\/p>\n\n\n\n<p>As\u00ed como en materia de Infraestructura, en atenci\u00f3n y vinculaci\u00f3n con c\u00e1maras, asociaciones y colegios para fortalecer la participaci\u00f3n de proveedores locales y agentes del sector; Pagos de Contribuciones, en coordinaci\u00f3n con el Poder Legislativo para dar respuesta a las inquietudes en materia de Desarrollo Urbano, Comercio, Protecci\u00f3n Civil, Medio Ambiente y Salud; y Turismo.<\/p>\n\n\n\n<p>Participaron representantes de los sectores de la construcci\u00f3n, automotriz, servicios, hotelero, chocolatero, restaurantero, comercio, salud, gasolinero y abarratero, entre otros.<\/p>\n\n\n\n<p>Se tom\u00f3 la protesta a la titular de la Secretar\u00eda de Educaci\u00f3n P\u00fablica en Oaxaca, Fernanda Ch\u00e1vez Cruz como nueva vocal de este Consejo, \u00f3rgano de planeaci\u00f3n, coordinaci\u00f3n, apoyo, consulta y seguimiento de los programas, proyectos y acciones en materia de desarrollo econ\u00f3mico en el estado.<\/p>\n\n\n\n<p>-0-<\/p>\n","protected":false},"excerpt":{"rendered":"<p>\u2022 Se dio seguimiento a temas como Seguridad, Infraestructura, Pagos de Contribuciones y Turismo Santa&#8230;<\/p>\n","protected":false},"author":4,"featured_media":52137,"comment_status":"","ping_status":"open","sticky":false,"template":"","format":"standard","meta":{"footnotes":""},"categories":[9],"tags":[316,238],"jetpack_sharing_enabled":true,"featured_image_urls":{"full":["https:\/\/contextoanalisisperiodistico.com\/wp-content\/uploads\/2026\/03\/IMG-20260316-WA0172.jpg",1280,854,false],"thumbnail":["https:\/\/contextoanalisisperiodistico.com\/wp-content\/uploads\/2026\/03\/IMG-20260316-WA0172-150x150.jpg",150,150,true],"medium":["https:\/\/contextoanalisisperiodistico.com\/wp-content\/uploads\/2026\/03\/IMG-20260316-WA0172-300x200.jpg",300,200,true],"medium_large":["https:\/\/contextoanalisisperiodistico.com\/wp-content\/uploads\/2026\/03\/IMG-20260316-WA0172-768x512.jpg",640,427,true],"large":["https:\/\/contextoanalisisperiodistico.com\/wp-content\/uploads\/2026\/03\/IMG-20260316-WA0172-1024x683.jpg",640,427,true],"1536x1536":["https:\/\/contextoanalisisperiodistico.com\/wp-content\/uploads\/2026\/03\/IMG-20260316-WA0172.jpg",1280,854,false],"2048x2048":["https:\/\/contextoanalisisperiodistico.com\/wp-content\/uploads\/2026\/03\/IMG-20260316-WA0172.jpg",1280,854,false],"covernews-slider-full":["https:\/\/contextoanalisisperiodistico.com\/wp-content\/uploads\/2026\/03\/IMG-20260316-WA0172-1115x715.jpg",1115,715,true],"covernews-slider-center":["https:\/\/contextoanalisisperiodistico.com\/wp-content\/uploads\/2026\/03\/IMG-20260316-WA0172-800x500.jpg",800,500,true],"covernews-featured":["https:\/\/contextoanalisisperiodistico.com\/wp-content\/uploads\/2026\/03\/IMG-20260316-WA0172-1024x683.jpg",1024,683,true],"covernews-medium":["https:\/\/contextoanalisisperiodistico.com\/wp-content\/uploads\/2026\/03\/IMG-20260316-WA0172-540x340.jpg",540,340,true],"covernews-medium-square":["https:\/\/contextoanalisisperiodistico.com\/wp-content\/uploads\/2026\/03\/IMG-20260316-WA0172-400x250.jpg",400,250,true]},"author_info":{"display_name":"Mario Gir\u00f3n","author_link":"https:\/\/contextoanalisisperiodistico.com\/index.php\/author\/director\/"},"category_info":"<a href=\"https:\/\/contextoanalisisperiodistico.com\/index.php\/category\/politica\/\" rel=\"category tag\">Pol\u00edtica<\/a>","tag_info":"Pol\u00edtica","comment_count":"0","jetpack_featured_media_url":"https:\/\/contextoanalisisperiodistico.com\/wp-content\/uploads\/2026\/03\/IMG-20260316-WA0172.jpg","_links":{"self":[{"href":"https:\/\/contextoanalisisperiodistico.com\/index.php\/wp-json\/wp\/v2\/posts\/52140"}],"collection":[{"href":"https:\/\/contextoanalisisperiodistico.com\/index.php\/wp-json\/wp\/v2\/posts"}],"about":[{"href":"https:\/\/contextoanalisisperiodistico.com\/index.php\/wp-json\/wp\/v2\/types\/post"}],"author":[{"embeddable":true,"href":"https:\/\/contextoanalisisperiodistico.com\/index.php\/wp-json\/wp\/v2\/users\/4"}],"replies":[{"embeddable":true,"href":"https:\/\/contextoanalisisperiodistico.com\/index.php\/wp-json\/wp\/v2\/comments?post=52140"}],"version-history":[{"count":0,"href":"https:\/\/contextoanalisisperiodistico.com\/index.php\/wp-json\/wp\/v2\/posts\/52140\/revisions"}],"wp:featuredmedia":[{"embeddable":true,"href":"https:\/\/contextoanalisisperiodistico.com\/index.php\/wp-json\/wp\/v2\/media\/52137"}],"wp:attachment":[{"href":"https:\/\/contextoanalisisperiodistico.com\/index.php\/wp-json\/wp\/v2\/media?parent=52140"}],"wp:term":[{"taxonomy":"category","embeddable":true,"href":"https:\/\/contextoanalisisperiodistico.com\/index.php\/wp-json\/wp\/v2\/categories?post=52140"},{"taxonomy":"post_tag","embeddable":true,"href":"https:\/\/contextoanalisisperiodistico.com\/index.php\/wp-json\/wp\/v2\/tags?post=52140"}],"curies":[{"name":"wp","href":"https:\/\/api.w.org\/{rel}","templated":true}]}}