{"id":52127,"date":"2026-03-16T16:25:44","date_gmt":"2026-03-16T22:25:44","guid":{"rendered":"https:\/\/contextoanalisisperiodistico.com\/index.php\/2026\/03\/16\/garantiza-sso-atencion-medica-inmediata-y-digna-en-accidente-de-guelatao-de-juarez\/"},"modified":"2026-03-16T16:25:44","modified_gmt":"2026-03-16T22:25:44","slug":"garantiza-sso-atencion-medica-inmediata-y-digna-en-accidente-de-guelatao-de-juarez","status":"publish","type":"post","link":"https:\/\/contextoanalisisperiodistico.com\/index.php\/2026\/03\/16\/garantiza-sso-atencion-medica-inmediata-y-digna-en-accidente-de-guelatao-de-juarez\/","title":{"rendered":"Garantiza SSO atenci\u00f3n m\u00e9dica inmediata y digna en accidente de Guelatao de Ju\u00e1rez\u00a0"},"content":{"rendered":"<div id=\"fb-root\"><\/div>\n\n<ul class=\"wp-block-list\">\n<li>Se activ\u00f3 la coordinaci\u00f3n de ambulancias, atenci\u00f3n prehospitalaria y se dispusieron de insumos, medicamentos y material de curaci\u00f3n<br>\u00a0<br>Oaxaca de Ju\u00e1rez, Oax. 16 de marzo de 2026.- Con el protocolo estatal de emergencias que activ\u00f3 de manera inmediata el Centro Regulador de Urgencias M\u00e9dicas (CRUM), Servicios de Salud de Oaxaca (SSO) garantiz\u00f3 atenci\u00f3n m\u00e9dica oportuna y de seguimiento a las personas que resultaron lesionadas por el accidente registrado el pasado s\u00e1bado en el municipio de Guelatao de Ju\u00e1rez, en la Sierra de Ju\u00e1rez.<br>\u00a0<br>Gracias a la nueva estrategia de abasto, se activ\u00f3 la coordinaci\u00f3n de ambulancias, la atenci\u00f3n prehospitalaria y la disponibilidad de insumos, medicamentos y material de curaci\u00f3n, acci\u00f3n que demostr\u00f3 la capacidad de respuesta de las unidades m\u00e9dicas, en la atenci\u00f3n inmediata y digna a las y los oaxaque\u00f1os.<br>\u00a0<br>Bajo cinco ejes primordiales: prevenci\u00f3n, activaci\u00f3n inmediata, atenci\u00f3n m\u00e9dica oportuna, capacidad hospitalaria, y trato humano y digno, se cont\u00f3 con el apoyo de cinco unidades m\u00e9dicas, personal de salud, corporaciones de auxilio y municipios de la regi\u00f3n.<br>\u00a0<br>En la atenci\u00f3n inicial, las personas con lesiones fueron trasladadas y atendidas en el Hospital Comunitario de Ixtl\u00e1n de Ju\u00e1rez, el Centro de Salud de Guelatao de Ju\u00e1rez y el Hospital General Dr. Aurelio Valdivieso.<\/li>\n<\/ul>\n\n\n\n<p>Posteriormente, se tuvo el respaldo de los hospitales del Instituto de Seguridad y Servicios Sociales de los Trabajadores del Estado (ISSSTE) y el Regional de Alta Especialidad de Oaxaca (HRAEO).<br \/>&nbsp;<br \/>Por este accidente, en el que fallecieron en el lugar de los hechos una mujer de 58 a\u00f1os y un hombre de 27, as\u00ed como dos m\u00e1s mientras recib\u00edan atenci\u00f3n m\u00e9dica, SSO reporta cinco personas lesionadas estables de 18, 24, 29, 52 y 63 a\u00f1os de edad.<\/p>\n\n\n\n<p>Para el Gobierno de la Primavera Oaxaque\u00f1a, la salud no es un discurso, sino una prioridad. Por ello, se fortalece la capacidad de respuesta, el abasto de medicamentos y la coordinaci\u00f3n con las instituciones.<\/p>\n\n\n\n<p>-0-<\/p>\n","protected":false},"excerpt":{"rendered":"<p>Posteriormente, se tuvo el respaldo de los hospitales del Instituto de Seguridad y Servicios Sociales&#8230;<\/p>\n","protected":false},"author":4,"featured_media":52126,"comment_status":"","ping_status":"open","sticky":false,"template":"","format":"standard","meta":{"footnotes":""},"categories":[92],"tags":[316],"jetpack_sharing_enabled":true,"featured_image_urls":{"full":["https:\/\/contextoanalisisperiodistico.com\/wp-content\/uploads\/2026\/03\/IMG-20260316-WA0138.jpg",1024,1024,false],"thumbnail":["https:\/\/contextoanalisisperiodistico.com\/wp-content\/uploads\/2026\/03\/IMG-20260316-WA0138-150x150.jpg",150,150,true],"medium":["https:\/\/contextoanalisisperiodistico.com\/wp-content\/uploads\/2026\/03\/IMG-20260316-WA0138-300x300.jpg",300,300,true],"medium_large":["https:\/\/contextoanalisisperiodistico.com\/wp-content\/uploads\/2026\/03\/IMG-20260316-WA0138-768x768.jpg",640,640,true],"large":["https:\/\/contextoanalisisperiodistico.com\/wp-content\/uploads\/2026\/03\/IMG-20260316-WA0138.jpg",640,640,false],"1536x1536":["https:\/\/contextoanalisisperiodistico.com\/wp-content\/uploads\/2026\/03\/IMG-20260316-WA0138.jpg",1024,1024,false],"2048x2048":["https:\/\/contextoanalisisperiodistico.com\/wp-content\/uploads\/2026\/03\/IMG-20260316-WA0138.jpg",1024,1024,false],"covernews-slider-full":["https:\/\/contextoanalisisperiodistico.com\/wp-content\/uploads\/2026\/03\/IMG-20260316-WA0138-1024x715.jpg",1024,715,true],"covernews-slider-center":["https:\/\/contextoanalisisperiodistico.com\/wp-content\/uploads\/2026\/03\/IMG-20260316-WA0138-800x500.jpg",800,500,true],"covernews-featured":["https:\/\/contextoanalisisperiodistico.com\/wp-content\/uploads\/2026\/03\/IMG-20260316-WA0138.jpg",1024,1024,false],"covernews-medium":["https:\/\/contextoanalisisperiodistico.com\/wp-content\/uploads\/2026\/03\/IMG-20260316-WA0138-540x340.jpg",540,340,true],"covernews-medium-square":["https:\/\/contextoanalisisperiodistico.com\/wp-content\/uploads\/2026\/03\/IMG-20260316-WA0138-400x250.jpg",400,250,true]},"author_info":{"display_name":"Mario Gir\u00f3n","author_link":"https:\/\/contextoanalisisperiodistico.com\/index.php\/author\/director\/"},"category_info":"<a href=\"https:\/\/contextoanalisisperiodistico.com\/index.php\/category\/salud\/\" rel=\"category tag\">Salud<\/a>","tag_info":"Salud","comment_count":"0","jetpack_featured_media_url":"https:\/\/contextoanalisisperiodistico.com\/wp-content\/uploads\/2026\/03\/IMG-20260316-WA0138.jpg","_links":{"self":[{"href":"https:\/\/contextoanalisisperiodistico.com\/index.php\/wp-json\/wp\/v2\/posts\/52127"}],"collection":[{"href":"https:\/\/contextoanalisisperiodistico.com\/index.php\/wp-json\/wp\/v2\/posts"}],"about":[{"href":"https:\/\/contextoanalisisperiodistico.com\/index.php\/wp-json\/wp\/v2\/types\/post"}],"author":[{"embeddable":true,"href":"https:\/\/contextoanalisisperiodistico.com\/index.php\/wp-json\/wp\/v2\/users\/4"}],"replies":[{"embeddable":true,"href":"https:\/\/contextoanalisisperiodistico.com\/index.php\/wp-json\/wp\/v2\/comments?post=52127"}],"version-history":[{"count":0,"href":"https:\/\/contextoanalisisperiodistico.com\/index.php\/wp-json\/wp\/v2\/posts\/52127\/revisions"}],"wp:featuredmedia":[{"embeddable":true,"href":"https:\/\/contextoanalisisperiodistico.com\/index.php\/wp-json\/wp\/v2\/media\/52126"}],"wp:attachment":[{"href":"https:\/\/contextoanalisisperiodistico.com\/index.php\/wp-json\/wp\/v2\/media?parent=52127"}],"wp:term":[{"taxonomy":"category","embeddable":true,"href":"https:\/\/contextoanalisisperiodistico.com\/index.php\/wp-json\/wp\/v2\/categories?post=52127"},{"taxonomy":"post_tag","embeddable":true,"href":"https:\/\/contextoanalisisperiodistico.com\/index.php\/wp-json\/wp\/v2\/tags?post=52127"}],"curies":[{"name":"wp","href":"https:\/\/api.w.org\/{rel}","templated":true}]}}