{"id":52125,"date":"2026-03-16T13:55:54","date_gmt":"2026-03-16T19:55:54","guid":{"rendered":"https:\/\/contextoanalisisperiodistico.com\/index.php\/2026\/03\/16\/impulsa-primavera-oaxaquena-parque-lineal-riveras-del-atoyac-con-inversion-superior-a-191-mdp\/"},"modified":"2026-03-16T13:55:54","modified_gmt":"2026-03-16T19:55:54","slug":"impulsa-primavera-oaxaquena-parque-lineal-riveras-del-atoyac-con-inversion-superior-a-191-mdp","status":"publish","type":"post","link":"https:\/\/contextoanalisisperiodistico.com\/index.php\/2026\/03\/16\/impulsa-primavera-oaxaquena-parque-lineal-riveras-del-atoyac-con-inversion-superior-a-191-mdp\/","title":{"rendered":"Impulsa Primavera Oaxaque\u00f1a Parque Lineal Riveras del Atoyac con inversi\u00f3n superior a 191 mdp"},"content":{"rendered":"<div id=\"fb-root\"><\/div>\n\n<p>\u2022 En una primera etapa se intervendr\u00e1n 1.8 kil\u00f3metros, del puente Valerio Trujano al puente Porfirio D\u00edaz<\/p>\n\n\n\n<figure class=\"wp-block-image size-large\"><img fetchpriority=\"high\" decoding=\"async\" width=\"1024\" height=\"683\" src=\"https:\/\/contextoanalisisperiodistico.com\/wp-content\/uploads\/2026\/03\/img-20260316-wa0068351216696760197515-1024x683.jpg\" alt=\"\" class=\"wp-image-52121\" srcset=\"https:\/\/contextoanalisisperiodistico.com\/wp-content\/uploads\/2026\/03\/img-20260316-wa0068351216696760197515-1024x683.jpg 1024w, https:\/\/contextoanalisisperiodistico.com\/wp-content\/uploads\/2026\/03\/img-20260316-wa0068351216696760197515-300x200.jpg 300w, https:\/\/contextoanalisisperiodistico.com\/wp-content\/uploads\/2026\/03\/img-20260316-wa0068351216696760197515-768x512.jpg 768w, https:\/\/contextoanalisisperiodistico.com\/wp-content\/uploads\/2026\/03\/img-20260316-wa0068351216696760197515.jpg 1280w\" sizes=\"(max-width: 1024px) 100vw, 1024px\" \/><\/figure>\n\n\n\n<figure class=\"wp-block-image\"><img decoding=\"async\" width=\"1024\" height=\"683\" src=\"https:\/\/contextoanalisisperiodistico.com\/wp-content\/uploads\/2026\/03\/img-20260316-wa00707578332663651283330-1024x683.jpg\" alt=\"\" class=\"wp-image-52122\" srcset=\"https:\/\/contextoanalisisperiodistico.com\/wp-content\/uploads\/2026\/03\/img-20260316-wa00707578332663651283330-1024x683.jpg 1024w, https:\/\/contextoanalisisperiodistico.com\/wp-content\/uploads\/2026\/03\/img-20260316-wa00707578332663651283330-300x200.jpg 300w, https:\/\/contextoanalisisperiodistico.com\/wp-content\/uploads\/2026\/03\/img-20260316-wa00707578332663651283330-768x512.jpg 768w, https:\/\/contextoanalisisperiodistico.com\/wp-content\/uploads\/2026\/03\/img-20260316-wa00707578332663651283330.jpg 1280w\" sizes=\"(max-width: 1024px) 100vw, 1024px\" \/><\/figure>\n\n\n\n<figure class=\"wp-block-image\"><img decoding=\"async\" width=\"1024\" height=\"683\" src=\"https:\/\/contextoanalisisperiodistico.com\/wp-content\/uploads\/2026\/03\/img-20260316-wa00695949183721454267057-1024x683.jpg\" alt=\"\" class=\"wp-image-52124\" srcset=\"https:\/\/contextoanalisisperiodistico.com\/wp-content\/uploads\/2026\/03\/img-20260316-wa00695949183721454267057-1024x683.jpg 1024w, https:\/\/contextoanalisisperiodistico.com\/wp-content\/uploads\/2026\/03\/img-20260316-wa00695949183721454267057-300x200.jpg 300w, https:\/\/contextoanalisisperiodistico.com\/wp-content\/uploads\/2026\/03\/img-20260316-wa00695949183721454267057-768x512.jpg 768w, https:\/\/contextoanalisisperiodistico.com\/wp-content\/uploads\/2026\/03\/img-20260316-wa00695949183721454267057.jpg 1280w\" sizes=\"(max-width: 1024px) 100vw, 1024px\" \/><\/figure>\n\n\n\n<figure class=\"wp-block-image\"><img loading=\"lazy\" decoding=\"async\" width=\"683\" height=\"1024\" src=\"https:\/\/contextoanalisisperiodistico.com\/wp-content\/uploads\/2026\/03\/img-20260316-wa00725036287246655445844-683x1024.jpg\" alt=\"\" class=\"wp-image-52123\" srcset=\"https:\/\/contextoanalisisperiodistico.com\/wp-content\/uploads\/2026\/03\/img-20260316-wa00725036287246655445844-683x1024.jpg 683w, https:\/\/contextoanalisisperiodistico.com\/wp-content\/uploads\/2026\/03\/img-20260316-wa00725036287246655445844-200x300.jpg 200w, https:\/\/contextoanalisisperiodistico.com\/wp-content\/uploads\/2026\/03\/img-20260316-wa00725036287246655445844-768x1151.jpg 768w, https:\/\/contextoanalisisperiodistico.com\/wp-content\/uploads\/2026\/03\/img-20260316-wa00725036287246655445844.jpg 854w\" sizes=\"(max-width: 683px) 100vw, 683px\" \/><\/figure>\n\n\n\n<p>Oaxaca de Ju\u00e1rez, Oax., 16 de marzo de 2026.- El Gobernador, Salom\u00f3n Jara Cruz anunci\u00f3 el avance del Parque Lineal que se construye en las riberas del r\u00edo Atoyac, una intervenci\u00f3n estrat\u00e9gica que combina el saneamiento de este afluente con la recuperaci\u00f3n de espacios p\u00fablicos para el disfrute de las familias oaxaque\u00f1as.<\/p>\n\n\n\n<p>Durante la conferencia de prensa realizada en la zona donde se desarrollan los trabajos, el Mandatario estatal destac\u00f3 que esta acci\u00f3n da cumplimiento a uno de los compromisos asumidos desde el inicio de su administraci\u00f3n.<\/p>\n\n\n\n<p>\u201cVamos a darle continuidad a este proyecto para recuperar toda la orilla del r\u00edo en la parte c\u00e9ntrica de la capital, para beneficiar a m\u00e1s de 270 mil personas y consolidar un espacio p\u00fablico que promueva el deporte, la convivencia comunitaria y la recuperaci\u00f3n ambiental\u201d, expres\u00f3 Jara Cruz.<\/p>\n\n\n\n<p>La primera etapa contempla una inversi\u00f3n de 191 millones de pesos, la intervenci\u00f3n de 1.8 kil\u00f3metros del margen del r\u00edo, desde el puente Valerio Trujano hasta el puente Porfirio D\u00edaz; posteriormente se prev\u00e9 ampliar el corredor hasta el puente de la Ex Garita.<\/p>\n\n\n\n<p>En su oportunidad, la titular de la Secretar\u00eda de Infraestructuras y Comunicaciones (SIC), Sildia Mecott G\u00f3mez, inform\u00f3 que entre los elementos que integrar\u00e1n este espacio, en ambas m\u00e1rgenes del r\u00edo, destacan la construcci\u00f3n de cuatro puentes peatonales que facilitar\u00e1n la movilidad y conexi\u00f3n entre distintos puntos de la zona.<\/p>\n\n\n\n<p>Asimismo, se habilitar\u00e1n dos canchas de b\u00e1squetbol, seis de p\u00e1del, dos skate park uno infantil y otro juvenil, dos pump track para ciclismo en sus modalidades infantil y juvenil, dos canchas de f\u00fatbol, \u00e1reas de juegos infantiles, adem\u00e1s de una trotapista y ciclov\u00eda.<\/p>\n\n\n\n<p>Con estas acciones, el Gobierno de Oaxaca prioriza el rescate de espacios p\u00fablicos en beneficio de las y los oaxaque\u00f1os, garantizando lugares seguros y de sana convivencia en la capital.<\/p>\n\n\n\n<p><em>-0-<\/em><\/p>\n","protected":false},"excerpt":{"rendered":"<p>\u2022 En una primera etapa se intervendr\u00e1n 1.8 kil\u00f3metros, del puente Valerio Trujano al puente&#8230;<\/p>\n","protected":false},"author":4,"featured_media":52120,"comment_status":"","ping_status":"open","sticky":false,"template":"","format":"standard","meta":{"footnotes":""},"categories":[9],"tags":[316,238],"jetpack_sharing_enabled":true,"featured_image_urls":{"full":["https:\/\/contextoanalisisperiodistico.com\/wp-content\/uploads\/2026\/03\/IMG-20260316-WA0067.jpg",1280,854,false],"thumbnail":["https:\/\/contextoanalisisperiodistico.com\/wp-content\/uploads\/2026\/03\/IMG-20260316-WA0067-150x150.jpg",150,150,true],"medium":["https:\/\/contextoanalisisperiodistico.com\/wp-content\/uploads\/2026\/03\/IMG-20260316-WA0067-300x200.jpg",300,200,true],"medium_large":["https:\/\/contextoanalisisperiodistico.com\/wp-content\/uploads\/2026\/03\/IMG-20260316-WA0067-768x512.jpg",640,427,true],"large":["https:\/\/contextoanalisisperiodistico.com\/wp-content\/uploads\/2026\/03\/IMG-20260316-WA0067-1024x683.jpg",640,427,true],"1536x1536":["https:\/\/contextoanalisisperiodistico.com\/wp-content\/uploads\/2026\/03\/IMG-20260316-WA0067.jpg",1280,854,false],"2048x2048":["https:\/\/contextoanalisisperiodistico.com\/wp-content\/uploads\/2026\/03\/IMG-20260316-WA0067.jpg",1280,854,false],"covernews-slider-full":["https:\/\/contextoanalisisperiodistico.com\/wp-content\/uploads\/2026\/03\/IMG-20260316-WA0067-1115x715.jpg",1115,715,true],"covernews-slider-center":["https:\/\/contextoanalisisperiodistico.com\/wp-content\/uploads\/2026\/03\/IMG-20260316-WA0067-800x500.jpg",800,500,true],"covernews-featured":["https:\/\/contextoanalisisperiodistico.com\/wp-content\/uploads\/2026\/03\/IMG-20260316-WA0067-1024x683.jpg",1024,683,true],"covernews-medium":["https:\/\/contextoanalisisperiodistico.com\/wp-content\/uploads\/2026\/03\/IMG-20260316-WA0067-540x340.jpg",540,340,true],"covernews-medium-square":["https:\/\/contextoanalisisperiodistico.com\/wp-content\/uploads\/2026\/03\/IMG-20260316-WA0067-400x250.jpg",400,250,true]},"author_info":{"display_name":"Mario Gir\u00f3n","author_link":"https:\/\/contextoanalisisperiodistico.com\/index.php\/author\/director\/"},"category_info":"<a href=\"https:\/\/contextoanalisisperiodistico.com\/index.php\/category\/politica\/\" rel=\"category tag\">Pol\u00edtica<\/a>","tag_info":"Pol\u00edtica","comment_count":"0","jetpack_featured_media_url":"https:\/\/contextoanalisisperiodistico.com\/wp-content\/uploads\/2026\/03\/IMG-20260316-WA0067.jpg","_links":{"self":[{"href":"https:\/\/contextoanalisisperiodistico.com\/index.php\/wp-json\/wp\/v2\/posts\/52125"}],"collection":[{"href":"https:\/\/contextoanalisisperiodistico.com\/index.php\/wp-json\/wp\/v2\/posts"}],"about":[{"href":"https:\/\/contextoanalisisperiodistico.com\/index.php\/wp-json\/wp\/v2\/types\/post"}],"author":[{"embeddable":true,"href":"https:\/\/contextoanalisisperiodistico.com\/index.php\/wp-json\/wp\/v2\/users\/4"}],"replies":[{"embeddable":true,"href":"https:\/\/contextoanalisisperiodistico.com\/index.php\/wp-json\/wp\/v2\/comments?post=52125"}],"version-history":[{"count":0,"href":"https:\/\/contextoanalisisperiodistico.com\/index.php\/wp-json\/wp\/v2\/posts\/52125\/revisions"}],"wp:featuredmedia":[{"embeddable":true,"href":"https:\/\/contextoanalisisperiodistico.com\/index.php\/wp-json\/wp\/v2\/media\/52120"}],"wp:attachment":[{"href":"https:\/\/contextoanalisisperiodistico.com\/index.php\/wp-json\/wp\/v2\/media?parent=52125"}],"wp:term":[{"taxonomy":"category","embeddable":true,"href":"https:\/\/contextoanalisisperiodistico.com\/index.php\/wp-json\/wp\/v2\/categories?post=52125"},{"taxonomy":"post_tag","embeddable":true,"href":"https:\/\/contextoanalisisperiodistico.com\/index.php\/wp-json\/wp\/v2\/tags?post=52125"}],"curies":[{"name":"wp","href":"https:\/\/api.w.org\/{rel}","templated":true}]}}