{"id":52118,"date":"2026-03-16T13:47:01","date_gmt":"2026-03-16T19:47:01","guid":{"rendered":"https:\/\/contextoanalisisperiodistico.com\/index.php\/2026\/03\/16\/invertira-la-primavera-oaxaquena-800-mdp-en-saneamiento-de-rios-atoyac-y-salado-en-proximos-tres-anos\/"},"modified":"2026-03-16T13:51:28","modified_gmt":"2026-03-16T19:51:28","slug":"invertira-la-primavera-oaxaquena-800-mdp-en-saneamiento-de-rios-atoyac-y-salado-en-proximos-tres-anos","status":"publish","type":"post","link":"https:\/\/contextoanalisisperiodistico.com\/index.php\/2026\/03\/16\/invertira-la-primavera-oaxaquena-800-mdp-en-saneamiento-de-rios-atoyac-y-salado-en-proximos-tres-anos\/","title":{"rendered":"\u00abRescate hist\u00f3rico: la Primavera Oaxaque\u00f1a destinar\u00e1 800 MDP para sanear los r\u00edos Atoyac y Salado\u00bb"},"content":{"rendered":"<div id=\"fb-root\"><\/div>\n\n<p>Oaxaca de Ju\u00e1rez, Oax.,16 de marzo de 2026.- El Gobierno del Estado a trav\u00e9s de la Comisi\u00f3n Estatal del Agua para el Bienestar (Ceabien) invertir\u00e1 de 2026 a 2028, en acciones de saneamiento de los r\u00edos Atoyac y Salado un total de 800 millones de pesos.<\/p>\n\n\n\n<figure class=\"wp-block-image size-large\"><img fetchpriority=\"high\" decoding=\"async\" width=\"1024\" height=\"682\" src=\"https:\/\/contextoanalisisperiodistico.com\/wp-content\/uploads\/2026\/03\/img-20260316-wa00892241086345520562791-1024x682.jpg\" alt=\"\" class=\"wp-image-52115\" srcset=\"https:\/\/contextoanalisisperiodistico.com\/wp-content\/uploads\/2026\/03\/img-20260316-wa00892241086345520562791-1024x682.jpg 1024w, https:\/\/contextoanalisisperiodistico.com\/wp-content\/uploads\/2026\/03\/img-20260316-wa00892241086345520562791-300x200.jpg 300w, https:\/\/contextoanalisisperiodistico.com\/wp-content\/uploads\/2026\/03\/img-20260316-wa00892241086345520562791-768x512.jpg 768w, https:\/\/contextoanalisisperiodistico.com\/wp-content\/uploads\/2026\/03\/img-20260316-wa00892241086345520562791-1536x1023.jpg 1536w, https:\/\/contextoanalisisperiodistico.com\/wp-content\/uploads\/2026\/03\/img-20260316-wa00892241086345520562791.jpg 1600w\" sizes=\"(max-width: 1024px) 100vw, 1024px\" \/><\/figure>\n\n\n\n<figure class=\"wp-block-image\"><img decoding=\"async\" width=\"1024\" height=\"682\" src=\"https:\/\/contextoanalisisperiodistico.com\/wp-content\/uploads\/2026\/03\/img-20260316-wa00884586367618352241415-1024x682.jpg\" alt=\"\" class=\"wp-image-52117\" srcset=\"https:\/\/contextoanalisisperiodistico.com\/wp-content\/uploads\/2026\/03\/img-20260316-wa00884586367618352241415-1024x682.jpg 1024w, https:\/\/contextoanalisisperiodistico.com\/wp-content\/uploads\/2026\/03\/img-20260316-wa00884586367618352241415-300x200.jpg 300w, https:\/\/contextoanalisisperiodistico.com\/wp-content\/uploads\/2026\/03\/img-20260316-wa00884586367618352241415-768x512.jpg 768w, https:\/\/contextoanalisisperiodistico.com\/wp-content\/uploads\/2026\/03\/img-20260316-wa00884586367618352241415-1536x1023.jpg 1536w, https:\/\/contextoanalisisperiodistico.com\/wp-content\/uploads\/2026\/03\/img-20260316-wa00884586367618352241415.jpg 1600w\" sizes=\"(max-width: 1024px) 100vw, 1024px\" \/><\/figure>\n\n\n\n<figure class=\"wp-block-image\"><img decoding=\"async\" width=\"1024\" height=\"576\" src=\"https:\/\/contextoanalisisperiodistico.com\/wp-content\/uploads\/2026\/03\/img-20260316-wa00876715632393790791298-1024x576.jpg\" alt=\"\" class=\"wp-image-52116\" srcset=\"https:\/\/contextoanalisisperiodistico.com\/wp-content\/uploads\/2026\/03\/img-20260316-wa00876715632393790791298-1024x576.jpg 1024w, https:\/\/contextoanalisisperiodistico.com\/wp-content\/uploads\/2026\/03\/img-20260316-wa00876715632393790791298-300x169.jpg 300w, https:\/\/contextoanalisisperiodistico.com\/wp-content\/uploads\/2026\/03\/img-20260316-wa00876715632393790791298-768x432.jpg 768w, https:\/\/contextoanalisisperiodistico.com\/wp-content\/uploads\/2026\/03\/img-20260316-wa00876715632393790791298-1536x864.jpg 1536w, https:\/\/contextoanalisisperiodistico.com\/wp-content\/uploads\/2026\/03\/img-20260316-wa00876715632393790791298.jpg 1600w\" sizes=\"(max-width: 1024px) 100vw, 1024px\" \/><\/figure>\n\n\n\n<p>En la conferencia de prensa que encabeza el Gobernador Salom\u00f3n Jara Cruz, el titular de Ceabien, Neftal\u00ed L\u00f3pez Hern\u00e1ndez explic\u00f3 que este presupuesto se invertir\u00e1 para construir colectores marginales en ambos r\u00edos, as\u00ed como plantas de tratamiento de aguas residuales.<\/p>\n\n\n\n<p>Entre las acciones a realizar, del 2026 al 2028, se encuentran la atenci\u00f3n a 12,100 kil\u00f3metros de colectores y la intercepci\u00f3n de 23 descargas en las margenes izquierda y derecha del R\u00edo Salado,y la margen izquierda del R\u00edo Atoyac.<\/p>\n\n\n\n<p>Abund\u00f3 que, en los 3 primeros a\u00f1os de gobierno se han invertido alrededor de 361 millones de pesos en el tema de saneamiento. Se han construido cuatro plantas tratadoras, de las cuales tres est\u00e1n operando al 100 por ciento, y en unos 20 d\u00edas se inaugurar\u00e1 la planta en Huitzo.<\/p>\n\n\n\n<p>Tambi\u00e9n, se han intervenido 17.01 kil\u00f3metro de colectores marginales y subcolectores, as\u00ed como 35 descargas interceptadas.<\/p>\n\n\n\n<p>Al finalizar el sexenio de la Primavera Oaxaque\u00f1a el presupuesto total para este rubro habr\u00e1 sido de 1,161.22 millones de pesos.<\/p>\n","protected":false},"excerpt":{"rendered":"<p>Oaxaca de Ju\u00e1rez, Oax.,16 de marzo de 2026.- El Gobierno del Estado a trav\u00e9s de&#8230;<\/p>\n","protected":false},"author":4,"featured_media":52114,"comment_status":"closed","ping_status":"open","sticky":false,"template":"","format":"standard","meta":{"footnotes":""},"categories":[9],"tags":[316,238],"jetpack_sharing_enabled":true,"featured_image_urls":{"full":["https:\/\/contextoanalisisperiodistico.com\/wp-content\/uploads\/2026\/03\/IMG-20260316-WA0086.jpg",1600,900,false],"thumbnail":["https:\/\/contextoanalisisperiodistico.com\/wp-content\/uploads\/2026\/03\/IMG-20260316-WA0086-150x150.jpg",150,150,true],"medium":["https:\/\/contextoanalisisperiodistico.com\/wp-content\/uploads\/2026\/03\/IMG-20260316-WA0086-300x169.jpg",300,169,true],"medium_large":["https:\/\/contextoanalisisperiodistico.com\/wp-content\/uploads\/2026\/03\/IMG-20260316-WA0086-768x432.jpg",640,360,true],"large":["https:\/\/contextoanalisisperiodistico.com\/wp-content\/uploads\/2026\/03\/IMG-20260316-WA0086-1024x576.jpg",640,360,true],"1536x1536":["https:\/\/contextoanalisisperiodistico.com\/wp-content\/uploads\/2026\/03\/IMG-20260316-WA0086-1536x864.jpg",1536,864,true],"2048x2048":["https:\/\/contextoanalisisperiodistico.com\/wp-content\/uploads\/2026\/03\/IMG-20260316-WA0086.jpg",1600,900,false],"covernews-slider-full":["https:\/\/contextoanalisisperiodistico.com\/wp-content\/uploads\/2026\/03\/IMG-20260316-WA0086-1115x715.jpg",1115,715,true],"covernews-slider-center":["https:\/\/contextoanalisisperiodistico.com\/wp-content\/uploads\/2026\/03\/IMG-20260316-WA0086-800x500.jpg",800,500,true],"covernews-featured":["https:\/\/contextoanalisisperiodistico.com\/wp-content\/uploads\/2026\/03\/IMG-20260316-WA0086-1024x576.jpg",1024,576,true],"covernews-medium":["https:\/\/contextoanalisisperiodistico.com\/wp-content\/uploads\/2026\/03\/IMG-20260316-WA0086-540x340.jpg",540,340,true],"covernews-medium-square":["https:\/\/contextoanalisisperiodistico.com\/wp-content\/uploads\/2026\/03\/IMG-20260316-WA0086-400x250.jpg",400,250,true]},"author_info":{"display_name":"Mario Gir\u00f3n","author_link":"https:\/\/contextoanalisisperiodistico.com\/index.php\/author\/director\/"},"category_info":"<a href=\"https:\/\/contextoanalisisperiodistico.com\/index.php\/category\/politica\/\" rel=\"category tag\">Pol\u00edtica<\/a>","tag_info":"Pol\u00edtica","comment_count":"0","jetpack_featured_media_url":"https:\/\/contextoanalisisperiodistico.com\/wp-content\/uploads\/2026\/03\/IMG-20260316-WA0086.jpg","_links":{"self":[{"href":"https:\/\/contextoanalisisperiodistico.com\/index.php\/wp-json\/wp\/v2\/posts\/52118"}],"collection":[{"href":"https:\/\/contextoanalisisperiodistico.com\/index.php\/wp-json\/wp\/v2\/posts"}],"about":[{"href":"https:\/\/contextoanalisisperiodistico.com\/index.php\/wp-json\/wp\/v2\/types\/post"}],"author":[{"embeddable":true,"href":"https:\/\/contextoanalisisperiodistico.com\/index.php\/wp-json\/wp\/v2\/users\/4"}],"replies":[{"embeddable":true,"href":"https:\/\/contextoanalisisperiodistico.com\/index.php\/wp-json\/wp\/v2\/comments?post=52118"}],"version-history":[{"count":1,"href":"https:\/\/contextoanalisisperiodistico.com\/index.php\/wp-json\/wp\/v2\/posts\/52118\/revisions"}],"predecessor-version":[{"id":52119,"href":"https:\/\/contextoanalisisperiodistico.com\/index.php\/wp-json\/wp\/v2\/posts\/52118\/revisions\/52119"}],"wp:featuredmedia":[{"embeddable":true,"href":"https:\/\/contextoanalisisperiodistico.com\/index.php\/wp-json\/wp\/v2\/media\/52114"}],"wp:attachment":[{"href":"https:\/\/contextoanalisisperiodistico.com\/index.php\/wp-json\/wp\/v2\/media?parent=52118"}],"wp:term":[{"taxonomy":"category","embeddable":true,"href":"https:\/\/contextoanalisisperiodistico.com\/index.php\/wp-json\/wp\/v2\/categories?post=52118"},{"taxonomy":"post_tag","embeddable":true,"href":"https:\/\/contextoanalisisperiodistico.com\/index.php\/wp-json\/wp\/v2\/tags?post=52118"}],"curies":[{"name":"wp","href":"https:\/\/api.w.org\/{rel}","templated":true}]}}