{"id":52099,"date":"2026-03-16T13:26:24","date_gmt":"2026-03-16T19:26:24","guid":{"rendered":"https:\/\/contextoanalisisperiodistico.com\/index.php\/2026\/03\/16\/oaxaca-capital-cultural-con-aprobacion-solida-bajo-la-gestion-de-raymundo-chagoya\/"},"modified":"2026-03-16T13:27:03","modified_gmt":"2026-03-16T19:27:03","slug":"oaxaca-capital-cultural-con-aprobacion-solida-bajo-la-gestion-de-raymundo-chagoya","status":"publish","type":"post","link":"https:\/\/contextoanalisisperiodistico.com\/index.php\/2026\/03\/16\/oaxaca-capital-cultural-con-aprobacion-solida-bajo-la-gestion-de-raymundo-chagoya\/","title":{"rendered":"\u00abOaxaca: Capital Cultural con aprobaci\u00f3n s\u00f3lida bajo la gesti\u00f3n de Raymundo Chagoya\u00bb"},"content":{"rendered":"<div id=\"fb-root\"><\/div>\n\n<ul class=\"wp-block-list\">\n<li><strong>Aprobaci\u00f3n Ciudadana:<\/strong> 52.4%.<\/li>\n\n\n\n<li>\u200b<strong>Posici\u00f3n Nacional:<\/strong> Lugar 56 entre cientos de alcaldes evaluados.<\/li>\n\n\n\n<li><strong>Desempe\u00f1o en Capitales:<\/strong> Integrante del <strong>Top 10<\/strong> de capitales con aprobaci\u00f3n superior a la media nacional.<\/li>\n\n\n\n<li>La gesti\u00f3n en la capital oaxaque\u00f1a sobresale por mantener la confianza ciudadana en un entorno de alta exigencia cultural y social. <\/li>\n<\/ul>\n\n\n\n<p>Oaxaca de Ju\u00e1rez en el top 10 del grupo de capitales evaluadas con aprobaci\u00f3n superior al promedio nacional. Y el quinto entre los alcaldes emanados del Partido Verde.<\/p>\n\n\n\n<p>En un municipio con alta actividad tur\u00edstica, cultural y social, conservar aprobaci\u00f3n arriba del 50% habla de estabilidad institucional.<\/p>\n\n\n\n<p>Este resultado corresponde al Ranking Mitofsky publicado por El Economista para febrero de 2026.<\/p>\n\n\n\n<figure class=\"wp-block-video\"><video controls src=\"https:\/\/contextoanalisisperiodistico.com\/wp-content\/uploads\/2026\/03\/VID-20260316-WA0079.mp4\"><\/video><\/figure>\n","protected":false},"excerpt":{"rendered":"<p>Oaxaca de Ju\u00e1rez en el top 10 del grupo de capitales evaluadas con aprobaci\u00f3n superior&#8230;<\/p>\n","protected":false},"author":4,"featured_media":52097,"comment_status":"closed","ping_status":"open","sticky":false,"template":"","format":"standard","meta":{"footnotes":""},"categories":[9],"tags":[353,371,359,380],"jetpack_sharing_enabled":true,"featured_image_urls":{"full":["https:\/\/contextoanalisisperiodistico.com\/wp-content\/uploads\/2026\/03\/IMG_20260316_132509.jpg",720,1243,false],"thumbnail":["https:\/\/contextoanalisisperiodistico.com\/wp-content\/uploads\/2026\/03\/IMG_20260316_132509-150x150.jpg",150,150,true],"medium":["https:\/\/contextoanalisisperiodistico.com\/wp-content\/uploads\/2026\/03\/IMG_20260316_132509-174x300.jpg",174,300,true],"medium_large":["https:\/\/contextoanalisisperiodistico.com\/wp-content\/uploads\/2026\/03\/IMG_20260316_132509.jpg",640,1105,false],"large":["https:\/\/contextoanalisisperiodistico.com\/wp-content\/uploads\/2026\/03\/IMG_20260316_132509-593x1024.jpg",593,1024,true],"1536x1536":["https:\/\/contextoanalisisperiodistico.com\/wp-content\/uploads\/2026\/03\/IMG_20260316_132509.jpg",720,1243,false],"2048x2048":["https:\/\/contextoanalisisperiodistico.com\/wp-content\/uploads\/2026\/03\/IMG_20260316_132509.jpg",720,1243,false],"covernews-slider-full":["https:\/\/contextoanalisisperiodistico.com\/wp-content\/uploads\/2026\/03\/IMG_20260316_132509-720x715.jpg",720,715,true],"covernews-slider-center":["https:\/\/contextoanalisisperiodistico.com\/wp-content\/uploads\/2026\/03\/IMG_20260316_132509-720x500.jpg",720,500,true],"covernews-featured":["https:\/\/contextoanalisisperiodistico.com\/wp-content\/uploads\/2026\/03\/IMG_20260316_132509.jpg",720,1243,false],"covernews-medium":["https:\/\/contextoanalisisperiodistico.com\/wp-content\/uploads\/2026\/03\/IMG_20260316_132509-540x340.jpg",540,340,true],"covernews-medium-square":["https:\/\/contextoanalisisperiodistico.com\/wp-content\/uploads\/2026\/03\/IMG_20260316_132509-400x250.jpg",400,250,true]},"author_info":{"display_name":"Mario Gir\u00f3n","author_link":"https:\/\/contextoanalisisperiodistico.com\/index.php\/author\/director\/"},"category_info":"<a href=\"https:\/\/contextoanalisisperiodistico.com\/index.php\/category\/politica\/\" rel=\"category tag\">Pol\u00edtica<\/a>","tag_info":"Pol\u00edtica","comment_count":"0","jetpack_featured_media_url":"https:\/\/contextoanalisisperiodistico.com\/wp-content\/uploads\/2026\/03\/IMG_20260316_132509.jpg","_links":{"self":[{"href":"https:\/\/contextoanalisisperiodistico.com\/index.php\/wp-json\/wp\/v2\/posts\/52099"}],"collection":[{"href":"https:\/\/contextoanalisisperiodistico.com\/index.php\/wp-json\/wp\/v2\/posts"}],"about":[{"href":"https:\/\/contextoanalisisperiodistico.com\/index.php\/wp-json\/wp\/v2\/types\/post"}],"author":[{"embeddable":true,"href":"https:\/\/contextoanalisisperiodistico.com\/index.php\/wp-json\/wp\/v2\/users\/4"}],"replies":[{"embeddable":true,"href":"https:\/\/contextoanalisisperiodistico.com\/index.php\/wp-json\/wp\/v2\/comments?post=52099"}],"version-history":[{"count":1,"href":"https:\/\/contextoanalisisperiodistico.com\/index.php\/wp-json\/wp\/v2\/posts\/52099\/revisions"}],"predecessor-version":[{"id":52100,"href":"https:\/\/contextoanalisisperiodistico.com\/index.php\/wp-json\/wp\/v2\/posts\/52099\/revisions\/52100"}],"wp:featuredmedia":[{"embeddable":true,"href":"https:\/\/contextoanalisisperiodistico.com\/index.php\/wp-json\/wp\/v2\/media\/52097"}],"wp:attachment":[{"href":"https:\/\/contextoanalisisperiodistico.com\/index.php\/wp-json\/wp\/v2\/media?parent=52099"}],"wp:term":[{"taxonomy":"category","embeddable":true,"href":"https:\/\/contextoanalisisperiodistico.com\/index.php\/wp-json\/wp\/v2\/categories?post=52099"},{"taxonomy":"post_tag","embeddable":true,"href":"https:\/\/contextoanalisisperiodistico.com\/index.php\/wp-json\/wp\/v2\/tags?post=52099"}],"curies":[{"name":"wp","href":"https:\/\/api.w.org\/{rel}","templated":true}]}}