{"id":52096,"date":"2026-03-16T13:07:20","date_gmt":"2026-03-16T19:07:20","guid":{"rendered":"https:\/\/contextoanalisisperiodistico.com\/index.php\/2026\/03\/16\/implementa-gobierno-del-estado-nueva-ruta-del-binnibus-ra12-najme-colonia-la-soledad-primera-etapa\/"},"modified":"2026-03-16T13:07:20","modified_gmt":"2026-03-16T19:07:20","slug":"implementa-gobierno-del-estado-nueva-ruta-del-binnibus-ra12-najme-colonia-la-soledad-primera-etapa","status":"publish","type":"post","link":"https:\/\/contextoanalisisperiodistico.com\/index.php\/2026\/03\/16\/implementa-gobierno-del-estado-nueva-ruta-del-binnibus-ra12-najme-colonia-la-soledad-primera-etapa\/","title":{"rendered":"Implementa Gobierno del Estado nueva ruta del BinniBus RA12 \u201cNajm\u00e9\u201d colonia La Soledad \u2013 Primera Etapa"},"content":{"rendered":"<div id=\"fb-root\"><\/div>\n\n<ul class=\"wp-block-list\">\n<li>Esta brinda servicio de lunes a domingo en un horario de 6:00 a 22:00 horas, con las tarifas vigentes implementadas por el sistema<\/li>\n<\/ul>\n\n\n\n<figure class=\"wp-block-image size-large\"><img fetchpriority=\"high\" decoding=\"async\" width=\"711\" height=\"1024\" src=\"https:\/\/contextoanalisisperiodistico.com\/wp-content\/uploads\/2026\/03\/img-20260316-wa00192297326687375961259-711x1024.jpg\" alt=\"\" class=\"wp-image-52095\" srcset=\"https:\/\/contextoanalisisperiodistico.com\/wp-content\/uploads\/2026\/03\/img-20260316-wa00192297326687375961259-711x1024.jpg 711w, https:\/\/contextoanalisisperiodistico.com\/wp-content\/uploads\/2026\/03\/img-20260316-wa00192297326687375961259-208x300.jpg 208w, https:\/\/contextoanalisisperiodistico.com\/wp-content\/uploads\/2026\/03\/img-20260316-wa00192297326687375961259-768x1106.jpg 768w, https:\/\/contextoanalisisperiodistico.com\/wp-content\/uploads\/2026\/03\/img-20260316-wa00192297326687375961259-1067x1536.jpg 1067w, https:\/\/contextoanalisisperiodistico.com\/wp-content\/uploads\/2026\/03\/img-20260316-wa00192297326687375961259-1024x1475.jpg 1024w, https:\/\/contextoanalisisperiodistico.com\/wp-content\/uploads\/2026\/03\/img-20260316-wa00192297326687375961259.jpg 1111w\" sizes=\"(max-width: 711px) 100vw, 711px\" \/><\/figure>\n\n\n\n<p>Oaxaca de Ju\u00e1rez, Oax. 16 de marzo de 2026.- El Gobierno del Estado a trav\u00e9s del Sistema de Transporte Colectivo Metropolitano BinniBus incorpor\u00f3 la nueva ruta RA12 colonia La Soledad &#8211; Primera Etapa, denominada \u201cNajm\u00e9\u201d, que en mazateco de Huautla de Jim\u00e9nez significa \u00abMa\u00edz\u00bb.<\/p>\n\n\n\n<p>La directora del sistema, Karina G\u00f3mez Esteban inform\u00f3 que este nuevo trayecto beneficiar\u00e1 directamente a mil 626 personas usuarias, quienes contar\u00e1n con una alternativa de transporte segura, eficiente y accesible.<\/p>\n\n\n\n<p>Explic\u00f3 que los veh\u00edculos recorrer\u00e1n un total de 34.97 kil\u00f3metros, donde operar\u00e1n siete unidades, las cuales brindan servicio de lunes a domingo, en un horario de 6:00 a 22:00 horas. Los autobuses cuentan con 97 paradas establecidas y autorizadas, 49 de ida y 48 de regreso, lo que permitir\u00e1 ampliar la cobertura del BinniBus.<\/p>\n\n\n\n<p>Cabe destacar que este recorrido transita por puntos importantes de la capital como: colonia La Soledad, Instituto Tecnol\u00f3gico de Oaxaca (ITO), Central de Abasto, Estadio de B\u00e9isbol YU\u00b4VA y Primera Etapa.<\/p>\n\n\n\n<p>Con la implementaci\u00f3n de esta ruta, la cual mantiene las tarifas vigentes, el BinniBus suma 26 trayectos en operaci\u00f3n, consolidando una red de transporte moderna y accesible para las y los habitantes.<\/p>\n\n\n\n<p>-0-<\/p>\n","protected":false},"excerpt":{"rendered":"<p>Oaxaca de Ju\u00e1rez, Oax. 16 de marzo de 2026.- El Gobierno del Estado a trav\u00e9s&#8230;<\/p>\n","protected":false},"author":4,"featured_media":52094,"comment_status":"","ping_status":"open","sticky":false,"template":"","format":"standard","meta":{"footnotes":""},"categories":[3],"tags":[316,238],"jetpack_sharing_enabled":true,"featured_image_urls":{"full":["https:\/\/contextoanalisisperiodistico.com\/wp-content\/uploads\/2026\/03\/IMG-20260316-WA0018.jpg",921,1152,false],"thumbnail":["https:\/\/contextoanalisisperiodistico.com\/wp-content\/uploads\/2026\/03\/IMG-20260316-WA0018-150x150.jpg",150,150,true],"medium":["https:\/\/contextoanalisisperiodistico.com\/wp-content\/uploads\/2026\/03\/IMG-20260316-WA0018-240x300.jpg",240,300,true],"medium_large":["https:\/\/contextoanalisisperiodistico.com\/wp-content\/uploads\/2026\/03\/IMG-20260316-WA0018-768x961.jpg",640,801,true],"large":["https:\/\/contextoanalisisperiodistico.com\/wp-content\/uploads\/2026\/03\/IMG-20260316-WA0018-819x1024.jpg",640,800,true],"1536x1536":["https:\/\/contextoanalisisperiodistico.com\/wp-content\/uploads\/2026\/03\/IMG-20260316-WA0018.jpg",921,1152,false],"2048x2048":["https:\/\/contextoanalisisperiodistico.com\/wp-content\/uploads\/2026\/03\/IMG-20260316-WA0018.jpg",921,1152,false],"covernews-slider-full":["https:\/\/contextoanalisisperiodistico.com\/wp-content\/uploads\/2026\/03\/IMG-20260316-WA0018-921x715.jpg",921,715,true],"covernews-slider-center":["https:\/\/contextoanalisisperiodistico.com\/wp-content\/uploads\/2026\/03\/IMG-20260316-WA0018-800x500.jpg",800,500,true],"covernews-featured":["https:\/\/contextoanalisisperiodistico.com\/wp-content\/uploads\/2026\/03\/IMG-20260316-WA0018.jpg",921,1152,false],"covernews-medium":["https:\/\/contextoanalisisperiodistico.com\/wp-content\/uploads\/2026\/03\/IMG-20260316-WA0018-540x340.jpg",540,340,true],"covernews-medium-square":["https:\/\/contextoanalisisperiodistico.com\/wp-content\/uploads\/2026\/03\/IMG-20260316-WA0018-400x250.jpg",400,250,true]},"author_info":{"display_name":"Mario Gir\u00f3n","author_link":"https:\/\/contextoanalisisperiodistico.com\/index.php\/author\/director\/"},"category_info":"<a href=\"https:\/\/contextoanalisisperiodistico.com\/index.php\/category\/ciudad\/\" rel=\"category tag\">Ciudad<\/a>","tag_info":"Ciudad","comment_count":"0","jetpack_featured_media_url":"https:\/\/contextoanalisisperiodistico.com\/wp-content\/uploads\/2026\/03\/IMG-20260316-WA0018.jpg","_links":{"self":[{"href":"https:\/\/contextoanalisisperiodistico.com\/index.php\/wp-json\/wp\/v2\/posts\/52096"}],"collection":[{"href":"https:\/\/contextoanalisisperiodistico.com\/index.php\/wp-json\/wp\/v2\/posts"}],"about":[{"href":"https:\/\/contextoanalisisperiodistico.com\/index.php\/wp-json\/wp\/v2\/types\/post"}],"author":[{"embeddable":true,"href":"https:\/\/contextoanalisisperiodistico.com\/index.php\/wp-json\/wp\/v2\/users\/4"}],"replies":[{"embeddable":true,"href":"https:\/\/contextoanalisisperiodistico.com\/index.php\/wp-json\/wp\/v2\/comments?post=52096"}],"version-history":[{"count":0,"href":"https:\/\/contextoanalisisperiodistico.com\/index.php\/wp-json\/wp\/v2\/posts\/52096\/revisions"}],"wp:featuredmedia":[{"embeddable":true,"href":"https:\/\/contextoanalisisperiodistico.com\/index.php\/wp-json\/wp\/v2\/media\/52094"}],"wp:attachment":[{"href":"https:\/\/contextoanalisisperiodistico.com\/index.php\/wp-json\/wp\/v2\/media?parent=52096"}],"wp:term":[{"taxonomy":"category","embeddable":true,"href":"https:\/\/contextoanalisisperiodistico.com\/index.php\/wp-json\/wp\/v2\/categories?post=52096"},{"taxonomy":"post_tag","embeddable":true,"href":"https:\/\/contextoanalisisperiodistico.com\/index.php\/wp-json\/wp\/v2\/tags?post=52096"}],"curies":[{"name":"wp","href":"https:\/\/api.w.org\/{rel}","templated":true}]}}