{"id":52093,"date":"2026-03-15T20:03:29","date_gmt":"2026-03-16T02:03:29","guid":{"rendered":"https:\/\/contextoanalisisperiodistico.com\/index.php\/2026\/03\/15\/junto-al-gobernador-salomon-jara-impulsamos-en-el-ieepo-la-formacion-integral-de-la-ninez-oaxaquena-julio-cesar-alonso\/"},"modified":"2026-03-15T20:03:29","modified_gmt":"2026-03-16T02:03:29","slug":"junto-al-gobernador-salomon-jara-impulsamos-en-el-ieepo-la-formacion-integral-de-la-ninez-oaxaquena-julio-cesar-alonso","status":"publish","type":"post","link":"https:\/\/contextoanalisisperiodistico.com\/index.php\/2026\/03\/15\/junto-al-gobernador-salomon-jara-impulsamos-en-el-ieepo-la-formacion-integral-de-la-ninez-oaxaquena-julio-cesar-alonso\/","title":{"rendered":"Junto al Gobernador Salom\u00f3n Jara, impulsamos en el IEEPO la formaci\u00f3n integral de la ni\u00f1ez oaxaque\u00f1a: Julio C\u00e9sar Alonso"},"content":{"rendered":"<div id=\"fb-root\"><\/div>\n\n<p>El Delegado de Valles Centrales de la instituci\u00f3n estatal educativa, Julio C\u00e9sar Alonso Ch\u00e1vez, destac\u00f3: <\/p>\n\n\n\n<p>\u00abEn representaci\u00f3n del director general del IEEPO, Lic. Emilio Montero P\u00e9rez, acompa\u00f1\u00e9 a nuestro Gobernador Ing. Salom\u00f3n Jara Cruz, desde muy temprano, a dar el banderazo inaugural de la carrera atl\u00e9tica en la escuela Primaria \u201dBenito Ju\u00e1rez\u201d, con motivo de la celebraci\u00f3n de su centenario\u00bb. <\/p>\n\n\n\n<h1 class=\"wp-block-heading\"><\/h1>\n\n\n\n<figure class=\"wp-block-image size-large\"><img fetchpriority=\"high\" decoding=\"async\" width=\"1024\" height=\"768\" src=\"https:\/\/contextoanalisisperiodistico.com\/wp-content\/uploads\/2026\/03\/fb_img_17736265471343045764306126448938-1024x768.jpg\" alt=\"\" class=\"wp-image-52090\" srcset=\"https:\/\/contextoanalisisperiodistico.com\/wp-content\/uploads\/2026\/03\/fb_img_17736265471343045764306126448938-1024x768.jpg 1024w, https:\/\/contextoanalisisperiodistico.com\/wp-content\/uploads\/2026\/03\/fb_img_17736265471343045764306126448938-300x225.jpg 300w, https:\/\/contextoanalisisperiodistico.com\/wp-content\/uploads\/2026\/03\/fb_img_17736265471343045764306126448938-768x576.jpg 768w, https:\/\/contextoanalisisperiodistico.com\/wp-content\/uploads\/2026\/03\/fb_img_17736265471343045764306126448938.jpg 1280w\" sizes=\"(max-width: 1024px) 100vw, 1024px\" \/><\/figure>\n\n\n\n<figure class=\"wp-block-image\"><img decoding=\"async\" width=\"1024\" height=\"683\" src=\"https:\/\/contextoanalisisperiodistico.com\/wp-content\/uploads\/2026\/03\/fb_img_17736265318087563835696914364113-1024x683.jpg\" alt=\"\" class=\"wp-image-52091\" srcset=\"https:\/\/contextoanalisisperiodistico.com\/wp-content\/uploads\/2026\/03\/fb_img_17736265318087563835696914364113-1024x683.jpg 1024w, https:\/\/contextoanalisisperiodistico.com\/wp-content\/uploads\/2026\/03\/fb_img_17736265318087563835696914364113-300x200.jpg 300w, https:\/\/contextoanalisisperiodistico.com\/wp-content\/uploads\/2026\/03\/fb_img_17736265318087563835696914364113-768x512.jpg 768w, https:\/\/contextoanalisisperiodistico.com\/wp-content\/uploads\/2026\/03\/fb_img_17736265318087563835696914364113-1536x1025.jpg 1536w, https:\/\/contextoanalisisperiodistico.com\/wp-content\/uploads\/2026\/03\/fb_img_17736265318087563835696914364113.jpg 2000w\" sizes=\"(max-width: 1024px) 100vw, 1024px\" \/><\/figure>\n\n\n\n<figure class=\"wp-block-image\"><img decoding=\"async\" width=\"1024\" height=\"682\" src=\"https:\/\/contextoanalisisperiodistico.com\/wp-content\/uploads\/2026\/03\/fb_img_17736265391244080413359660176235-1024x682.jpg\" alt=\"\" class=\"wp-image-52092\" srcset=\"https:\/\/contextoanalisisperiodistico.com\/wp-content\/uploads\/2026\/03\/fb_img_17736265391244080413359660176235-1024x682.jpg 1024w, https:\/\/contextoanalisisperiodistico.com\/wp-content\/uploads\/2026\/03\/fb_img_17736265391244080413359660176235-300x200.jpg 300w, https:\/\/contextoanalisisperiodistico.com\/wp-content\/uploads\/2026\/03\/fb_img_17736265391244080413359660176235-768x511.jpg 768w, https:\/\/contextoanalisisperiodistico.com\/wp-content\/uploads\/2026\/03\/fb_img_17736265391244080413359660176235-1536x1023.jpg 1536w, https:\/\/contextoanalisisperiodistico.com\/wp-content\/uploads\/2026\/03\/fb_img_17736265391244080413359660176235.jpg 2000w\" sizes=\"(max-width: 1024px) 100vw, 1024px\" \/><\/figure>\n\n\n\n<p>Abel Leyva Gandarillas<\/p>\n","protected":false},"excerpt":{"rendered":"<p>El Delegado de Valles Centrales de la instituci\u00f3n estatal educativa, Julio C\u00e9sar Alonso Ch\u00e1vez, destac\u00f3:&#8230;<\/p>\n","protected":false},"author":4,"featured_media":52089,"comment_status":"","ping_status":"open","sticky":false,"template":"","format":"standard","meta":{"footnotes":""},"categories":[91],"tags":[316,238,121,134,420,169,96,97],"jetpack_sharing_enabled":true,"featured_image_urls":{"full":["https:\/\/contextoanalisisperiodistico.com\/wp-content\/uploads\/2026\/03\/FB_IMG_1773626523267.jpg",2048,1366,false],"thumbnail":["https:\/\/contextoanalisisperiodistico.com\/wp-content\/uploads\/2026\/03\/FB_IMG_1773626523267-150x150.jpg",150,150,true],"medium":["https:\/\/contextoanalisisperiodistico.com\/wp-content\/uploads\/2026\/03\/FB_IMG_1773626523267-300x200.jpg",300,200,true],"medium_large":["https:\/\/contextoanalisisperiodistico.com\/wp-content\/uploads\/2026\/03\/FB_IMG_1773626523267-768x512.jpg",640,427,true],"large":["https:\/\/contextoanalisisperiodistico.com\/wp-content\/uploads\/2026\/03\/FB_IMG_1773626523267-1024x683.jpg",640,427,true],"1536x1536":["https:\/\/contextoanalisisperiodistico.com\/wp-content\/uploads\/2026\/03\/FB_IMG_1773626523267-1536x1025.jpg",1536,1025,true],"2048x2048":["https:\/\/contextoanalisisperiodistico.com\/wp-content\/uploads\/2026\/03\/FB_IMG_1773626523267.jpg",2048,1366,false],"covernews-slider-full":["https:\/\/contextoanalisisperiodistico.com\/wp-content\/uploads\/2026\/03\/FB_IMG_1773626523267-1115x715.jpg",1115,715,true],"covernews-slider-center":["https:\/\/contextoanalisisperiodistico.com\/wp-content\/uploads\/2026\/03\/FB_IMG_1773626523267-800x500.jpg",800,500,true],"covernews-featured":["https:\/\/contextoanalisisperiodistico.com\/wp-content\/uploads\/2026\/03\/FB_IMG_1773626523267-1024x683.jpg",1024,683,true],"covernews-medium":["https:\/\/contextoanalisisperiodistico.com\/wp-content\/uploads\/2026\/03\/FB_IMG_1773626523267-540x340.jpg",540,340,true],"covernews-medium-square":["https:\/\/contextoanalisisperiodistico.com\/wp-content\/uploads\/2026\/03\/FB_IMG_1773626523267-400x250.jpg",400,250,true]},"author_info":{"display_name":"Mario Gir\u00f3n","author_link":"https:\/\/contextoanalisisperiodistico.com\/index.php\/author\/director\/"},"category_info":"<a href=\"https:\/\/contextoanalisisperiodistico.com\/index.php\/category\/educacion\/\" rel=\"category tag\">Educaci\u00f3n<\/a>","tag_info":"Educaci\u00f3n","comment_count":"0","jetpack_featured_media_url":"https:\/\/contextoanalisisperiodistico.com\/wp-content\/uploads\/2026\/03\/FB_IMG_1773626523267.jpg","_links":{"self":[{"href":"https:\/\/contextoanalisisperiodistico.com\/index.php\/wp-json\/wp\/v2\/posts\/52093"}],"collection":[{"href":"https:\/\/contextoanalisisperiodistico.com\/index.php\/wp-json\/wp\/v2\/posts"}],"about":[{"href":"https:\/\/contextoanalisisperiodistico.com\/index.php\/wp-json\/wp\/v2\/types\/post"}],"author":[{"embeddable":true,"href":"https:\/\/contextoanalisisperiodistico.com\/index.php\/wp-json\/wp\/v2\/users\/4"}],"replies":[{"embeddable":true,"href":"https:\/\/contextoanalisisperiodistico.com\/index.php\/wp-json\/wp\/v2\/comments?post=52093"}],"version-history":[{"count":0,"href":"https:\/\/contextoanalisisperiodistico.com\/index.php\/wp-json\/wp\/v2\/posts\/52093\/revisions"}],"wp:featuredmedia":[{"embeddable":true,"href":"https:\/\/contextoanalisisperiodistico.com\/index.php\/wp-json\/wp\/v2\/media\/52089"}],"wp:attachment":[{"href":"https:\/\/contextoanalisisperiodistico.com\/index.php\/wp-json\/wp\/v2\/media?parent=52093"}],"wp:term":[{"taxonomy":"category","embeddable":true,"href":"https:\/\/contextoanalisisperiodistico.com\/index.php\/wp-json\/wp\/v2\/categories?post=52093"},{"taxonomy":"post_tag","embeddable":true,"href":"https:\/\/contextoanalisisperiodistico.com\/index.php\/wp-json\/wp\/v2\/tags?post=52093"}],"curies":[{"name":"wp","href":"https:\/\/api.w.org\/{rel}","templated":true}]}}