{"id":52088,"date":"2026-03-15T14:29:52","date_gmt":"2026-03-15T20:29:52","guid":{"rendered":"https:\/\/contextoanalisisperiodistico.com\/index.php\/2026\/03\/15\/policia-municipal-evita-cristalazo-detiene-a-ladron-reincidente\/"},"modified":"2026-03-15T14:29:52","modified_gmt":"2026-03-15T20:29:52","slug":"policia-municipal-evita-cristalazo-detiene-a-ladron-reincidente","status":"publish","type":"post","link":"https:\/\/contextoanalisisperiodistico.com\/index.php\/2026\/03\/15\/policia-municipal-evita-cristalazo-detiene-a-ladron-reincidente\/","title":{"rendered":"Polic\u00eda Municipal evita cristalazo; detiene a ladr\u00f3n reincidente"},"content":{"rendered":"<div id=\"fb-root\"><\/div>\n\n<p>Oaxaca de Ju\u00e1rez, Oax., 15 de marzo de 2026.- Polic\u00edas de Oaxaca de Ju\u00e1rez adscritos a la Unidad Motorizada de Acci\u00f3n R\u00e1pida (UMAR) realizaron la detenci\u00f3n de una persona al intentar cristalear un veh\u00edculo en el centro de la ciudad.<\/p>\n\n\n\n<figure class=\"wp-block-image size-large\"><img fetchpriority=\"high\" decoding=\"async\" width=\"493\" height=\"563\" src=\"https:\/\/contextoanalisisperiodistico.com\/wp-content\/uploads\/2026\/03\/img-20260315-wa00444367386720493474783.jpg\" alt=\"\" class=\"wp-image-52087\" srcset=\"https:\/\/contextoanalisisperiodistico.com\/wp-content\/uploads\/2026\/03\/img-20260315-wa00444367386720493474783.jpg 493w, https:\/\/contextoanalisisperiodistico.com\/wp-content\/uploads\/2026\/03\/img-20260315-wa00444367386720493474783-263x300.jpg 263w\" sizes=\"(max-width: 493px) 100vw, 493px\" \/><\/figure>\n\n\n\n<p>La Secretar\u00eda de Seguridad Vecinal dio a conocer que la intervenci\u00f3n ocurri\u00f3 el s\u00e1bado a las 23:15 horas cuando los elementos realizaban labores de prevenci\u00f3n del delito en el centro de la ciudad.<\/p>\n\n\n\n<p>Al circular en las calles de Morelos y Pino Su\u00e1rez, observaron a un sujeto recargado sobre la puertezuela del lado del conductor, pero al notar su presencia, corri\u00f3 unos metros hacia la calle Morelos, donde intent\u00f3 abordar una motocicleta color blanco.<\/p>\n\n\n\n<p>Ante ello, fue detenido y dijo llamarse A. J. L. C. Al inspeccionar la camioneta marca Renault tipo Kwid, color blanco, con placas de Oaxaca, observaron que ten\u00eda da\u00f1ada la chapa del lado del conductor, as\u00ed como la de la cajuela; estaba desprendida totalmente.<\/p>\n\n\n\n<p>Por esa raz\u00f3n, el detenido qued\u00f3 a disposici\u00f3n de la Fiscal\u00eda estatal como presunto responsable del delito de da\u00f1os, donde se encargar\u00e1n de resolver su situaci\u00f3n jur\u00eddica.<\/p>\n\n\n\n<p>Cabe se\u00f1alar que al revisar los archivos de la Unidad de An\u00e1lisis, se confirm\u00f3 que el detenido cuenta con varios ingresos por robo y delitos contra la salud, as\u00ed como por cometer diversas faltas c\u00edvicas.<\/p>\n","protected":false},"excerpt":{"rendered":"<p>Oaxaca de Ju\u00e1rez, Oax., 15 de marzo de 2026.- Polic\u00edas de Oaxaca de Ju\u00e1rez adscritos&#8230;<\/p>\n","protected":false},"author":4,"featured_media":52086,"comment_status":"","ping_status":"open","sticky":false,"template":"","format":"standard","meta":{"footnotes":""},"categories":[10],"tags":[353,371,359,380],"jetpack_sharing_enabled":true,"featured_image_urls":{"full":["https:\/\/contextoanalisisperiodistico.com\/wp-content\/uploads\/2026\/03\/IMG-20260315-WA0045.jpg",1600,1200,false],"thumbnail":["https:\/\/contextoanalisisperiodistico.com\/wp-content\/uploads\/2026\/03\/IMG-20260315-WA0045-150x150.jpg",150,150,true],"medium":["https:\/\/contextoanalisisperiodistico.com\/wp-content\/uploads\/2026\/03\/IMG-20260315-WA0045-300x225.jpg",300,225,true],"medium_large":["https:\/\/contextoanalisisperiodistico.com\/wp-content\/uploads\/2026\/03\/IMG-20260315-WA0045-768x576.jpg",640,480,true],"large":["https:\/\/contextoanalisisperiodistico.com\/wp-content\/uploads\/2026\/03\/IMG-20260315-WA0045-1024x768.jpg",640,480,true],"1536x1536":["https:\/\/contextoanalisisperiodistico.com\/wp-content\/uploads\/2026\/03\/IMG-20260315-WA0045-1536x1152.jpg",1536,1152,true],"2048x2048":["https:\/\/contextoanalisisperiodistico.com\/wp-content\/uploads\/2026\/03\/IMG-20260315-WA0045.jpg",1600,1200,false],"covernews-slider-full":["https:\/\/contextoanalisisperiodistico.com\/wp-content\/uploads\/2026\/03\/IMG-20260315-WA0045-1115x715.jpg",1115,715,true],"covernews-slider-center":["https:\/\/contextoanalisisperiodistico.com\/wp-content\/uploads\/2026\/03\/IMG-20260315-WA0045-800x500.jpg",800,500,true],"covernews-featured":["https:\/\/contextoanalisisperiodistico.com\/wp-content\/uploads\/2026\/03\/IMG-20260315-WA0045-1024x768.jpg",1024,768,true],"covernews-medium":["https:\/\/contextoanalisisperiodistico.com\/wp-content\/uploads\/2026\/03\/IMG-20260315-WA0045-540x340.jpg",540,340,true],"covernews-medium-square":["https:\/\/contextoanalisisperiodistico.com\/wp-content\/uploads\/2026\/03\/IMG-20260315-WA0045-400x250.jpg",400,250,true]},"author_info":{"display_name":"Mario Gir\u00f3n","author_link":"https:\/\/contextoanalisisperiodistico.com\/index.php\/author\/director\/"},"category_info":"<a href=\"https:\/\/contextoanalisisperiodistico.com\/index.php\/category\/seguridad\/\" rel=\"category tag\">Seguridad<\/a>","tag_info":"Seguridad","comment_count":"0","jetpack_featured_media_url":"https:\/\/contextoanalisisperiodistico.com\/wp-content\/uploads\/2026\/03\/IMG-20260315-WA0045.jpg","_links":{"self":[{"href":"https:\/\/contextoanalisisperiodistico.com\/index.php\/wp-json\/wp\/v2\/posts\/52088"}],"collection":[{"href":"https:\/\/contextoanalisisperiodistico.com\/index.php\/wp-json\/wp\/v2\/posts"}],"about":[{"href":"https:\/\/contextoanalisisperiodistico.com\/index.php\/wp-json\/wp\/v2\/types\/post"}],"author":[{"embeddable":true,"href":"https:\/\/contextoanalisisperiodistico.com\/index.php\/wp-json\/wp\/v2\/users\/4"}],"replies":[{"embeddable":true,"href":"https:\/\/contextoanalisisperiodistico.com\/index.php\/wp-json\/wp\/v2\/comments?post=52088"}],"version-history":[{"count":0,"href":"https:\/\/contextoanalisisperiodistico.com\/index.php\/wp-json\/wp\/v2\/posts\/52088\/revisions"}],"wp:featuredmedia":[{"embeddable":true,"href":"https:\/\/contextoanalisisperiodistico.com\/index.php\/wp-json\/wp\/v2\/media\/52086"}],"wp:attachment":[{"href":"https:\/\/contextoanalisisperiodistico.com\/index.php\/wp-json\/wp\/v2\/media?parent=52088"}],"wp:term":[{"taxonomy":"category","embeddable":true,"href":"https:\/\/contextoanalisisperiodistico.com\/index.php\/wp-json\/wp\/v2\/categories?post=52088"},{"taxonomy":"post_tag","embeddable":true,"href":"https:\/\/contextoanalisisperiodistico.com\/index.php\/wp-json\/wp\/v2\/tags?post=52088"}],"curies":[{"name":"wp","href":"https:\/\/api.w.org\/{rel}","templated":true}]}}