{"id":52085,"date":"2026-03-15T13:27:38","date_gmt":"2026-03-15T19:27:38","guid":{"rendered":"https:\/\/contextoanalisisperiodistico.com\/index.php\/2026\/03\/15\/propone-diputada-melina-hernandez-revision-de-cajones-exclusivos-y-senalizacion-en-oaxaca-de-juarez\/"},"modified":"2026-03-15T13:27:38","modified_gmt":"2026-03-15T19:27:38","slug":"propone-diputada-melina-hernandez-revision-de-cajones-exclusivos-y-senalizacion-en-oaxaca-de-juarez","status":"publish","type":"post","link":"https:\/\/contextoanalisisperiodistico.com\/index.php\/2026\/03\/15\/propone-diputada-melina-hernandez-revision-de-cajones-exclusivos-y-senalizacion-en-oaxaca-de-juarez\/","title":{"rendered":"Propone diputada Melina Hern\u00e1ndez revisi\u00f3n de cajones exclusivos y se\u00f1alizaci\u00f3n en Oaxaca de Ju\u00e1rez"},"content":{"rendered":"<div id=\"fb-root\"><\/div>\n\n<p>Ante el aumento de se\u00f1alamientos que carecen de autorizaci\u00f3n o cuya existencia administrativa resulta incierta, la diputada Melina Hern\u00e1ndez Sosa, presento un Punto de Acuerdo, para exhortar al Municipio de Oaxaca de Ju\u00e1rez, a que realice una revisi\u00f3n de vigencias de las autorizaciones para utilizar de manera exclusiva cajones para ascenso y descenso de pasajes; delimitaci\u00f3n de cocheras; y carga y descarga en la v\u00eda p\u00fablica, dentro de su demarcaci\u00f3n territorial.<\/p>\n\n\n\n<p>Asimismo, para que, en su caso, proceda a retirar aquellos se\u00f1alamientos o restricciones que no cuenten con autorizaci\u00f3n vigente, con el fin de garantizar el uso ordenado, equitativo y accesible del espacio p\u00fablico.<\/p>\n\n\n\n<p>Conoce m\u00e1s en: https:\/\/goo.su\/MpcJq<\/p>\n\n\n\n<h1 class=\"wp-block-heading\"><\/h1>\n","protected":false},"excerpt":{"rendered":"<p>Ante el aumento de se\u00f1alamientos que carecen de autorizaci\u00f3n o cuya existencia administrativa resulta incierta,&#8230;<\/p>\n","protected":false},"author":4,"featured_media":52084,"comment_status":"","ping_status":"open","sticky":false,"template":"","format":"standard","meta":{"footnotes":""},"categories":[6],"tags":[377],"jetpack_sharing_enabled":true,"featured_image_urls":{"full":["https:\/\/contextoanalisisperiodistico.com\/wp-content\/uploads\/2026\/03\/FB_IMG_1773602581447.jpg",1638,2048,false],"thumbnail":["https:\/\/contextoanalisisperiodistico.com\/wp-content\/uploads\/2026\/03\/FB_IMG_1773602581447-150x150.jpg",150,150,true],"medium":["https:\/\/contextoanalisisperiodistico.com\/wp-content\/uploads\/2026\/03\/FB_IMG_1773602581447-240x300.jpg",240,300,true],"medium_large":["https:\/\/contextoanalisisperiodistico.com\/wp-content\/uploads\/2026\/03\/FB_IMG_1773602581447-768x960.jpg",640,800,true],"large":["https:\/\/contextoanalisisperiodistico.com\/wp-content\/uploads\/2026\/03\/FB_IMG_1773602581447-819x1024.jpg",640,800,true],"1536x1536":["https:\/\/contextoanalisisperiodistico.com\/wp-content\/uploads\/2026\/03\/FB_IMG_1773602581447-1229x1536.jpg",1229,1536,true],"2048x2048":["https:\/\/contextoanalisisperiodistico.com\/wp-content\/uploads\/2026\/03\/FB_IMG_1773602581447.jpg",1638,2048,false],"covernews-slider-full":["https:\/\/contextoanalisisperiodistico.com\/wp-content\/uploads\/2026\/03\/FB_IMG_1773602581447-1115x715.jpg",1115,715,true],"covernews-slider-center":["https:\/\/contextoanalisisperiodistico.com\/wp-content\/uploads\/2026\/03\/FB_IMG_1773602581447-800x500.jpg",800,500,true],"covernews-featured":["https:\/\/contextoanalisisperiodistico.com\/wp-content\/uploads\/2026\/03\/FB_IMG_1773602581447-1024x1280.jpg",1024,1280,true],"covernews-medium":["https:\/\/contextoanalisisperiodistico.com\/wp-content\/uploads\/2026\/03\/FB_IMG_1773602581447-540x340.jpg",540,340,true],"covernews-medium-square":["https:\/\/contextoanalisisperiodistico.com\/wp-content\/uploads\/2026\/03\/FB_IMG_1773602581447-400x250.jpg",400,250,true]},"author_info":{"display_name":"Mario Gir\u00f3n","author_link":"https:\/\/contextoanalisisperiodistico.com\/index.php\/author\/director\/"},"category_info":"<a href=\"https:\/\/contextoanalisisperiodistico.com\/index.php\/category\/legislatura\/\" rel=\"category tag\">Legislatura<\/a>","tag_info":"Legislatura","comment_count":"0","jetpack_featured_media_url":"https:\/\/contextoanalisisperiodistico.com\/wp-content\/uploads\/2026\/03\/FB_IMG_1773602581447.jpg","_links":{"self":[{"href":"https:\/\/contextoanalisisperiodistico.com\/index.php\/wp-json\/wp\/v2\/posts\/52085"}],"collection":[{"href":"https:\/\/contextoanalisisperiodistico.com\/index.php\/wp-json\/wp\/v2\/posts"}],"about":[{"href":"https:\/\/contextoanalisisperiodistico.com\/index.php\/wp-json\/wp\/v2\/types\/post"}],"author":[{"embeddable":true,"href":"https:\/\/contextoanalisisperiodistico.com\/index.php\/wp-json\/wp\/v2\/users\/4"}],"replies":[{"embeddable":true,"href":"https:\/\/contextoanalisisperiodistico.com\/index.php\/wp-json\/wp\/v2\/comments?post=52085"}],"version-history":[{"count":0,"href":"https:\/\/contextoanalisisperiodistico.com\/index.php\/wp-json\/wp\/v2\/posts\/52085\/revisions"}],"wp:featuredmedia":[{"embeddable":true,"href":"https:\/\/contextoanalisisperiodistico.com\/index.php\/wp-json\/wp\/v2\/media\/52084"}],"wp:attachment":[{"href":"https:\/\/contextoanalisisperiodistico.com\/index.php\/wp-json\/wp\/v2\/media?parent=52085"}],"wp:term":[{"taxonomy":"category","embeddable":true,"href":"https:\/\/contextoanalisisperiodistico.com\/index.php\/wp-json\/wp\/v2\/categories?post=52085"},{"taxonomy":"post_tag","embeddable":true,"href":"https:\/\/contextoanalisisperiodistico.com\/index.php\/wp-json\/wp\/v2\/tags?post=52085"}],"curies":[{"name":"wp","href":"https:\/\/api.w.org\/{rel}","templated":true}]}}