{"id":52083,"date":"2026-03-15T13:12:30","date_gmt":"2026-03-15T19:12:30","guid":{"rendered":"https:\/\/contextoanalisisperiodistico.com\/index.php\/2026\/03\/15\/trabajo-que-se-ve-vecinas-y-vecinos-realizan-tequio-vecinal-en-avenida-universidad\/"},"modified":"2026-03-15T13:12:30","modified_gmt":"2026-03-15T19:12:30","slug":"trabajo-que-se-ve-vecinas-y-vecinos-realizan-tequio-vecinal-en-avenida-universidad","status":"publish","type":"post","link":"https:\/\/contextoanalisisperiodistico.com\/index.php\/2026\/03\/15\/trabajo-que-se-ve-vecinas-y-vecinos-realizan-tequio-vecinal-en-avenida-universidad\/","title":{"rendered":"Trabajo que se ve: vecinas y vecinos realizan Tequio Vecinal en Avenida Universidad"},"content":{"rendered":"<div id=\"fb-root\"><\/div>\n\n<ul class=\"wp-block-list\">\n<li>Junto con personal del Ayuntamiento, realizaron labores de limpieza, poda y pintura en uno de los corredores m\u00e1s transitados de la ciudad<\/li>\n<\/ul>\n\n\n\n<figure class=\"wp-block-image size-large\"><img fetchpriority=\"high\" decoding=\"async\" width=\"819\" height=\"1024\" src=\"https:\/\/contextoanalisisperiodistico.com\/wp-content\/uploads\/2026\/03\/img-20260315-wa00307405171033436378837-819x1024.jpg\" alt=\"\" class=\"wp-image-52082\" srcset=\"https:\/\/contextoanalisisperiodistico.com\/wp-content\/uploads\/2026\/03\/img-20260315-wa00307405171033436378837-819x1024.jpg 819w, https:\/\/contextoanalisisperiodistico.com\/wp-content\/uploads\/2026\/03\/img-20260315-wa00307405171033436378837-240x300.jpg 240w, https:\/\/contextoanalisisperiodistico.com\/wp-content\/uploads\/2026\/03\/img-20260315-wa00307405171033436378837-768x960.jpg 768w, https:\/\/contextoanalisisperiodistico.com\/wp-content\/uploads\/2026\/03\/img-20260315-wa00307405171033436378837-1024x1280.jpg 1024w, https:\/\/contextoanalisisperiodistico.com\/wp-content\/uploads\/2026\/03\/img-20260315-wa00307405171033436378837.jpg 1080w\" sizes=\"(max-width: 819px) 100vw, 819px\" \/><\/figure>\n\n\n\n<figure class=\"wp-block-image\"><img decoding=\"async\" width=\"819\" height=\"1024\" src=\"https:\/\/contextoanalisisperiodistico.com\/wp-content\/uploads\/2026\/03\/img-20260315-wa002987786155074500515-819x1024.jpg\" alt=\"\" class=\"wp-image-52081\" srcset=\"https:\/\/contextoanalisisperiodistico.com\/wp-content\/uploads\/2026\/03\/img-20260315-wa002987786155074500515-819x1024.jpg 819w, https:\/\/contextoanalisisperiodistico.com\/wp-content\/uploads\/2026\/03\/img-20260315-wa002987786155074500515-240x300.jpg 240w, https:\/\/contextoanalisisperiodistico.com\/wp-content\/uploads\/2026\/03\/img-20260315-wa002987786155074500515-768x960.jpg 768w, https:\/\/contextoanalisisperiodistico.com\/wp-content\/uploads\/2026\/03\/img-20260315-wa002987786155074500515-1024x1280.jpg 1024w, https:\/\/contextoanalisisperiodistico.com\/wp-content\/uploads\/2026\/03\/img-20260315-wa002987786155074500515.jpg 1080w\" sizes=\"(max-width: 819px) 100vw, 819px\" \/><\/figure>\n\n\n\n<p>Oaxaca de Ju\u00e1rez, Oax., 15 de marzo de 2026.\u2013 Como parte de las acciones para recuperar y mejorar los espacios p\u00fablicos de la capital, el Gobierno Municipal de Oaxaca de Ju\u00e1rez que preside Ray Chagoya llev\u00f3 a cabo un Tequio Vecinal en Avenida Universidad, en la agencia de Candiani, donde se realizaron diversas labores de limpieza y mantenimiento urbano.<\/p>\n\n\n\n<p>Desde temprana hora, personal de distintas \u00e1reas del Ayuntamiento, junto con vecinas y vecinos, participaron en trabajos de barrido y limpieza general, recolecci\u00f3n y clasificaci\u00f3n de residuos s\u00f3lidos, poda menor, deshierbe, remoci\u00f3n de tierra y pintura de guarniciones, en el tramo que va hasta el Instituto Carlos Gracida.<\/p>\n\n\n\n<p>Durante la jornada se intervino tanto el camell\u00f3n central como las laterales de la avenida, uno de los corredores con mayor circulaci\u00f3n vehicular y peatonal de la ciudad, con el objetivo de mejorar la imagen urbana y fortalecer la cultura del cuidado de los espacios p\u00fablicos.<\/p>\n\n\n\n<p>Las labores se organizaron por tramos y contaron con la participaci\u00f3n de diversas dependencias municipales, quienes coordinaron acciones de limpieza, mantenimiento y se\u00f1alizaci\u00f3n vial en distintos puntos de la vialidad.<\/p>\n\n\n\n<p>Estas acciones forman parte de la estrategia municipal para construir una ciudad m\u00e1s limpia, ordenada y segura, promoviendo la participaci\u00f3n ciudadana y el trabajo comunitario para mejorar el entorno de las colonias y agencias.<\/p>\n\n\n\n<p>Con estas jornadas de tequio, el Gobierno Municipal refrenda su compromiso de seguir recorriendo el territorio y atendiendo de manera directa los espacios p\u00fablicos de la capital oaxaque\u00f1a.<\/p>\n","protected":false},"excerpt":{"rendered":"<p>Oaxaca de Ju\u00e1rez, Oax., 15 de marzo de 2026.\u2013 Como parte de las acciones para&#8230;<\/p>\n","protected":false},"author":4,"featured_media":52080,"comment_status":"","ping_status":"open","sticky":false,"template":"","format":"standard","meta":{"footnotes":""},"categories":[9],"tags":[353,371,334],"jetpack_sharing_enabled":true,"featured_image_urls":{"full":["https:\/\/contextoanalisisperiodistico.com\/wp-content\/uploads\/2026\/03\/IMG-20260315-WA0031.jpg",1080,1350,false],"thumbnail":["https:\/\/contextoanalisisperiodistico.com\/wp-content\/uploads\/2026\/03\/IMG-20260315-WA0031-150x150.jpg",150,150,true],"medium":["https:\/\/contextoanalisisperiodistico.com\/wp-content\/uploads\/2026\/03\/IMG-20260315-WA0031-240x300.jpg",240,300,true],"medium_large":["https:\/\/contextoanalisisperiodistico.com\/wp-content\/uploads\/2026\/03\/IMG-20260315-WA0031-768x960.jpg",640,800,true],"large":["https:\/\/contextoanalisisperiodistico.com\/wp-content\/uploads\/2026\/03\/IMG-20260315-WA0031-819x1024.jpg",640,800,true],"1536x1536":["https:\/\/contextoanalisisperiodistico.com\/wp-content\/uploads\/2026\/03\/IMG-20260315-WA0031.jpg",1080,1350,false],"2048x2048":["https:\/\/contextoanalisisperiodistico.com\/wp-content\/uploads\/2026\/03\/IMG-20260315-WA0031.jpg",1080,1350,false],"covernews-slider-full":["https:\/\/contextoanalisisperiodistico.com\/wp-content\/uploads\/2026\/03\/IMG-20260315-WA0031-1080x715.jpg",1080,715,true],"covernews-slider-center":["https:\/\/contextoanalisisperiodistico.com\/wp-content\/uploads\/2026\/03\/IMG-20260315-WA0031-800x500.jpg",800,500,true],"covernews-featured":["https:\/\/contextoanalisisperiodistico.com\/wp-content\/uploads\/2026\/03\/IMG-20260315-WA0031-1024x1280.jpg",1024,1280,true],"covernews-medium":["https:\/\/contextoanalisisperiodistico.com\/wp-content\/uploads\/2026\/03\/IMG-20260315-WA0031-540x340.jpg",540,340,true],"covernews-medium-square":["https:\/\/contextoanalisisperiodistico.com\/wp-content\/uploads\/2026\/03\/IMG-20260315-WA0031-400x250.jpg",400,250,true]},"author_info":{"display_name":"Mario Gir\u00f3n","author_link":"https:\/\/contextoanalisisperiodistico.com\/index.php\/author\/director\/"},"category_info":"<a href=\"https:\/\/contextoanalisisperiodistico.com\/index.php\/category\/politica\/\" rel=\"category tag\">Pol\u00edtica<\/a>","tag_info":"Pol\u00edtica","comment_count":"0","jetpack_featured_media_url":"https:\/\/contextoanalisisperiodistico.com\/wp-content\/uploads\/2026\/03\/IMG-20260315-WA0031.jpg","_links":{"self":[{"href":"https:\/\/contextoanalisisperiodistico.com\/index.php\/wp-json\/wp\/v2\/posts\/52083"}],"collection":[{"href":"https:\/\/contextoanalisisperiodistico.com\/index.php\/wp-json\/wp\/v2\/posts"}],"about":[{"href":"https:\/\/contextoanalisisperiodistico.com\/index.php\/wp-json\/wp\/v2\/types\/post"}],"author":[{"embeddable":true,"href":"https:\/\/contextoanalisisperiodistico.com\/index.php\/wp-json\/wp\/v2\/users\/4"}],"replies":[{"embeddable":true,"href":"https:\/\/contextoanalisisperiodistico.com\/index.php\/wp-json\/wp\/v2\/comments?post=52083"}],"version-history":[{"count":0,"href":"https:\/\/contextoanalisisperiodistico.com\/index.php\/wp-json\/wp\/v2\/posts\/52083\/revisions"}],"wp:featuredmedia":[{"embeddable":true,"href":"https:\/\/contextoanalisisperiodistico.com\/index.php\/wp-json\/wp\/v2\/media\/52080"}],"wp:attachment":[{"href":"https:\/\/contextoanalisisperiodistico.com\/index.php\/wp-json\/wp\/v2\/media?parent=52083"}],"wp:term":[{"taxonomy":"category","embeddable":true,"href":"https:\/\/contextoanalisisperiodistico.com\/index.php\/wp-json\/wp\/v2\/categories?post=52083"},{"taxonomy":"post_tag","embeddable":true,"href":"https:\/\/contextoanalisisperiodistico.com\/index.php\/wp-json\/wp\/v2\/tags?post=52083"}],"curies":[{"name":"wp","href":"https:\/\/api.w.org\/{rel}","templated":true}]}}