{"id":52072,"date":"2026-03-14T17:52:27","date_gmt":"2026-03-14T23:52:27","guid":{"rendered":"https:\/\/contextoanalisisperiodistico.com\/index.php\/2026\/03\/14\/refuerza-gobierno-de-oaxaca-abasto-de-agua-con-entrega-de-tinacos-en-zona-metropolitana\/"},"modified":"2026-03-14T17:52:27","modified_gmt":"2026-03-14T23:52:27","slug":"refuerza-gobierno-de-oaxaca-abasto-de-agua-con-entrega-de-tinacos-en-zona-metropolitana","status":"publish","type":"post","link":"https:\/\/contextoanalisisperiodistico.com\/index.php\/2026\/03\/14\/refuerza-gobierno-de-oaxaca-abasto-de-agua-con-entrega-de-tinacos-en-zona-metropolitana\/","title":{"rendered":"Refuerza Gobierno de Oaxaca abasto de agua con entrega de tinacos en Zona Metropolitana"},"content":{"rendered":"<div id=\"fb-root\"><\/div>\n\n<p>\u2022 La estrategia h\u00eddrica busca garantizar el acceso al agua durante la temporada de estiaje y fortalecer el suministro en municipios conurbados<\/p>\n\n\n\n<figure class=\"wp-block-image size-large\"><img fetchpriority=\"high\" decoding=\"async\" width=\"1024\" height=\"683\" src=\"https:\/\/contextoanalisisperiodistico.com\/wp-content\/uploads\/2026\/03\/img-20260314-wa0048318755013220524384-1024x683.jpg\" alt=\"\" class=\"wp-image-52068\" srcset=\"https:\/\/contextoanalisisperiodistico.com\/wp-content\/uploads\/2026\/03\/img-20260314-wa0048318755013220524384-1024x683.jpg 1024w, https:\/\/contextoanalisisperiodistico.com\/wp-content\/uploads\/2026\/03\/img-20260314-wa0048318755013220524384-300x200.jpg 300w, https:\/\/contextoanalisisperiodistico.com\/wp-content\/uploads\/2026\/03\/img-20260314-wa0048318755013220524384-768x512.jpg 768w, https:\/\/contextoanalisisperiodistico.com\/wp-content\/uploads\/2026\/03\/img-20260314-wa0048318755013220524384.jpg 1280w\" sizes=\"(max-width: 1024px) 100vw, 1024px\" \/><\/figure>\n\n\n\n<figure class=\"wp-block-image\"><img decoding=\"async\" width=\"1024\" height=\"682\" src=\"https:\/\/contextoanalisisperiodistico.com\/wp-content\/uploads\/2026\/03\/img-20260314-wa00468761678619925737687-1024x682.jpg\" alt=\"\" class=\"wp-image-52069\" srcset=\"https:\/\/contextoanalisisperiodistico.com\/wp-content\/uploads\/2026\/03\/img-20260314-wa00468761678619925737687-1024x682.jpg 1024w, https:\/\/contextoanalisisperiodistico.com\/wp-content\/uploads\/2026\/03\/img-20260314-wa00468761678619925737687-300x200.jpg 300w, https:\/\/contextoanalisisperiodistico.com\/wp-content\/uploads\/2026\/03\/img-20260314-wa00468761678619925737687-768x512.jpg 768w, https:\/\/contextoanalisisperiodistico.com\/wp-content\/uploads\/2026\/03\/img-20260314-wa00468761678619925737687-1536x1023.jpg 1536w, https:\/\/contextoanalisisperiodistico.com\/wp-content\/uploads\/2026\/03\/img-20260314-wa00468761678619925737687.jpg 1600w\" sizes=\"(max-width: 1024px) 100vw, 1024px\" \/><\/figure>\n\n\n\n<figure class=\"wp-block-image\"><img decoding=\"async\" width=\"1024\" height=\"683\" src=\"https:\/\/contextoanalisisperiodistico.com\/wp-content\/uploads\/2026\/03\/img-20260314-wa00474367200435741070212-1024x683.jpg\" alt=\"\" class=\"wp-image-52071\" srcset=\"https:\/\/contextoanalisisperiodistico.com\/wp-content\/uploads\/2026\/03\/img-20260314-wa00474367200435741070212-1024x683.jpg 1024w, https:\/\/contextoanalisisperiodistico.com\/wp-content\/uploads\/2026\/03\/img-20260314-wa00474367200435741070212-300x200.jpg 300w, https:\/\/contextoanalisisperiodistico.com\/wp-content\/uploads\/2026\/03\/img-20260314-wa00474367200435741070212-768x512.jpg 768w, https:\/\/contextoanalisisperiodistico.com\/wp-content\/uploads\/2026\/03\/img-20260314-wa00474367200435741070212.jpg 1280w\" sizes=\"(max-width: 1024px) 100vw, 1024px\" \/><\/figure>\n\n\n\n<figure class=\"wp-block-image\"><img loading=\"lazy\" decoding=\"async\" width=\"1024\" height=\"682\" src=\"https:\/\/contextoanalisisperiodistico.com\/wp-content\/uploads\/2026\/03\/img-20260314-wa00456952241383835017297-1024x682.jpg\" alt=\"\" class=\"wp-image-52070\" srcset=\"https:\/\/contextoanalisisperiodistico.com\/wp-content\/uploads\/2026\/03\/img-20260314-wa00456952241383835017297-1024x682.jpg 1024w, https:\/\/contextoanalisisperiodistico.com\/wp-content\/uploads\/2026\/03\/img-20260314-wa00456952241383835017297-300x200.jpg 300w, https:\/\/contextoanalisisperiodistico.com\/wp-content\/uploads\/2026\/03\/img-20260314-wa00456952241383835017297-768x512.jpg 768w, https:\/\/contextoanalisisperiodistico.com\/wp-content\/uploads\/2026\/03\/img-20260314-wa00456952241383835017297-1536x1023.jpg 1536w, https:\/\/contextoanalisisperiodistico.com\/wp-content\/uploads\/2026\/03\/img-20260314-wa00456952241383835017297.jpg 1600w\" sizes=\"(max-width: 1024px) 100vw, 1024px\" \/><\/figure>\n\n\n\n<p>Santa Luc\u00eda del Camino, Oax. 14 de marzo de 2026.- El Gobernador Salom\u00f3n Jara Cruz encabez\u00f3 la entrega de mil tinacos del programa \u201cAgua para Todas y Todos\u201d en la Zona Metropolitana de Oaxaca (ZMO), con el objetivo de que m\u00e1s familias cuenten con almacenamiento del vital liquido durante la temporada de estiaje.<\/p>\n\n\n\n<p>\u201cEl derecho al agua es un derecho que tienen todas y todos\u201d, expres\u00f3 Jara Cruz, al anunciar que a principios de mayo iniciar\u00e1 la construcci\u00f3n de la presa Mujer Solteca en Villa Sola de Vega, que permitir\u00e1 abastecer con mil litros por segundo a municipios como Oaxaca de Ju\u00e1rez, Santa Luc\u00eda del Camino, San Sebasti\u00e1n Tutla, Santa Cruz Xoxocotl\u00e1n, entre otros.<\/p>\n\n\n\n<p>Asimismo, indic\u00f3 que se realizan trabajos de rehabilitaci\u00f3n de tuber\u00edas y v\u00e1lvulas en cinco sectoriales de la red de distribuci\u00f3n, adem\u00e1s de la apertura de nuevos pozos, con el objetivo de fortalecer el suministro en la capital y municipios conurbados.<\/p>\n\n\n\n<p>El Mandatario estatal tambi\u00e9n inform\u00f3 que se cuenta con 30 pipas para abastecer de agua de manera gratuita a colonias que lo requieran.<\/p>\n\n\n\n<p>Por su parte, la titular de la Secretar\u00eda de Bienestar, Tequio e Inclusi\u00f3n (Sebienti), Vilma Mart\u00ednez Cort\u00e9s explic\u00f3 que esta entrega beneficiar\u00e1 a mil familias de San Sebasti\u00e1n Tutla y Santa Luc\u00eda del Camino, y llam\u00f3 a la poblaci\u00f3n a hacer un uso responsable del agua.<\/p>\n\n\n\n<p>En tanto, el director de la Comisi\u00f3n Estatal del Agua para el Bienestar (Ceabien), Neftal\u00ed Amigdael L\u00f3pez Hern\u00e1ndez, se\u00f1al\u00f3 que este programa se realiza de forma directa y transparente, adem\u00e1s de contemplar proyectos para mitigar la escasez del vital l\u00edquido en la zona.<\/p>\n\n\n\n<p>Esta entrega forma parte de una estrategia anticipada y planificada para atender a las familias que hist\u00f3ricamente han enfrentado mayores dificultades para acceder al agua, garantizando as\u00ed mejores condiciones de bienestar para la poblaci\u00f3n.<\/p>\n\n\n\n<p><em>-0-<\/em><\/p>\n","protected":false},"excerpt":{"rendered":"<p>\u2022 La estrategia h\u00eddrica busca garantizar el acceso al agua durante la temporada de estiaje&#8230;<\/p>\n","protected":false},"author":4,"featured_media":52067,"comment_status":"","ping_status":"open","sticky":false,"template":"","format":"standard","meta":{"footnotes":""},"categories":[9],"tags":[316,238],"jetpack_sharing_enabled":true,"featured_image_urls":{"full":["https:\/\/contextoanalisisperiodistico.com\/wp-content\/uploads\/2026\/03\/IMG-20260314-WA0044.jpg",1280,854,false],"thumbnail":["https:\/\/contextoanalisisperiodistico.com\/wp-content\/uploads\/2026\/03\/IMG-20260314-WA0044-150x150.jpg",150,150,true],"medium":["https:\/\/contextoanalisisperiodistico.com\/wp-content\/uploads\/2026\/03\/IMG-20260314-WA0044-300x200.jpg",300,200,true],"medium_large":["https:\/\/contextoanalisisperiodistico.com\/wp-content\/uploads\/2026\/03\/IMG-20260314-WA0044-768x512.jpg",640,427,true],"large":["https:\/\/contextoanalisisperiodistico.com\/wp-content\/uploads\/2026\/03\/IMG-20260314-WA0044-1024x683.jpg",640,427,true],"1536x1536":["https:\/\/contextoanalisisperiodistico.com\/wp-content\/uploads\/2026\/03\/IMG-20260314-WA0044.jpg",1280,854,false],"2048x2048":["https:\/\/contextoanalisisperiodistico.com\/wp-content\/uploads\/2026\/03\/IMG-20260314-WA0044.jpg",1280,854,false],"covernews-slider-full":["https:\/\/contextoanalisisperiodistico.com\/wp-content\/uploads\/2026\/03\/IMG-20260314-WA0044-1115x715.jpg",1115,715,true],"covernews-slider-center":["https:\/\/contextoanalisisperiodistico.com\/wp-content\/uploads\/2026\/03\/IMG-20260314-WA0044-800x500.jpg",800,500,true],"covernews-featured":["https:\/\/contextoanalisisperiodistico.com\/wp-content\/uploads\/2026\/03\/IMG-20260314-WA0044-1024x683.jpg",1024,683,true],"covernews-medium":["https:\/\/contextoanalisisperiodistico.com\/wp-content\/uploads\/2026\/03\/IMG-20260314-WA0044-540x340.jpg",540,340,true],"covernews-medium-square":["https:\/\/contextoanalisisperiodistico.com\/wp-content\/uploads\/2026\/03\/IMG-20260314-WA0044-400x250.jpg",400,250,true]},"author_info":{"display_name":"Mario Gir\u00f3n","author_link":"https:\/\/contextoanalisisperiodistico.com\/index.php\/author\/director\/"},"category_info":"<a href=\"https:\/\/contextoanalisisperiodistico.com\/index.php\/category\/politica\/\" rel=\"category tag\">Pol\u00edtica<\/a>","tag_info":"Pol\u00edtica","comment_count":"0","jetpack_featured_media_url":"https:\/\/contextoanalisisperiodistico.com\/wp-content\/uploads\/2026\/03\/IMG-20260314-WA0044.jpg","_links":{"self":[{"href":"https:\/\/contextoanalisisperiodistico.com\/index.php\/wp-json\/wp\/v2\/posts\/52072"}],"collection":[{"href":"https:\/\/contextoanalisisperiodistico.com\/index.php\/wp-json\/wp\/v2\/posts"}],"about":[{"href":"https:\/\/contextoanalisisperiodistico.com\/index.php\/wp-json\/wp\/v2\/types\/post"}],"author":[{"embeddable":true,"href":"https:\/\/contextoanalisisperiodistico.com\/index.php\/wp-json\/wp\/v2\/users\/4"}],"replies":[{"embeddable":true,"href":"https:\/\/contextoanalisisperiodistico.com\/index.php\/wp-json\/wp\/v2\/comments?post=52072"}],"version-history":[{"count":0,"href":"https:\/\/contextoanalisisperiodistico.com\/index.php\/wp-json\/wp\/v2\/posts\/52072\/revisions"}],"wp:featuredmedia":[{"embeddable":true,"href":"https:\/\/contextoanalisisperiodistico.com\/index.php\/wp-json\/wp\/v2\/media\/52067"}],"wp:attachment":[{"href":"https:\/\/contextoanalisisperiodistico.com\/index.php\/wp-json\/wp\/v2\/media?parent=52072"}],"wp:term":[{"taxonomy":"category","embeddable":true,"href":"https:\/\/contextoanalisisperiodistico.com\/index.php\/wp-json\/wp\/v2\/categories?post=52072"},{"taxonomy":"post_tag","embeddable":true,"href":"https:\/\/contextoanalisisperiodistico.com\/index.php\/wp-json\/wp\/v2\/tags?post=52072"}],"curies":[{"name":"wp","href":"https:\/\/api.w.org\/{rel}","templated":true}]}}