{"id":52066,"date":"2026-03-14T17:37:30","date_gmt":"2026-03-14T23:37:30","guid":{"rendered":"https:\/\/contextoanalisisperiodistico.com\/index.php\/2026\/03\/14\/estrategia-nacional-contra-el-contrabando-de-cigarros-nino-morales-propone-medidas-urgentes\/"},"modified":"2026-03-14T17:37:30","modified_gmt":"2026-03-14T23:37:30","slug":"estrategia-nacional-contra-el-contrabando-de-cigarros-nino-morales-propone-medidas-urgentes","status":"publish","type":"post","link":"https:\/\/contextoanalisisperiodistico.com\/index.php\/2026\/03\/14\/estrategia-nacional-contra-el-contrabando-de-cigarros-nino-morales-propone-medidas-urgentes\/","title":{"rendered":"Estrategia Nacional contra el contrabando de cigarros: Nino Morales propone medidas urgentes"},"content":{"rendered":"<div id=\"fb-root\"><\/div>\n\n<p>\u2022 Seg\u00fan diversos estudios, 3 de cada 10 cigarros son ilegales y generan p\u00e9rdidas al erario superiores a los 26 mil millones de pesos anuales<\/p>\n\n\n\n<p>Ante el aumento del contrabando de cigarros de procedencia il\u00edcita, que podr\u00edan alcanzar la venta de 40 millones diarios en el pa\u00eds, el senador Antonino Morales Toledo present\u00f3 un punto de acuerdo para que el Senado solicite a las autoridades intensificar las acciones para prevenir y erradicar la introducci\u00f3n ilegal y el comercio.<\/p>\n\n\n\n<p>De igual forma, se propone que el Senado exhorte a la Comisi\u00f3n Federal para la Protecci\u00f3n contra Riesgos Sanitarios (COFEPRIS) a que, en el \u00e1mbito de sus competencias, implemente una estrategia para identificar puntos de venta en todo el pa\u00eds, se verifiquen y se sancionen conforme a la norma aplicable, incluyendo a los due\u00f1os de tienditas que pueden ser acusados de contrabandistas.<\/p>\n\n\n\n<p>El legislador zapoteco present\u00f3 una estad\u00edstica de la situaci\u00f3n, seg\u00fan la cual, al entrar en vigor la Ley de Ingresos de la Federaci\u00f3n y el llamado \u201cimpuesto saludable\u201d a productos no saludables que provocan enfermedades cardiovasculares, respiratorias, c\u00e1ncer y diabetes, entre otras, aument\u00f3 el delito de contrabando de cigarros ilegales.<\/p>\n\n\n\n<p>Seg\u00fan la Alianza Nacional de Peque\u00f1os Comerciantes (ANPEC), la aplicaci\u00f3n del impuesto elev\u00f3 el costo de las cajetillas entre 15 y 20 pesos, para venderse ahora en 100 pesos y el dirigente del organismo, Cuauht\u00e9moc Rivera, advierte que el fen\u00f3meno ya alcanz\u00f3 niveles alarmantes pues de cada 10 cigarros que se venden en M\u00e9xico, al menos tres son de contrabando.<\/p>\n\n\n\n<p>A su vez, un estudio del Instituto Polit\u00e9cnico Nacional (IPN) en M\u00e9xico ya se venden diariamente m\u00e1s de 40 millones de cigarros pirata, pr\u00e1ctica que adem\u00e1s de alimentar redes de contrabando, provoca p\u00e9rdidas fiscales estimadas en hasta 26 mil 700 millones de pesos anuales, seg\u00fan cifras del Servicio de Administraci\u00f3n Tributaria (SAT)\u201d.<\/p>\n\n\n\n<p>Nino Morales tambi\u00e9n alert\u00f3 la afectaci\u00f3n en la salud, toda vez que la Profeco ha documentado que algunos cigarros piratas sustituyen el tabaco con arcilla, madera o materiales con plomo, elevando el da\u00f1o potencial, \u00abel problema no es el impuesto saludable en s\u00ed, sino el contrabando de cigarrillos y su incremento, afectando la salud p\u00fablica y la recaudaci\u00f3n fiscal del Estado, que dispuso la obligatoriedad de contar con un c\u00f3digo de seguridad fiscal por cajetilla, \u00fanico e irrepetible como elemento para acreditar el pago de impuesto\u00bb, dijo.<\/p>\n\n\n\n<p>De no contar con el sello, se considera contrabando y las personas que venden cigarros piratas, por ende, son contrabandistas.<\/p>\n\n\n\n<p>El legislador morenista destac\u00f3 que es de reconocer los esfuerzos de la autoridad para inhibir este il\u00edcito, como el reciente decomiso de la Secretar\u00eda de Marina (Semar), en coordinaci\u00f3n con la Aduana del Aeropuerto Internacional de la Ciudad de M\u00e9xico (AICM), de 37 embarques de cigarrillos piratas entre el pasado 19 de septiembre y el 28 de enero de este a\u00f1o de 88.78 toneladas y m\u00e1s de 55 millones de piezas de cigarrillos pirata, con un valor estimado superior a 400 millones de pesos en el mercado negro.<\/p>\n\n\n\n<p>No obstante, es necesario que el Senado exhorte a la Cofepris, a las Secretar\u00edas de Salud, de Hacienda y la de Econom\u00eda a que, en el \u00e1mbito de sus competencias, lleven a cabo acciones para prevenir y erradicar el contrabando y el comercio de cigarros ilegales, y, a la Cofepris a implementar una estrategia a nivel nacional para identificar puntos de venta de cigarros ilegales, se verifiquen y se sancionen conforme a la norma aplicable.<\/p>\n\n\n\n<p>&#8211;<\/p>\n","protected":false},"excerpt":{"rendered":"<p>\u2022 Seg\u00fan diversos estudios, 3 de cada 10 cigarros son ilegales y generan p\u00e9rdidas al&#8230;<\/p>\n","protected":false},"author":4,"featured_media":52065,"comment_status":"","ping_status":"open","sticky":false,"template":"","format":"standard","meta":{"footnotes":""},"categories":[9],"tags":[156,396],"jetpack_sharing_enabled":true,"featured_image_urls":{"full":["https:\/\/contextoanalisisperiodistico.com\/wp-content\/uploads\/2026\/03\/IMG-20260314-WA0049.jpg",1066,1600,false],"thumbnail":["https:\/\/contextoanalisisperiodistico.com\/wp-content\/uploads\/2026\/03\/IMG-20260314-WA0049-150x150.jpg",150,150,true],"medium":["https:\/\/contextoanalisisperiodistico.com\/wp-content\/uploads\/2026\/03\/IMG-20260314-WA0049-200x300.jpg",200,300,true],"medium_large":["https:\/\/contextoanalisisperiodistico.com\/wp-content\/uploads\/2026\/03\/IMG-20260314-WA0049-768x1153.jpg",640,961,true],"large":["https:\/\/contextoanalisisperiodistico.com\/wp-content\/uploads\/2026\/03\/IMG-20260314-WA0049-682x1024.jpg",640,961,true],"1536x1536":["https:\/\/contextoanalisisperiodistico.com\/wp-content\/uploads\/2026\/03\/IMG-20260314-WA0049-1023x1536.jpg",1023,1536,true],"2048x2048":["https:\/\/contextoanalisisperiodistico.com\/wp-content\/uploads\/2026\/03\/IMG-20260314-WA0049.jpg",1066,1600,false],"covernews-slider-full":["https:\/\/contextoanalisisperiodistico.com\/wp-content\/uploads\/2026\/03\/IMG-20260314-WA0049-1066x715.jpg",1066,715,true],"covernews-slider-center":["https:\/\/contextoanalisisperiodistico.com\/wp-content\/uploads\/2026\/03\/IMG-20260314-WA0049-800x500.jpg",800,500,true],"covernews-featured":["https:\/\/contextoanalisisperiodistico.com\/wp-content\/uploads\/2026\/03\/IMG-20260314-WA0049-1024x1537.jpg",1024,1537,true],"covernews-medium":["https:\/\/contextoanalisisperiodistico.com\/wp-content\/uploads\/2026\/03\/IMG-20260314-WA0049-540x340.jpg",540,340,true],"covernews-medium-square":["https:\/\/contextoanalisisperiodistico.com\/wp-content\/uploads\/2026\/03\/IMG-20260314-WA0049-400x250.jpg",400,250,true]},"author_info":{"display_name":"Mario Gir\u00f3n","author_link":"https:\/\/contextoanalisisperiodistico.com\/index.php\/author\/director\/"},"category_info":"<a href=\"https:\/\/contextoanalisisperiodistico.com\/index.php\/category\/politica\/\" rel=\"category tag\">Pol\u00edtica<\/a>","tag_info":"Pol\u00edtica","comment_count":"0","jetpack_featured_media_url":"https:\/\/contextoanalisisperiodistico.com\/wp-content\/uploads\/2026\/03\/IMG-20260314-WA0049.jpg","_links":{"self":[{"href":"https:\/\/contextoanalisisperiodistico.com\/index.php\/wp-json\/wp\/v2\/posts\/52066"}],"collection":[{"href":"https:\/\/contextoanalisisperiodistico.com\/index.php\/wp-json\/wp\/v2\/posts"}],"about":[{"href":"https:\/\/contextoanalisisperiodistico.com\/index.php\/wp-json\/wp\/v2\/types\/post"}],"author":[{"embeddable":true,"href":"https:\/\/contextoanalisisperiodistico.com\/index.php\/wp-json\/wp\/v2\/users\/4"}],"replies":[{"embeddable":true,"href":"https:\/\/contextoanalisisperiodistico.com\/index.php\/wp-json\/wp\/v2\/comments?post=52066"}],"version-history":[{"count":0,"href":"https:\/\/contextoanalisisperiodistico.com\/index.php\/wp-json\/wp\/v2\/posts\/52066\/revisions"}],"wp:featuredmedia":[{"embeddable":true,"href":"https:\/\/contextoanalisisperiodistico.com\/index.php\/wp-json\/wp\/v2\/media\/52065"}],"wp:attachment":[{"href":"https:\/\/contextoanalisisperiodistico.com\/index.php\/wp-json\/wp\/v2\/media?parent=52066"}],"wp:term":[{"taxonomy":"category","embeddable":true,"href":"https:\/\/contextoanalisisperiodistico.com\/index.php\/wp-json\/wp\/v2\/categories?post=52066"},{"taxonomy":"post_tag","embeddable":true,"href":"https:\/\/contextoanalisisperiodistico.com\/index.php\/wp-json\/wp\/v2\/tags?post=52066"}],"curies":[{"name":"wp","href":"https:\/\/api.w.org\/{rel}","templated":true}]}}