{"id":52050,"date":"2026-03-14T13:05:37","date_gmt":"2026-03-14T19:05:37","guid":{"rendered":"https:\/\/contextoanalisisperiodistico.com\/index.php\/2026\/03\/14\/informar-no-es-enganar-el-costo-de-la-desinformacion-en-la-construccion-de-la-opinion-publica\/"},"modified":"2026-03-14T13:05:37","modified_gmt":"2026-03-14T19:05:37","slug":"informar-no-es-enganar-el-costo-de-la-desinformacion-en-la-construccion-de-la-opinion-publica","status":"publish","type":"post","link":"https:\/\/contextoanalisisperiodistico.com\/index.php\/2026\/03\/14\/informar-no-es-enganar-el-costo-de-la-desinformacion-en-la-construccion-de-la-opinion-publica\/","title":{"rendered":"\u00abInformar no es enga\u00f1ar: el costo de la desinformaci\u00f3n en la construcci\u00f3n de la opini\u00f3n p\u00fablica\u00bb"},"content":{"rendered":"<div id=\"fb-root\"><\/div>\n\n<p>\u2022 Buscar \u00ablikes\u00bb a costa de la realidad debilita la confianza en las instituciones y, por ende, en la democracia misma<\/p>\n\n\n\n<p>\u2022 El presupuesto garantiza que el Poder Legislativo no dependa de otros poderes para su mantenimiento f\u00edsico y tecnol\u00f3gico, asegurando su autonom\u00eda<\/p>\n\n\n\n<p>*CP Adolfo Nava<\/p>\n\n\n\n<p>La desinformaci\u00f3n no genera opini\u00f3n p\u00fablica, solo manipulaci\u00f3n, rumores y enga\u00f1o. Esto es lo que pasa actualmente con los supuestos ingresos de las y los diputados que integran el Poder Legislativo en la entidad al dividir los ingresos totales del Congreso \u00fanicamente entre el n\u00famero de legisladores, sin considerar que el recurso esta destinado al pago de trabajadores, funcionarios y servidores p\u00fablicos que forman parte de la instituci\u00f3n; as\u00ed, como el mantenimiento de bienes muebles e inmuebles, equipo tecnol\u00f3gico y dem\u00e1s, necesarios e indispensables para desarrollar las actividades que les marca la ley.<\/p>\n\n\n\n<p>Sin un an\u00e1lisis real de los hechos, sin contextualizaci\u00f3n, sin conocimiento de lo que se pretende informar, solo se genera notas falsas que alteran la realidad, b\u00e1sicamente con el objetivo de presionar pol\u00edtica o econ\u00f3micamente, pero en nada sirven a la sociedad.<\/p>\n\n\n\n<p>La propuesta de reducir los presupuestos de los Congresos locales del pa\u00eds requiere an\u00e1lisis serios, propuestas inteligentes, estudios de contexto que permitan llegar a la mejor decisi\u00f3n para la sociedad, no esc\u00e1ndalos medi\u00e1ticos, ni informaci\u00f3n ficticia, para conseguir unos \u201clikes\u201d.<\/p>\n\n\n\n<p>Informar, no es enga\u00f1ar.<\/p>\n\n\n\n<p>*Colaborador en temas de dinero p\u00fablico <\/p>\n","protected":false},"excerpt":{"rendered":"<p>\u2022 Buscar \u00ablikes\u00bb a costa de la realidad debilita la confianza en las instituciones y,&#8230;<\/p>\n","protected":false},"author":4,"featured_media":52049,"comment_status":"","ping_status":"open","sticky":false,"template":"","format":"standard","meta":{"footnotes":""},"categories":[9],"tags":[417,418,416,419,413,415,414],"jetpack_sharing_enabled":true,"featured_image_urls":{"full":["https:\/\/contextoanalisisperiodistico.com\/wp-content\/uploads\/2026\/03\/1773514347063.png",1408,768,false],"thumbnail":["https:\/\/contextoanalisisperiodistico.com\/wp-content\/uploads\/2026\/03\/1773514347063-150x150.png",150,150,true],"medium":["https:\/\/contextoanalisisperiodistico.com\/wp-content\/uploads\/2026\/03\/1773514347063-300x164.png",300,164,true],"medium_large":["https:\/\/contextoanalisisperiodistico.com\/wp-content\/uploads\/2026\/03\/1773514347063-768x419.png",640,349,true],"large":["https:\/\/contextoanalisisperiodistico.com\/wp-content\/uploads\/2026\/03\/1773514347063-1024x559.png",640,349,true],"1536x1536":["https:\/\/contextoanalisisperiodistico.com\/wp-content\/uploads\/2026\/03\/1773514347063.png",1408,768,false],"2048x2048":["https:\/\/contextoanalisisperiodistico.com\/wp-content\/uploads\/2026\/03\/1773514347063.png",1408,768,false],"covernews-slider-full":["https:\/\/contextoanalisisperiodistico.com\/wp-content\/uploads\/2026\/03\/1773514347063-1115x715.png",1115,715,true],"covernews-slider-center":["https:\/\/contextoanalisisperiodistico.com\/wp-content\/uploads\/2026\/03\/1773514347063-800x500.png",800,500,true],"covernews-featured":["https:\/\/contextoanalisisperiodistico.com\/wp-content\/uploads\/2026\/03\/1773514347063-1024x559.png",1024,559,true],"covernews-medium":["https:\/\/contextoanalisisperiodistico.com\/wp-content\/uploads\/2026\/03\/1773514347063-540x340.png",540,340,true],"covernews-medium-square":["https:\/\/contextoanalisisperiodistico.com\/wp-content\/uploads\/2026\/03\/1773514347063-400x250.png",400,250,true]},"author_info":{"display_name":"Mario Gir\u00f3n","author_link":"https:\/\/contextoanalisisperiodistico.com\/index.php\/author\/director\/"},"category_info":"<a href=\"https:\/\/contextoanalisisperiodistico.com\/index.php\/category\/politica\/\" rel=\"category tag\">Pol\u00edtica<\/a>","tag_info":"Pol\u00edtica","comment_count":"0","jetpack_featured_media_url":"https:\/\/contextoanalisisperiodistico.com\/wp-content\/uploads\/2026\/03\/1773514347063.png","_links":{"self":[{"href":"https:\/\/contextoanalisisperiodistico.com\/index.php\/wp-json\/wp\/v2\/posts\/52050"}],"collection":[{"href":"https:\/\/contextoanalisisperiodistico.com\/index.php\/wp-json\/wp\/v2\/posts"}],"about":[{"href":"https:\/\/contextoanalisisperiodistico.com\/index.php\/wp-json\/wp\/v2\/types\/post"}],"author":[{"embeddable":true,"href":"https:\/\/contextoanalisisperiodistico.com\/index.php\/wp-json\/wp\/v2\/users\/4"}],"replies":[{"embeddable":true,"href":"https:\/\/contextoanalisisperiodistico.com\/index.php\/wp-json\/wp\/v2\/comments?post=52050"}],"version-history":[{"count":0,"href":"https:\/\/contextoanalisisperiodistico.com\/index.php\/wp-json\/wp\/v2\/posts\/52050\/revisions"}],"wp:featuredmedia":[{"embeddable":true,"href":"https:\/\/contextoanalisisperiodistico.com\/index.php\/wp-json\/wp\/v2\/media\/52049"}],"wp:attachment":[{"href":"https:\/\/contextoanalisisperiodistico.com\/index.php\/wp-json\/wp\/v2\/media?parent=52050"}],"wp:term":[{"taxonomy":"category","embeddable":true,"href":"https:\/\/contextoanalisisperiodistico.com\/index.php\/wp-json\/wp\/v2\/categories?post=52050"},{"taxonomy":"post_tag","embeddable":true,"href":"https:\/\/contextoanalisisperiodistico.com\/index.php\/wp-json\/wp\/v2\/tags?post=52050"}],"curies":[{"name":"wp","href":"https:\/\/api.w.org\/{rel}","templated":true}]}}