{"id":52048,"date":"2026-03-14T12:31:44","date_gmt":"2026-03-14T18:31:44","guid":{"rendered":"https:\/\/contextoanalisisperiodistico.com\/index.php\/2026\/03\/14\/inaugura-salomon-jara-copa-de-beisbol-binniza-en-juchitan-que-fortalece-el-tejido-comunitario\/"},"modified":"2026-03-14T12:31:44","modified_gmt":"2026-03-14T18:31:44","slug":"inaugura-salomon-jara-copa-de-beisbol-binniza-en-juchitan-que-fortalece-el-tejido-comunitario","status":"publish","type":"post","link":"https:\/\/contextoanalisisperiodistico.com\/index.php\/2026\/03\/14\/inaugura-salomon-jara-copa-de-beisbol-binniza-en-juchitan-que-fortalece-el-tejido-comunitario\/","title":{"rendered":"Inaugura Salom\u00f3n Jara Copa de Beisbol Binniz\u00e1 en Juchit\u00e1n que fortalece el tejido comunitario"},"content":{"rendered":"<div id=\"fb-root\"><\/div>\n\n<p>\u2022 El Mandatario estatal dese\u00f3 el mayor de los \u00e9xitos a los participantes en esta justa deportiva regional<\/p>\n\n\n\n<figure class=\"wp-block-image size-large\"><img fetchpriority=\"high\" decoding=\"async\" width=\"1024\" height=\"683\" src=\"https:\/\/contextoanalisisperiodistico.com\/wp-content\/uploads\/2026\/03\/img-20260314-wa00206379803706581580436-1024x683.jpg\" alt=\"\" class=\"wp-image-52046\" srcset=\"https:\/\/contextoanalisisperiodistico.com\/wp-content\/uploads\/2026\/03\/img-20260314-wa00206379803706581580436-1024x683.jpg 1024w, https:\/\/contextoanalisisperiodistico.com\/wp-content\/uploads\/2026\/03\/img-20260314-wa00206379803706581580436-300x200.jpg 300w, https:\/\/contextoanalisisperiodistico.com\/wp-content\/uploads\/2026\/03\/img-20260314-wa00206379803706581580436-768x512.jpg 768w, https:\/\/contextoanalisisperiodistico.com\/wp-content\/uploads\/2026\/03\/img-20260314-wa00206379803706581580436.jpg 1280w\" sizes=\"(max-width: 1024px) 100vw, 1024px\" \/><\/figure>\n\n\n\n<figure class=\"wp-block-image\"><img decoding=\"async\" width=\"1024\" height=\"683\" src=\"https:\/\/contextoanalisisperiodistico.com\/wp-content\/uploads\/2026\/03\/img-20260314-wa00224950666542533889955-1024x683.jpg\" alt=\"\" class=\"wp-image-52045\" srcset=\"https:\/\/contextoanalisisperiodistico.com\/wp-content\/uploads\/2026\/03\/img-20260314-wa00224950666542533889955-1024x683.jpg 1024w, https:\/\/contextoanalisisperiodistico.com\/wp-content\/uploads\/2026\/03\/img-20260314-wa00224950666542533889955-300x200.jpg 300w, https:\/\/contextoanalisisperiodistico.com\/wp-content\/uploads\/2026\/03\/img-20260314-wa00224950666542533889955-768x512.jpg 768w, https:\/\/contextoanalisisperiodistico.com\/wp-content\/uploads\/2026\/03\/img-20260314-wa00224950666542533889955.jpg 1280w\" sizes=\"(max-width: 1024px) 100vw, 1024px\" \/><\/figure>\n\n\n\n<figure class=\"wp-block-image\"><img decoding=\"async\" width=\"1024\" height=\"683\" src=\"https:\/\/contextoanalisisperiodistico.com\/wp-content\/uploads\/2026\/03\/img-20260314-wa00212996578543610074152-1024x683.jpg\" alt=\"\" class=\"wp-image-52047\" srcset=\"https:\/\/contextoanalisisperiodistico.com\/wp-content\/uploads\/2026\/03\/img-20260314-wa00212996578543610074152-1024x683.jpg 1024w, https:\/\/contextoanalisisperiodistico.com\/wp-content\/uploads\/2026\/03\/img-20260314-wa00212996578543610074152-300x200.jpg 300w, https:\/\/contextoanalisisperiodistico.com\/wp-content\/uploads\/2026\/03\/img-20260314-wa00212996578543610074152-768x512.jpg 768w, https:\/\/contextoanalisisperiodistico.com\/wp-content\/uploads\/2026\/03\/img-20260314-wa00212996578543610074152.jpg 1280w\" sizes=\"(max-width: 1024px) 100vw, 1024px\" \/><\/figure>\n\n\n\n<p>Juchit\u00e1n de Zaragoza, Oax. 14 de marzo de 2026.- Con el objetivo de promover el deporte, fortalecer la integraci\u00f3n comunitaria y visibilizar nuevos talentos, el Gobernador Salom\u00f3n Jara Cruz inaugur\u00f3 la Copa de Beisbol Binniz\u00e1 en la Heroica Ciudad de Juchit\u00e1n de Zaragoza, del Istmo de Tehuantepec.<\/p>\n\n\n\n<p>Desde el emblem\u00e1tico estadio de beisbol Xhahui, donde se han inscrito grandes \u00e9xitos, el Mandatario estatal destac\u00f3 que el deporte es una parte fundamental del desarrollo humano, que no solo fortalece el cuerpo, ya que que forma car\u00e1cter, disciplina, compa\u00f1erismo y respeto.<\/p>\n\n\n\n<p>\u201cEl beisbol ocupa un lugar especial en el coraz\u00f3n de nuestro estado aqu\u00ed en el Istmo de Tehuantepec, es uno de los deportes favoritos y una pasi\u00f3n que se vive intensamente en muchos municipios de esta zona\u201d, expuso ante representantes de deporte, entrenadores y participantes.<\/p>\n\n\n\n<p>En esta regi\u00f3n donde han surgido grandes jugadores como Chito R\u00edos, Jara Cruz dese\u00f3 a todos los concursantes el mayor de los \u00e9xitos, que compitan con entrega, pasi\u00f3n y disfruten cada juego; porque el verdadero triunfo est\u00e1 en el esfuerzo, disciplina y trabajo en equipo.<\/p>\n\n\n\n<p>Esta justa deportiva que reunir\u00e1 a equipos de la regi\u00f3n del Istmo de Tehuantepec, contempla las etapas de competici\u00f3n: municipal, regional clasificatorio y play off.<\/p>\n\n\n\n<p>El director del Instituto del Deporte del Estado de Oaxaca (Indeporte), Arturo de Jes\u00fas Ch\u00e1vez Ram\u00edrez refiri\u00f3 que en situaciones que han afectado la tranquilidad social, las actividades f\u00edsicas se convierten en una herramienta poderosa para sembrar valores, abrir oportunidades y sembrar paz.<\/p>\n\n\n\n<p>La Primavera Oaxaque\u00f1a impulsa el deporte como un pilar de bienestar para que ni\u00f1as, ni\u00f1os y j\u00f3venes de todas las regiones tengan acceso a espacios deportivos, entrenadores y oportunidades para desarrollar su talento.<\/p>\n\n\n\n<p>-0-<\/p>\n","protected":false},"excerpt":{"rendered":"<p>\u2022 El Mandatario estatal dese\u00f3 el mayor de los \u00e9xitos a los participantes en esta&#8230;<\/p>\n","protected":false},"author":4,"featured_media":52044,"comment_status":"","ping_status":"open","sticky":false,"template":"","format":"standard","meta":{"footnotes":""},"categories":[9],"tags":[316],"jetpack_sharing_enabled":true,"featured_image_urls":{"full":["https:\/\/contextoanalisisperiodistico.com\/wp-content\/uploads\/2026\/03\/IMG-20260314-WA0019.jpg",1280,854,false],"thumbnail":["https:\/\/contextoanalisisperiodistico.com\/wp-content\/uploads\/2026\/03\/IMG-20260314-WA0019-150x150.jpg",150,150,true],"medium":["https:\/\/contextoanalisisperiodistico.com\/wp-content\/uploads\/2026\/03\/IMG-20260314-WA0019-300x200.jpg",300,200,true],"medium_large":["https:\/\/contextoanalisisperiodistico.com\/wp-content\/uploads\/2026\/03\/IMG-20260314-WA0019-768x512.jpg",640,427,true],"large":["https:\/\/contextoanalisisperiodistico.com\/wp-content\/uploads\/2026\/03\/IMG-20260314-WA0019-1024x683.jpg",640,427,true],"1536x1536":["https:\/\/contextoanalisisperiodistico.com\/wp-content\/uploads\/2026\/03\/IMG-20260314-WA0019.jpg",1280,854,false],"2048x2048":["https:\/\/contextoanalisisperiodistico.com\/wp-content\/uploads\/2026\/03\/IMG-20260314-WA0019.jpg",1280,854,false],"covernews-slider-full":["https:\/\/contextoanalisisperiodistico.com\/wp-content\/uploads\/2026\/03\/IMG-20260314-WA0019-1115x715.jpg",1115,715,true],"covernews-slider-center":["https:\/\/contextoanalisisperiodistico.com\/wp-content\/uploads\/2026\/03\/IMG-20260314-WA0019-800x500.jpg",800,500,true],"covernews-featured":["https:\/\/contextoanalisisperiodistico.com\/wp-content\/uploads\/2026\/03\/IMG-20260314-WA0019-1024x683.jpg",1024,683,true],"covernews-medium":["https:\/\/contextoanalisisperiodistico.com\/wp-content\/uploads\/2026\/03\/IMG-20260314-WA0019-540x340.jpg",540,340,true],"covernews-medium-square":["https:\/\/contextoanalisisperiodistico.com\/wp-content\/uploads\/2026\/03\/IMG-20260314-WA0019-400x250.jpg",400,250,true]},"author_info":{"display_name":"Mario Gir\u00f3n","author_link":"https:\/\/contextoanalisisperiodistico.com\/index.php\/author\/director\/"},"category_info":"<a href=\"https:\/\/contextoanalisisperiodistico.com\/index.php\/category\/politica\/\" rel=\"category tag\">Pol\u00edtica<\/a>","tag_info":"Pol\u00edtica","comment_count":"0","jetpack_featured_media_url":"https:\/\/contextoanalisisperiodistico.com\/wp-content\/uploads\/2026\/03\/IMG-20260314-WA0019.jpg","_links":{"self":[{"href":"https:\/\/contextoanalisisperiodistico.com\/index.php\/wp-json\/wp\/v2\/posts\/52048"}],"collection":[{"href":"https:\/\/contextoanalisisperiodistico.com\/index.php\/wp-json\/wp\/v2\/posts"}],"about":[{"href":"https:\/\/contextoanalisisperiodistico.com\/index.php\/wp-json\/wp\/v2\/types\/post"}],"author":[{"embeddable":true,"href":"https:\/\/contextoanalisisperiodistico.com\/index.php\/wp-json\/wp\/v2\/users\/4"}],"replies":[{"embeddable":true,"href":"https:\/\/contextoanalisisperiodistico.com\/index.php\/wp-json\/wp\/v2\/comments?post=52048"}],"version-history":[{"count":0,"href":"https:\/\/contextoanalisisperiodistico.com\/index.php\/wp-json\/wp\/v2\/posts\/52048\/revisions"}],"wp:featuredmedia":[{"embeddable":true,"href":"https:\/\/contextoanalisisperiodistico.com\/index.php\/wp-json\/wp\/v2\/media\/52044"}],"wp:attachment":[{"href":"https:\/\/contextoanalisisperiodistico.com\/index.php\/wp-json\/wp\/v2\/media?parent=52048"}],"wp:term":[{"taxonomy":"category","embeddable":true,"href":"https:\/\/contextoanalisisperiodistico.com\/index.php\/wp-json\/wp\/v2\/categories?post=52048"},{"taxonomy":"post_tag","embeddable":true,"href":"https:\/\/contextoanalisisperiodistico.com\/index.php\/wp-json\/wp\/v2\/tags?post=52048"}],"curies":[{"name":"wp","href":"https:\/\/api.w.org\/{rel}","templated":true}]}}