{"id":52040,"date":"2026-03-13T20:57:52","date_gmt":"2026-03-14T02:57:52","guid":{"rendered":"https:\/\/contextoanalisisperiodistico.com\/index.php\/2026\/03\/13\/inaugura-salomon-jara-tres-nuevos-pozos-en-zona-metropolitana-de-oaxaca-garantiza-acceso-al-agua\/"},"modified":"2026-03-13T20:57:52","modified_gmt":"2026-03-14T02:57:52","slug":"inaugura-salomon-jara-tres-nuevos-pozos-en-zona-metropolitana-de-oaxaca-garantiza-acceso-al-agua","status":"publish","type":"post","link":"https:\/\/contextoanalisisperiodistico.com\/index.php\/2026\/03\/13\/inaugura-salomon-jara-tres-nuevos-pozos-en-zona-metropolitana-de-oaxaca-garantiza-acceso-al-agua\/","title":{"rendered":"Inaugura Salom\u00f3n Jara tres nuevos pozos en Zona Metropolitana de Oaxaca, garantiza acceso al agua"},"content":{"rendered":"<div id=\"fb-root\"><\/div>\n\n<p>\u2022 Con estas obras que representan una inversi\u00f3n cercana a 13 mdp, se reducir\u00e1 paulatinamente el tandeo del vital l\u00edquido en los hogares<\/p>\n\n\n\n<figure class=\"wp-block-image size-large\"><img fetchpriority=\"high\" decoding=\"async\" width=\"1024\" height=\"683\" src=\"https:\/\/contextoanalisisperiodistico.com\/wp-content\/uploads\/2026\/03\/img-20260313-wa01533642984843574077919-1024x683.jpg\" alt=\"\" class=\"wp-image-52035\" srcset=\"https:\/\/contextoanalisisperiodistico.com\/wp-content\/uploads\/2026\/03\/img-20260313-wa01533642984843574077919-1024x683.jpg 1024w, https:\/\/contextoanalisisperiodistico.com\/wp-content\/uploads\/2026\/03\/img-20260313-wa01533642984843574077919-300x200.jpg 300w, https:\/\/contextoanalisisperiodistico.com\/wp-content\/uploads\/2026\/03\/img-20260313-wa01533642984843574077919-768x512.jpg 768w, https:\/\/contextoanalisisperiodistico.com\/wp-content\/uploads\/2026\/03\/img-20260313-wa01533642984843574077919.jpg 1280w\" sizes=\"(max-width: 1024px) 100vw, 1024px\" \/><\/figure>\n\n\n\n<figure class=\"wp-block-image\"><img decoding=\"async\" width=\"300\" height=\"225\" src=\"https:\/\/contextoanalisisperiodistico.com\/wp-content\/uploads\/2026\/03\/img-20260313-wa01507157281458705122433-300x225.jpg\" alt=\"\" class=\"wp-image-52037\" srcset=\"https:\/\/contextoanalisisperiodistico.com\/wp-content\/uploads\/2026\/03\/img-20260313-wa01507157281458705122433-300x225.jpg 300w, https:\/\/contextoanalisisperiodistico.com\/wp-content\/uploads\/2026\/03\/img-20260313-wa01507157281458705122433-768x576.jpg 768w, https:\/\/contextoanalisisperiodistico.com\/wp-content\/uploads\/2026\/03\/img-20260313-wa01507157281458705122433.jpg 893w\" sizes=\"(max-width: 300px) 100vw, 300px\" \/><\/figure>\n\n\n\n<figure class=\"wp-block-image\"><img decoding=\"async\" width=\"1024\" height=\"682\" src=\"https:\/\/contextoanalisisperiodistico.com\/wp-content\/uploads\/2026\/03\/img-20260313-wa01473022520733985430070-1024x682.jpg\" alt=\"\" class=\"wp-image-52038\" srcset=\"https:\/\/contextoanalisisperiodistico.com\/wp-content\/uploads\/2026\/03\/img-20260313-wa01473022520733985430070-1024x682.jpg 1024w, https:\/\/contextoanalisisperiodistico.com\/wp-content\/uploads\/2026\/03\/img-20260313-wa01473022520733985430070-300x200.jpg 300w, https:\/\/contextoanalisisperiodistico.com\/wp-content\/uploads\/2026\/03\/img-20260313-wa01473022520733985430070-768x512.jpg 768w, https:\/\/contextoanalisisperiodistico.com\/wp-content\/uploads\/2026\/03\/img-20260313-wa01473022520733985430070-1536x1023.jpg 1536w, https:\/\/contextoanalisisperiodistico.com\/wp-content\/uploads\/2026\/03\/img-20260313-wa01473022520733985430070.jpg 1600w\" sizes=\"(max-width: 1024px) 100vw, 1024px\" \/><\/figure>\n\n\n\n<figure class=\"wp-block-image\"><img loading=\"lazy\" decoding=\"async\" width=\"1024\" height=\"683\" src=\"https:\/\/contextoanalisisperiodistico.com\/wp-content\/uploads\/2026\/03\/img-20260313-wa01465357737556164694718-1024x683.jpg\" alt=\"\" class=\"wp-image-52039\" srcset=\"https:\/\/contextoanalisisperiodistico.com\/wp-content\/uploads\/2026\/03\/img-20260313-wa01465357737556164694718-1024x683.jpg 1024w, https:\/\/contextoanalisisperiodistico.com\/wp-content\/uploads\/2026\/03\/img-20260313-wa01465357737556164694718-300x200.jpg 300w, https:\/\/contextoanalisisperiodistico.com\/wp-content\/uploads\/2026\/03\/img-20260313-wa01465357737556164694718-768x512.jpg 768w, https:\/\/contextoanalisisperiodistico.com\/wp-content\/uploads\/2026\/03\/img-20260313-wa01465357737556164694718.jpg 1280w\" sizes=\"(max-width: 1024px) 100vw, 1024px\" \/><\/figure>\n\n\n\n<figure class=\"wp-block-image\"><img loading=\"lazy\" decoding=\"async\" width=\"1024\" height=\"683\" src=\"https:\/\/contextoanalisisperiodistico.com\/wp-content\/uploads\/2026\/03\/img-20260313-wa01528884292137474183335-1024x683.jpg\" alt=\"\" class=\"wp-image-52036\" srcset=\"https:\/\/contextoanalisisperiodistico.com\/wp-content\/uploads\/2026\/03\/img-20260313-wa01528884292137474183335-1024x683.jpg 1024w, https:\/\/contextoanalisisperiodistico.com\/wp-content\/uploads\/2026\/03\/img-20260313-wa01528884292137474183335-300x200.jpg 300w, https:\/\/contextoanalisisperiodistico.com\/wp-content\/uploads\/2026\/03\/img-20260313-wa01528884292137474183335-768x512.jpg 768w, https:\/\/contextoanalisisperiodistico.com\/wp-content\/uploads\/2026\/03\/img-20260313-wa01528884292137474183335-1536x1024.jpg 1536w, https:\/\/contextoanalisisperiodistico.com\/wp-content\/uploads\/2026\/03\/img-20260313-wa01528884292137474183335.jpg 1600w\" sizes=\"(max-width: 1024px) 100vw, 1024px\" \/><\/figure>\n\n\n\n<p>Oaxaca de Ju\u00e1rez, Oax. 13 de marzo de 2026.- Con el fin de garantizar el acceso al agua potable, el Gobernador de Oaxaca Salom\u00f3n Jara Cruz inaugur\u00f3 tres pozos profundos que permitir\u00e1n paulatinamente, el constante suministro del l\u00edquido a las familias de la Zona Metropolitana de la entidad.<\/p>\n\n\n\n<p>Durante su mensaje, el Mandatario estatal destac\u00f3 que, con una inversi\u00f3n cercana a los 13 millones de pesos, estas obras beneficiar\u00e1n a m\u00e1s de 13 mil 500 personas con infraestructuras modernas que gradualmente reducir\u00e1n el tandeo de este recurso natural.<\/p>\n\n\n\n<p>\u201cIncrementaremos poco a poco la capacidad o cantidad de agua que requerimos en Oaxaca\u201d, resalt\u00f3 Jara Cruz.<\/p>\n\n\n\n<p>En su intervenci\u00f3n, el titular de la Comisi\u00f3n Estatal del Agua para el Bienestar (Ceabien), Neftal\u00ed Amigdael L\u00f3pez Hern\u00e1ndez detall\u00f3 que la obra localizada en la colonia Vicente Su\u00e1rez, tuvo una inversi\u00f3n de 3 millones 450 mil pesos. El pozo perforado a 100 metros de profundidad, permite dar un abasto de 22.7 litros por segundo.<\/p>\n\n\n\n<p>Con m\u00e1s de 4 millones 218 mil pesos, el pozo ubicado en avenida Ferrocarril, tambi\u00e9n con 100 metros de profundidad, distribuye un total de 8.5 litros por segundo, el cual contiene una plataforma de descarga y mampara de control, tuber\u00edas de acero y v\u00e1lvulas, entre otros materiales.<\/p>\n\n\n\n<p>Finalmente, la edificaci\u00f3n del pozo \u201cAuxiliar 1\u201d, realizado en el municipio de Santa Cruz Xoxocotl\u00e1n, fue intervenido de igual forma a 100 metros de profundidad y da un gasto de 18 litros por segundo. Este trabajo cont\u00f3 con una inversi\u00f3n de casi 5 millones de pesos.<\/p>\n\n\n\n<p>-0-<\/p>\n","protected":false},"excerpt":{"rendered":"<p>\u2022 Con estas obras que representan una inversi\u00f3n cercana a 13 mdp, se reducir\u00e1 paulatinamente&#8230;<\/p>\n","protected":false},"author":4,"featured_media":52034,"comment_status":"","ping_status":"open","sticky":false,"template":"","format":"standard","meta":{"footnotes":""},"categories":[9],"tags":[316],"jetpack_sharing_enabled":true,"featured_image_urls":{"full":["https:\/\/contextoanalisisperiodistico.com\/wp-content\/uploads\/2026\/03\/IMG-20260313-WA0145.jpg",1280,854,false],"thumbnail":["https:\/\/contextoanalisisperiodistico.com\/wp-content\/uploads\/2026\/03\/IMG-20260313-WA0145-150x150.jpg",150,150,true],"medium":["https:\/\/contextoanalisisperiodistico.com\/wp-content\/uploads\/2026\/03\/IMG-20260313-WA0145-300x200.jpg",300,200,true],"medium_large":["https:\/\/contextoanalisisperiodistico.com\/wp-content\/uploads\/2026\/03\/IMG-20260313-WA0145-768x512.jpg",640,427,true],"large":["https:\/\/contextoanalisisperiodistico.com\/wp-content\/uploads\/2026\/03\/IMG-20260313-WA0145-1024x683.jpg",640,427,true],"1536x1536":["https:\/\/contextoanalisisperiodistico.com\/wp-content\/uploads\/2026\/03\/IMG-20260313-WA0145.jpg",1280,854,false],"2048x2048":["https:\/\/contextoanalisisperiodistico.com\/wp-content\/uploads\/2026\/03\/IMG-20260313-WA0145.jpg",1280,854,false],"covernews-slider-full":["https:\/\/contextoanalisisperiodistico.com\/wp-content\/uploads\/2026\/03\/IMG-20260313-WA0145-1115x715.jpg",1115,715,true],"covernews-slider-center":["https:\/\/contextoanalisisperiodistico.com\/wp-content\/uploads\/2026\/03\/IMG-20260313-WA0145-800x500.jpg",800,500,true],"covernews-featured":["https:\/\/contextoanalisisperiodistico.com\/wp-content\/uploads\/2026\/03\/IMG-20260313-WA0145-1024x683.jpg",1024,683,true],"covernews-medium":["https:\/\/contextoanalisisperiodistico.com\/wp-content\/uploads\/2026\/03\/IMG-20260313-WA0145-540x340.jpg",540,340,true],"covernews-medium-square":["https:\/\/contextoanalisisperiodistico.com\/wp-content\/uploads\/2026\/03\/IMG-20260313-WA0145-400x250.jpg",400,250,true]},"author_info":{"display_name":"Mario Gir\u00f3n","author_link":"https:\/\/contextoanalisisperiodistico.com\/index.php\/author\/director\/"},"category_info":"<a href=\"https:\/\/contextoanalisisperiodistico.com\/index.php\/category\/politica\/\" rel=\"category tag\">Pol\u00edtica<\/a>","tag_info":"Pol\u00edtica","comment_count":"0","jetpack_featured_media_url":"https:\/\/contextoanalisisperiodistico.com\/wp-content\/uploads\/2026\/03\/IMG-20260313-WA0145.jpg","_links":{"self":[{"href":"https:\/\/contextoanalisisperiodistico.com\/index.php\/wp-json\/wp\/v2\/posts\/52040"}],"collection":[{"href":"https:\/\/contextoanalisisperiodistico.com\/index.php\/wp-json\/wp\/v2\/posts"}],"about":[{"href":"https:\/\/contextoanalisisperiodistico.com\/index.php\/wp-json\/wp\/v2\/types\/post"}],"author":[{"embeddable":true,"href":"https:\/\/contextoanalisisperiodistico.com\/index.php\/wp-json\/wp\/v2\/users\/4"}],"replies":[{"embeddable":true,"href":"https:\/\/contextoanalisisperiodistico.com\/index.php\/wp-json\/wp\/v2\/comments?post=52040"}],"version-history":[{"count":0,"href":"https:\/\/contextoanalisisperiodistico.com\/index.php\/wp-json\/wp\/v2\/posts\/52040\/revisions"}],"wp:featuredmedia":[{"embeddable":true,"href":"https:\/\/contextoanalisisperiodistico.com\/index.php\/wp-json\/wp\/v2\/media\/52034"}],"wp:attachment":[{"href":"https:\/\/contextoanalisisperiodistico.com\/index.php\/wp-json\/wp\/v2\/media?parent=52040"}],"wp:term":[{"taxonomy":"category","embeddable":true,"href":"https:\/\/contextoanalisisperiodistico.com\/index.php\/wp-json\/wp\/v2\/categories?post=52040"},{"taxonomy":"post_tag","embeddable":true,"href":"https:\/\/contextoanalisisperiodistico.com\/index.php\/wp-json\/wp\/v2\/tags?post=52040"}],"curies":[{"name":"wp","href":"https:\/\/api.w.org\/{rel}","templated":true}]}}