{"id":52033,"date":"2026-03-13T20:52:18","date_gmt":"2026-03-14T02:52:18","guid":{"rendered":"https:\/\/contextoanalisisperiodistico.com\/index.php\/2026\/03\/13\/certifica-sso-a-dos-escuelas-como-promotoras-de-la-salud-en-el-istmo\/"},"modified":"2026-03-13T20:52:18","modified_gmt":"2026-03-14T02:52:18","slug":"certifica-sso-a-dos-escuelas-como-promotoras-de-la-salud-en-el-istmo","status":"publish","type":"post","link":"https:\/\/contextoanalisisperiodistico.com\/index.php\/2026\/03\/13\/certifica-sso-a-dos-escuelas-como-promotoras-de-la-salud-en-el-istmo\/","title":{"rendered":"CERTIFICA SSO A DOS ESCUELAS COMO PROMOTORAS DE LA SALUD EN EL ISTMO"},"content":{"rendered":"<div id=\"fb-root\"><\/div>\n\n<p>\u2728Servicios de Salud de Oaxaca (SSO), a trav\u00e9s de la Jurisdicci\u00f3n Sanitaria 2 Istmo realiz\u00f3 la certificaci\u00f3n e izamiento de \u201cBandera Blanca\u201d a dos instituciones educativas de la regi\u00f3n, como Escuelas Promotoras de la Salud.<\/p>\n\n\n\n<figure class=\"wp-block-image size-large\"><img fetchpriority=\"high\" decoding=\"async\" width=\"576\" height=\"1024\" src=\"https:\/\/contextoanalisisperiodistico.com\/wp-content\/uploads\/2026\/03\/img-20260313-wa01816284330757001122987-576x1024.jpg\" alt=\"\" class=\"wp-image-52031\" srcset=\"https:\/\/contextoanalisisperiodistico.com\/wp-content\/uploads\/2026\/03\/img-20260313-wa01816284330757001122987-576x1024.jpg 576w, https:\/\/contextoanalisisperiodistico.com\/wp-content\/uploads\/2026\/03\/img-20260313-wa01816284330757001122987-169x300.jpg 169w, https:\/\/contextoanalisisperiodistico.com\/wp-content\/uploads\/2026\/03\/img-20260313-wa01816284330757001122987-768x1365.jpg 768w, https:\/\/contextoanalisisperiodistico.com\/wp-content\/uploads\/2026\/03\/img-20260313-wa01816284330757001122987-864x1536.jpg 864w, https:\/\/contextoanalisisperiodistico.com\/wp-content\/uploads\/2026\/03\/img-20260313-wa01816284330757001122987.jpg 900w\" sizes=\"(max-width: 576px) 100vw, 576px\" \/><\/figure>\n\n\n\n<figure class=\"wp-block-image\"><img decoding=\"async\" width=\"1024\" height=\"684\" src=\"https:\/\/contextoanalisisperiodistico.com\/wp-content\/uploads\/2026\/03\/img-20260313-wa01826141130651821852218-1024x684.jpg\" alt=\"\" class=\"wp-image-52032\" srcset=\"https:\/\/contextoanalisisperiodistico.com\/wp-content\/uploads\/2026\/03\/img-20260313-wa01826141130651821852218-1024x684.jpg 1024w, https:\/\/contextoanalisisperiodistico.com\/wp-content\/uploads\/2026\/03\/img-20260313-wa01826141130651821852218-300x200.jpg 300w, https:\/\/contextoanalisisperiodistico.com\/wp-content\/uploads\/2026\/03\/img-20260313-wa01826141130651821852218-768x513.jpg 768w, https:\/\/contextoanalisisperiodistico.com\/wp-content\/uploads\/2026\/03\/img-20260313-wa01826141130651821852218-1536x1025.jpg 1536w, https:\/\/contextoanalisisperiodistico.com\/wp-content\/uploads\/2026\/03\/img-20260313-wa01826141130651821852218.jpg 1600w\" sizes=\"(max-width: 1024px) 100vw, 1024px\" \/><\/figure>\n\n\n\n<p><em>ESCUELAS RECONOCIDAS<\/em><\/p>\n\n\n\n<p>\ud83c\udfebPrimaria \u201cCristino L\u00f3pez Ord\u00f3\u00f1ez\u201d del municipio El Espinal<br \/>\ud83c\udfebPreescolar \u201cAdolfo L\u00f3pez Mateos\u201d de la comunidad 20 de Noviembre \u201cEl Morro\u201d de San Francisco Ixhuat\u00e1n<\/p>\n\n\n\n<p><em>\u00bfQU\u00c9 SIGNIFICA TENER BANDERA BLANCA?<\/em><br \/>-Fomentar la prevenci\u00f3n de enfermedades<br \/>-Promover una vida saludable<br \/>-Tener participaci\u00f3n comunitaria<br \/>-Trabajo coordinado con otros sectores<\/p>\n\n\n\n<p>\u2705Tiene una vigencia de tres a\u00f1os, y es otorgada por la Secretar\u00eda de Salud en coordinaci\u00f3n con la Secretar\u00eda de Educaci\u00f3n P\u00fablica (SEP)<\/p>\n\n\n\n<p>\ud83d\udccbSe evaluaron 22 criterios que se dividen en cuatro ejes<\/p>\n","protected":false},"excerpt":{"rendered":"<p>\u2728Servicios de Salud de Oaxaca (SSO), a trav\u00e9s de la Jurisdicci\u00f3n Sanitaria 2 Istmo realiz\u00f3&#8230;<\/p>\n","protected":false},"author":4,"featured_media":52030,"comment_status":"","ping_status":"open","sticky":false,"template":"","format":"standard","meta":{"footnotes":""},"categories":[92],"tags":[316],"jetpack_sharing_enabled":true,"featured_image_urls":{"full":["https:\/\/contextoanalisisperiodistico.com\/wp-content\/uploads\/2026\/03\/IMG-20260313-WA0180.jpg",1600,900,false],"thumbnail":["https:\/\/contextoanalisisperiodistico.com\/wp-content\/uploads\/2026\/03\/IMG-20260313-WA0180-150x150.jpg",150,150,true],"medium":["https:\/\/contextoanalisisperiodistico.com\/wp-content\/uploads\/2026\/03\/IMG-20260313-WA0180-300x169.jpg",300,169,true],"medium_large":["https:\/\/contextoanalisisperiodistico.com\/wp-content\/uploads\/2026\/03\/IMG-20260313-WA0180-768x432.jpg",640,360,true],"large":["https:\/\/contextoanalisisperiodistico.com\/wp-content\/uploads\/2026\/03\/IMG-20260313-WA0180-1024x576.jpg",640,360,true],"1536x1536":["https:\/\/contextoanalisisperiodistico.com\/wp-content\/uploads\/2026\/03\/IMG-20260313-WA0180-1536x864.jpg",1536,864,true],"2048x2048":["https:\/\/contextoanalisisperiodistico.com\/wp-content\/uploads\/2026\/03\/IMG-20260313-WA0180.jpg",1600,900,false],"covernews-slider-full":["https:\/\/contextoanalisisperiodistico.com\/wp-content\/uploads\/2026\/03\/IMG-20260313-WA0180-1115x715.jpg",1115,715,true],"covernews-slider-center":["https:\/\/contextoanalisisperiodistico.com\/wp-content\/uploads\/2026\/03\/IMG-20260313-WA0180-800x500.jpg",800,500,true],"covernews-featured":["https:\/\/contextoanalisisperiodistico.com\/wp-content\/uploads\/2026\/03\/IMG-20260313-WA0180-1024x576.jpg",1024,576,true],"covernews-medium":["https:\/\/contextoanalisisperiodistico.com\/wp-content\/uploads\/2026\/03\/IMG-20260313-WA0180-540x340.jpg",540,340,true],"covernews-medium-square":["https:\/\/contextoanalisisperiodistico.com\/wp-content\/uploads\/2026\/03\/IMG-20260313-WA0180-400x250.jpg",400,250,true]},"author_info":{"display_name":"Mario Gir\u00f3n","author_link":"https:\/\/contextoanalisisperiodistico.com\/index.php\/author\/director\/"},"category_info":"<a href=\"https:\/\/contextoanalisisperiodistico.com\/index.php\/category\/salud\/\" rel=\"category tag\">Salud<\/a>","tag_info":"Salud","comment_count":"0","jetpack_featured_media_url":"https:\/\/contextoanalisisperiodistico.com\/wp-content\/uploads\/2026\/03\/IMG-20260313-WA0180.jpg","_links":{"self":[{"href":"https:\/\/contextoanalisisperiodistico.com\/index.php\/wp-json\/wp\/v2\/posts\/52033"}],"collection":[{"href":"https:\/\/contextoanalisisperiodistico.com\/index.php\/wp-json\/wp\/v2\/posts"}],"about":[{"href":"https:\/\/contextoanalisisperiodistico.com\/index.php\/wp-json\/wp\/v2\/types\/post"}],"author":[{"embeddable":true,"href":"https:\/\/contextoanalisisperiodistico.com\/index.php\/wp-json\/wp\/v2\/users\/4"}],"replies":[{"embeddable":true,"href":"https:\/\/contextoanalisisperiodistico.com\/index.php\/wp-json\/wp\/v2\/comments?post=52033"}],"version-history":[{"count":0,"href":"https:\/\/contextoanalisisperiodistico.com\/index.php\/wp-json\/wp\/v2\/posts\/52033\/revisions"}],"wp:featuredmedia":[{"embeddable":true,"href":"https:\/\/contextoanalisisperiodistico.com\/index.php\/wp-json\/wp\/v2\/media\/52030"}],"wp:attachment":[{"href":"https:\/\/contextoanalisisperiodistico.com\/index.php\/wp-json\/wp\/v2\/media?parent=52033"}],"wp:term":[{"taxonomy":"category","embeddable":true,"href":"https:\/\/contextoanalisisperiodistico.com\/index.php\/wp-json\/wp\/v2\/categories?post=52033"},{"taxonomy":"post_tag","embeddable":true,"href":"https:\/\/contextoanalisisperiodistico.com\/index.php\/wp-json\/wp\/v2\/tags?post=52033"}],"curies":[{"name":"wp","href":"https:\/\/api.w.org\/{rel}","templated":true}]}}