{"id":52016,"date":"2026-03-13T16:39:45","date_gmt":"2026-03-13T22:39:45","guid":{"rendered":"https:\/\/contextoanalisisperiodistico.com\/index.php\/2026\/03\/13\/regresar-a-mi-pueblo-me-fortalece-nino-morales-reconoce-el-esfuerzo-comunitario-en-san-blas-atempa\/"},"modified":"2026-03-13T16:39:45","modified_gmt":"2026-03-13T22:39:45","slug":"regresar-a-mi-pueblo-me-fortalece-nino-morales-reconoce-el-esfuerzo-comunitario-en-san-blas-atempa","status":"publish","type":"post","link":"https:\/\/contextoanalisisperiodistico.com\/index.php\/2026\/03\/13\/regresar-a-mi-pueblo-me-fortalece-nino-morales-reconoce-el-esfuerzo-comunitario-en-san-blas-atempa\/","title":{"rendered":"\u200b\u201cRegresar a mi pueblo me fortalece\u201d: Nino Morales reconoce el esfuerzo comunitario en San Blas Atempa"},"content":{"rendered":"<div id=\"fb-root\"><\/div>\n\n<p>\u2022 El legislador zapoteco Nino Morales destac\u00f3 la importancia del trabajo comunitario y la unidad ind\u00edgena durante la inauguraci\u00f3n de la capilla del pante\u00f3n en la Agencia de Santa Rosa de Lima<\/p>\n\n\n\n<p>\u00abRegresar a mi pueblo querido y platicar con mis hermanas y hermanos ind\u00edgenas me fortalece en el camino de la transformaci\u00f3n\u00bb, con emoci\u00f3n reconoci\u00f3 #NinoMorales, legislador zapoteco, al&nbsp; participar en la inauguraci\u00f3n de la capilla del pante\u00f3n de la Agencia de Santa Rosa de Lima, en San Blas Atempa.<\/p>\n\n\n\n<p>Destac\u00f3: <\/p>\n\n\n\n<p>\u00abAgradezco la invitaci\u00f3n de Octavio C\u00e9sar Morales, as\u00ed como de Luciano Landiz Aquino, agente municipal, y de Rigoberto Morales Rold\u00e1n, suplente de la Agencia Municipal de Santa Rosa de Lima\u00bb.<\/p>\n\n\n\n<p>\u00abReconozco su trabajo y el esfuerzo de toda la comunidad para hacer posible esta importante obra.\u00bb, se\u00f1al\u00f3 en sus redes sociales.<\/p>\n\n\n\n<h1 class=\"wp-block-heading\"><\/h1>\n\n\n\n<figure class=\"wp-block-image size-large\"><img fetchpriority=\"high\" decoding=\"async\" width=\"699\" height=\"521\" src=\"https:\/\/contextoanalisisperiodistico.com\/wp-content\/uploads\/2026\/03\/img_20260313_1637036479805281348955729.jpg\" alt=\"\" class=\"wp-image-52014\" srcset=\"https:\/\/contextoanalisisperiodistico.com\/wp-content\/uploads\/2026\/03\/img_20260313_1637036479805281348955729.jpg 699w, https:\/\/contextoanalisisperiodistico.com\/wp-content\/uploads\/2026\/03\/img_20260313_1637036479805281348955729-300x224.jpg 300w\" sizes=\"(max-width: 699px) 100vw, 699px\" \/><\/figure>\n\n\n\n<figure class=\"wp-block-image\"><img decoding=\"async\" width=\"300\" height=\"296\" src=\"https:\/\/contextoanalisisperiodistico.com\/wp-content\/uploads\/2026\/03\/img_20260313_1637413859857746535035149-300x296.jpg\" alt=\"\" class=\"wp-image-52013\" srcset=\"https:\/\/contextoanalisisperiodistico.com\/wp-content\/uploads\/2026\/03\/img_20260313_1637413859857746535035149-300x296.jpg 300w, https:\/\/contextoanalisisperiodistico.com\/wp-content\/uploads\/2026\/03\/img_20260313_1637413859857746535035149.jpg 720w\" sizes=\"(max-width: 300px) 100vw, 300px\" \/><\/figure>\n\n\n\n<figure class=\"wp-block-image\"><img decoding=\"async\" width=\"300\" height=\"222\" src=\"https:\/\/contextoanalisisperiodistico.com\/wp-content\/uploads\/2026\/03\/img_20260313_1636347874891828875110460-300x222.jpg\" alt=\"\" class=\"wp-image-52015\" srcset=\"https:\/\/contextoanalisisperiodistico.com\/wp-content\/uploads\/2026\/03\/img_20260313_1636347874891828875110460-300x222.jpg 300w, https:\/\/contextoanalisisperiodistico.com\/wp-content\/uploads\/2026\/03\/img_20260313_1636347874891828875110460.jpg 711w\" sizes=\"(max-width: 300px) 100vw, 300px\" \/><\/figure>\n","protected":false},"excerpt":{"rendered":"<p>\u2022 El legislador zapoteco Nino Morales destac\u00f3 la importancia del trabajo comunitario y la unidad&#8230;<\/p>\n","protected":false},"author":4,"featured_media":52012,"comment_status":"","ping_status":"open","sticky":false,"template":"","format":"standard","meta":{"footnotes":""},"categories":[9],"tags":[396],"jetpack_sharing_enabled":true,"featured_image_urls":{"full":["https:\/\/contextoanalisisperiodistico.com\/wp-content\/uploads\/2026\/03\/Screenshot_2026-03-13-16-38-35-90_99c04817c0de5652397fc8b56c3b3817.jpg",716,538,false],"thumbnail":["https:\/\/contextoanalisisperiodistico.com\/wp-content\/uploads\/2026\/03\/Screenshot_2026-03-13-16-38-35-90_99c04817c0de5652397fc8b56c3b3817-150x150.jpg",150,150,true],"medium":["https:\/\/contextoanalisisperiodistico.com\/wp-content\/uploads\/2026\/03\/Screenshot_2026-03-13-16-38-35-90_99c04817c0de5652397fc8b56c3b3817-300x225.jpg",300,225,true],"medium_large":["https:\/\/contextoanalisisperiodistico.com\/wp-content\/uploads\/2026\/03\/Screenshot_2026-03-13-16-38-35-90_99c04817c0de5652397fc8b56c3b3817.jpg",640,481,false],"large":["https:\/\/contextoanalisisperiodistico.com\/wp-content\/uploads\/2026\/03\/Screenshot_2026-03-13-16-38-35-90_99c04817c0de5652397fc8b56c3b3817.jpg",640,481,false],"1536x1536":["https:\/\/contextoanalisisperiodistico.com\/wp-content\/uploads\/2026\/03\/Screenshot_2026-03-13-16-38-35-90_99c04817c0de5652397fc8b56c3b3817.jpg",716,538,false],"2048x2048":["https:\/\/contextoanalisisperiodistico.com\/wp-content\/uploads\/2026\/03\/Screenshot_2026-03-13-16-38-35-90_99c04817c0de5652397fc8b56c3b3817.jpg",716,538,false],"covernews-slider-full":["https:\/\/contextoanalisisperiodistico.com\/wp-content\/uploads\/2026\/03\/Screenshot_2026-03-13-16-38-35-90_99c04817c0de5652397fc8b56c3b3817.jpg",716,538,false],"covernews-slider-center":["https:\/\/contextoanalisisperiodistico.com\/wp-content\/uploads\/2026\/03\/Screenshot_2026-03-13-16-38-35-90_99c04817c0de5652397fc8b56c3b3817-716x500.jpg",716,500,true],"covernews-featured":["https:\/\/contextoanalisisperiodistico.com\/wp-content\/uploads\/2026\/03\/Screenshot_2026-03-13-16-38-35-90_99c04817c0de5652397fc8b56c3b3817.jpg",716,538,false],"covernews-medium":["https:\/\/contextoanalisisperiodistico.com\/wp-content\/uploads\/2026\/03\/Screenshot_2026-03-13-16-38-35-90_99c04817c0de5652397fc8b56c3b3817-540x340.jpg",540,340,true],"covernews-medium-square":["https:\/\/contextoanalisisperiodistico.com\/wp-content\/uploads\/2026\/03\/Screenshot_2026-03-13-16-38-35-90_99c04817c0de5652397fc8b56c3b3817-400x250.jpg",400,250,true]},"author_info":{"display_name":"Mario Gir\u00f3n","author_link":"https:\/\/contextoanalisisperiodistico.com\/index.php\/author\/director\/"},"category_info":"<a href=\"https:\/\/contextoanalisisperiodistico.com\/index.php\/category\/politica\/\" rel=\"category tag\">Pol\u00edtica<\/a>","tag_info":"Pol\u00edtica","comment_count":"0","jetpack_featured_media_url":"https:\/\/contextoanalisisperiodistico.com\/wp-content\/uploads\/2026\/03\/Screenshot_2026-03-13-16-38-35-90_99c04817c0de5652397fc8b56c3b3817.jpg","_links":{"self":[{"href":"https:\/\/contextoanalisisperiodistico.com\/index.php\/wp-json\/wp\/v2\/posts\/52016"}],"collection":[{"href":"https:\/\/contextoanalisisperiodistico.com\/index.php\/wp-json\/wp\/v2\/posts"}],"about":[{"href":"https:\/\/contextoanalisisperiodistico.com\/index.php\/wp-json\/wp\/v2\/types\/post"}],"author":[{"embeddable":true,"href":"https:\/\/contextoanalisisperiodistico.com\/index.php\/wp-json\/wp\/v2\/users\/4"}],"replies":[{"embeddable":true,"href":"https:\/\/contextoanalisisperiodistico.com\/index.php\/wp-json\/wp\/v2\/comments?post=52016"}],"version-history":[{"count":0,"href":"https:\/\/contextoanalisisperiodistico.com\/index.php\/wp-json\/wp\/v2\/posts\/52016\/revisions"}],"wp:featuredmedia":[{"embeddable":true,"href":"https:\/\/contextoanalisisperiodistico.com\/index.php\/wp-json\/wp\/v2\/media\/52012"}],"wp:attachment":[{"href":"https:\/\/contextoanalisisperiodistico.com\/index.php\/wp-json\/wp\/v2\/media?parent=52016"}],"wp:term":[{"taxonomy":"category","embeddable":true,"href":"https:\/\/contextoanalisisperiodistico.com\/index.php\/wp-json\/wp\/v2\/categories?post=52016"},{"taxonomy":"post_tag","embeddable":true,"href":"https:\/\/contextoanalisisperiodistico.com\/index.php\/wp-json\/wp\/v2\/tags?post=52016"}],"curies":[{"name":"wp","href":"https:\/\/api.w.org\/{rel}","templated":true}]}}