{"id":51993,"date":"2026-03-12T21:08:27","date_gmt":"2026-03-13T03:08:27","guid":{"rendered":"https:\/\/contextoanalisisperiodistico.com\/index.php\/2026\/03\/12\/inaugura-salomon-jara-la-xx-reunion-internacional-de-abogados-penalistas-en-oaxaca\/"},"modified":"2026-03-12T21:08:27","modified_gmt":"2026-03-13T03:08:27","slug":"inaugura-salomon-jara-la-xx-reunion-internacional-de-abogados-penalistas-en-oaxaca","status":"publish","type":"post","link":"https:\/\/contextoanalisisperiodistico.com\/index.php\/2026\/03\/12\/inaugura-salomon-jara-la-xx-reunion-internacional-de-abogados-penalistas-en-oaxaca\/","title":{"rendered":"Inaugura Salom\u00f3n Jara la XX Reuni\u00f3n Internacional de Abogados Penalistas en Oaxaca"},"content":{"rendered":"<div id=\"fb-root\"><\/div>\n\n<p>\u2022 M\u00e1s de mil especialistas nacionales e internacionales participan en este encuentro acad\u00e9mico<\/p>\n\n\n\n<figure class=\"wp-block-image size-large\"><img fetchpriority=\"high\" decoding=\"async\" width=\"1024\" height=\"683\" src=\"https:\/\/contextoanalisisperiodistico.com\/wp-content\/uploads\/2026\/03\/img-20260312-wa02199048331063033238733-1024x683.jpg\" alt=\"\" class=\"wp-image-51990\" srcset=\"https:\/\/contextoanalisisperiodistico.com\/wp-content\/uploads\/2026\/03\/img-20260312-wa02199048331063033238733-1024x683.jpg 1024w, https:\/\/contextoanalisisperiodistico.com\/wp-content\/uploads\/2026\/03\/img-20260312-wa02199048331063033238733-300x200.jpg 300w, https:\/\/contextoanalisisperiodistico.com\/wp-content\/uploads\/2026\/03\/img-20260312-wa02199048331063033238733-768x512.jpg 768w, https:\/\/contextoanalisisperiodistico.com\/wp-content\/uploads\/2026\/03\/img-20260312-wa02199048331063033238733.jpg 1280w\" sizes=\"(max-width: 1024px) 100vw, 1024px\" \/><\/figure>\n\n\n\n<figure class=\"wp-block-image\"><img decoding=\"async\" width=\"1024\" height=\"683\" src=\"https:\/\/contextoanalisisperiodistico.com\/wp-content\/uploads\/2026\/03\/img-20260312-wa02166731728365117417355-1024x683.jpg\" alt=\"\" class=\"wp-image-51991\" srcset=\"https:\/\/contextoanalisisperiodistico.com\/wp-content\/uploads\/2026\/03\/img-20260312-wa02166731728365117417355-1024x683.jpg 1024w, https:\/\/contextoanalisisperiodistico.com\/wp-content\/uploads\/2026\/03\/img-20260312-wa02166731728365117417355-300x200.jpg 300w, https:\/\/contextoanalisisperiodistico.com\/wp-content\/uploads\/2026\/03\/img-20260312-wa02166731728365117417355-768x512.jpg 768w, https:\/\/contextoanalisisperiodistico.com\/wp-content\/uploads\/2026\/03\/img-20260312-wa02166731728365117417355.jpg 1280w\" sizes=\"(max-width: 1024px) 100vw, 1024px\" \/><\/figure>\n\n\n\n<figure class=\"wp-block-image\"><img decoding=\"async\" width=\"1024\" height=\"684\" src=\"https:\/\/contextoanalisisperiodistico.com\/wp-content\/uploads\/2026\/03\/img-20260312-wa0218824218896929809486-1024x684.jpg\" alt=\"\" class=\"wp-image-51992\" srcset=\"https:\/\/contextoanalisisperiodistico.com\/wp-content\/uploads\/2026\/03\/img-20260312-wa0218824218896929809486-1024x684.jpg 1024w, https:\/\/contextoanalisisperiodistico.com\/wp-content\/uploads\/2026\/03\/img-20260312-wa0218824218896929809486-300x200.jpg 300w, https:\/\/contextoanalisisperiodistico.com\/wp-content\/uploads\/2026\/03\/img-20260312-wa0218824218896929809486-768x513.jpg 768w, https:\/\/contextoanalisisperiodistico.com\/wp-content\/uploads\/2026\/03\/img-20260312-wa0218824218896929809486-1536x1026.jpg 1536w, https:\/\/contextoanalisisperiodistico.com\/wp-content\/uploads\/2026\/03\/img-20260312-wa0218824218896929809486.jpg 1600w\" sizes=\"(max-width: 1024px) 100vw, 1024px\" \/><\/figure>\n\n\n\n<p>Santa Luc\u00eda del Camino, Oax. 12 de marzo de 2026.- El Gobernador Salom\u00f3n Jara Cruz inaugur\u00f3 la XX Reuni\u00f3n Internacional de Abogados Penalistas Oaxaca 2026, que se realiza en el Centro Cultural y de Convenciones de Oaxaca, donde m\u00e1s de mil especialistas nacionales e internacionales analizan los retos actuales del derecho penal.<\/p>\n\n\n\n<p>Durante su mensaje inaugural, el Mandatario estatal destac\u00f3 que este encuentro representa una valiosa oportunidad para analizar los desaf\u00edos contempor\u00e1neos del derecho penal y fortalecer el intercambio de conocimientos entre especialistas de M\u00e9xico y de distintos pa\u00edses.<\/p>\n\n\n\n<p>\u201cEl derecho no es \u00fanicamente un conjunto de normas, es un instrumento para preservar la dignidad humana, para garantizar libertades y para construir sociedades m\u00e1s justas\u201d, expres\u00f3 el titular del Poder Ejecutivo.<\/p>\n\n\n\n<p>Por su parte, la magistrada presidenta del Tribunal Superior de Justicia de Oaxaca, Erika Mar\u00eda Rodr\u00edguez Rodr\u00edguez, se\u00f1al\u00f3 que en la entidad conviven sistemas normativos ind\u00edgenas con el derecho positivo, por lo que el pluralismo jur\u00eddico representa una realidad viva que fortalece la justicia.<\/p>\n\n\n\n<p>En este encuentro acad\u00e9mico participan juristas, magistrados, jueces y especialistas provenientes de pa\u00edses como Chile, Argentina, Per\u00fa, Colombia, Italia y Espa\u00f1a entre otros, quienes durante tres d\u00edas intercambiar\u00e1n experiencias y conocimientos en torno a temas como neurociencia, inteligencia artificial, perspectiva de g\u00e9nero, razonamiento probatorio y pluralismo jur\u00eddico<\/p>\n\n\n\n<p>-0-<\/p>\n","protected":false},"excerpt":{"rendered":"<p>\u2022 M\u00e1s de mil especialistas nacionales e internacionales participan en este encuentro acad\u00e9mico Santa Luc\u00eda&#8230;<\/p>\n","protected":false},"author":4,"featured_media":51989,"comment_status":"","ping_status":"open","sticky":false,"template":"","format":"standard","meta":{"footnotes":""},"categories":[9],"tags":[316],"jetpack_sharing_enabled":true,"featured_image_urls":{"full":["https:\/\/contextoanalisisperiodistico.com\/wp-content\/uploads\/2026\/03\/IMG-20260312-WA0217.jpg",1600,1031,false],"thumbnail":["https:\/\/contextoanalisisperiodistico.com\/wp-content\/uploads\/2026\/03\/IMG-20260312-WA0217-150x150.jpg",150,150,true],"medium":["https:\/\/contextoanalisisperiodistico.com\/wp-content\/uploads\/2026\/03\/IMG-20260312-WA0217-300x193.jpg",300,193,true],"medium_large":["https:\/\/contextoanalisisperiodistico.com\/wp-content\/uploads\/2026\/03\/IMG-20260312-WA0217-768x495.jpg",640,413,true],"large":["https:\/\/contextoanalisisperiodistico.com\/wp-content\/uploads\/2026\/03\/IMG-20260312-WA0217-1024x660.jpg",640,413,true],"1536x1536":["https:\/\/contextoanalisisperiodistico.com\/wp-content\/uploads\/2026\/03\/IMG-20260312-WA0217-1536x990.jpg",1536,990,true],"2048x2048":["https:\/\/contextoanalisisperiodistico.com\/wp-content\/uploads\/2026\/03\/IMG-20260312-WA0217.jpg",1600,1031,false],"covernews-slider-full":["https:\/\/contextoanalisisperiodistico.com\/wp-content\/uploads\/2026\/03\/IMG-20260312-WA0217-1115x715.jpg",1115,715,true],"covernews-slider-center":["https:\/\/contextoanalisisperiodistico.com\/wp-content\/uploads\/2026\/03\/IMG-20260312-WA0217-800x500.jpg",800,500,true],"covernews-featured":["https:\/\/contextoanalisisperiodistico.com\/wp-content\/uploads\/2026\/03\/IMG-20260312-WA0217-1024x660.jpg",1024,660,true],"covernews-medium":["https:\/\/contextoanalisisperiodistico.com\/wp-content\/uploads\/2026\/03\/IMG-20260312-WA0217-540x340.jpg",540,340,true],"covernews-medium-square":["https:\/\/contextoanalisisperiodistico.com\/wp-content\/uploads\/2026\/03\/IMG-20260312-WA0217-400x250.jpg",400,250,true]},"author_info":{"display_name":"Mario Gir\u00f3n","author_link":"https:\/\/contextoanalisisperiodistico.com\/index.php\/author\/director\/"},"category_info":"<a href=\"https:\/\/contextoanalisisperiodistico.com\/index.php\/category\/politica\/\" rel=\"category tag\">Pol\u00edtica<\/a>","tag_info":"Pol\u00edtica","comment_count":"0","jetpack_featured_media_url":"https:\/\/contextoanalisisperiodistico.com\/wp-content\/uploads\/2026\/03\/IMG-20260312-WA0217.jpg","_links":{"self":[{"href":"https:\/\/contextoanalisisperiodistico.com\/index.php\/wp-json\/wp\/v2\/posts\/51993"}],"collection":[{"href":"https:\/\/contextoanalisisperiodistico.com\/index.php\/wp-json\/wp\/v2\/posts"}],"about":[{"href":"https:\/\/contextoanalisisperiodistico.com\/index.php\/wp-json\/wp\/v2\/types\/post"}],"author":[{"embeddable":true,"href":"https:\/\/contextoanalisisperiodistico.com\/index.php\/wp-json\/wp\/v2\/users\/4"}],"replies":[{"embeddable":true,"href":"https:\/\/contextoanalisisperiodistico.com\/index.php\/wp-json\/wp\/v2\/comments?post=51993"}],"version-history":[{"count":0,"href":"https:\/\/contextoanalisisperiodistico.com\/index.php\/wp-json\/wp\/v2\/posts\/51993\/revisions"}],"wp:featuredmedia":[{"embeddable":true,"href":"https:\/\/contextoanalisisperiodistico.com\/index.php\/wp-json\/wp\/v2\/media\/51989"}],"wp:attachment":[{"href":"https:\/\/contextoanalisisperiodistico.com\/index.php\/wp-json\/wp\/v2\/media?parent=51993"}],"wp:term":[{"taxonomy":"category","embeddable":true,"href":"https:\/\/contextoanalisisperiodistico.com\/index.php\/wp-json\/wp\/v2\/categories?post=51993"},{"taxonomy":"post_tag","embeddable":true,"href":"https:\/\/contextoanalisisperiodistico.com\/index.php\/wp-json\/wp\/v2\/tags?post=51993"}],"curies":[{"name":"wp","href":"https:\/\/api.w.org\/{rel}","templated":true}]}}