{"id":51988,"date":"2026-03-12T20:52:15","date_gmt":"2026-03-13T02:52:15","guid":{"rendered":"https:\/\/contextoanalisisperiodistico.com\/index.php\/2026\/03\/12\/acciones-para-el-desarrollo-e-infraestructura-no-se-detienen-en-la-sierra-de-juarez\/"},"modified":"2026-03-12T20:52:15","modified_gmt":"2026-03-13T02:52:15","slug":"acciones-para-el-desarrollo-e-infraestructura-no-se-detienen-en-la-sierra-de-juarez","status":"publish","type":"post","link":"https:\/\/contextoanalisisperiodistico.com\/index.php\/2026\/03\/12\/acciones-para-el-desarrollo-e-infraestructura-no-se-detienen-en-la-sierra-de-juarez\/","title":{"rendered":"Acciones para el desarrollo e infraestructura no se detienen en la Sierra de Ju\u00e1rez"},"content":{"rendered":"<div id=\"fb-root\"><\/div>\n\n<p>\u2022 Con m\u00e1s de 14 mdp se concluy\u00f3 la pavimentaci\u00f3n con concreto hidr\u00e1ulico en el entronque a San Pedro Nexicho, en Ixtepeji<\/p>\n\n\n\n<figure class=\"wp-block-image size-large\"><img fetchpriority=\"high\" decoding=\"async\" width=\"1024\" height=\"683\" src=\"https:\/\/contextoanalisisperiodistico.com\/wp-content\/uploads\/2026\/03\/img-20260312-wa01983322081103665214866-1024x683.jpg\" alt=\"\" class=\"wp-image-51980\" srcset=\"https:\/\/contextoanalisisperiodistico.com\/wp-content\/uploads\/2026\/03\/img-20260312-wa01983322081103665214866-1024x683.jpg 1024w, https:\/\/contextoanalisisperiodistico.com\/wp-content\/uploads\/2026\/03\/img-20260312-wa01983322081103665214866-300x200.jpg 300w, https:\/\/contextoanalisisperiodistico.com\/wp-content\/uploads\/2026\/03\/img-20260312-wa01983322081103665214866-768x512.jpg 768w, https:\/\/contextoanalisisperiodistico.com\/wp-content\/uploads\/2026\/03\/img-20260312-wa01983322081103665214866.jpg 1280w\" sizes=\"(max-width: 1024px) 100vw, 1024px\" \/><\/figure>\n\n\n\n<figure class=\"wp-block-image\"><img decoding=\"async\" width=\"1024\" height=\"683\" src=\"https:\/\/contextoanalisisperiodistico.com\/wp-content\/uploads\/2026\/03\/img-20260312-wa01947552374428713888357-1024x683.jpg\" alt=\"\" class=\"wp-image-51981\" srcset=\"https:\/\/contextoanalisisperiodistico.com\/wp-content\/uploads\/2026\/03\/img-20260312-wa01947552374428713888357-1024x683.jpg 1024w, https:\/\/contextoanalisisperiodistico.com\/wp-content\/uploads\/2026\/03\/img-20260312-wa01947552374428713888357-300x200.jpg 300w, https:\/\/contextoanalisisperiodistico.com\/wp-content\/uploads\/2026\/03\/img-20260312-wa01947552374428713888357-768x512.jpg 768w, https:\/\/contextoanalisisperiodistico.com\/wp-content\/uploads\/2026\/03\/img-20260312-wa01947552374428713888357.jpg 1280w\" sizes=\"(max-width: 1024px) 100vw, 1024px\" \/><\/figure>\n\n\n\n<figure class=\"wp-block-image\"><img decoding=\"async\" width=\"1024\" height=\"683\" src=\"https:\/\/contextoanalisisperiodistico.com\/wp-content\/uploads\/2026\/03\/img-20260312-wa01961019555898928924891-1024x683.jpg\" alt=\"\" class=\"wp-image-51982\" srcset=\"https:\/\/contextoanalisisperiodistico.com\/wp-content\/uploads\/2026\/03\/img-20260312-wa01961019555898928924891-1024x683.jpg 1024w, https:\/\/contextoanalisisperiodistico.com\/wp-content\/uploads\/2026\/03\/img-20260312-wa01961019555898928924891-300x200.jpg 300w, https:\/\/contextoanalisisperiodistico.com\/wp-content\/uploads\/2026\/03\/img-20260312-wa01961019555898928924891-768x512.jpg 768w, https:\/\/contextoanalisisperiodistico.com\/wp-content\/uploads\/2026\/03\/img-20260312-wa01961019555898928924891.jpg 1280w\" sizes=\"(max-width: 1024px) 100vw, 1024px\" \/><\/figure>\n\n\n\n<figure class=\"wp-block-image\"><img loading=\"lazy\" decoding=\"async\" width=\"1024\" height=\"683\" src=\"https:\/\/contextoanalisisperiodistico.com\/wp-content\/uploads\/2026\/03\/img-20260312-wa01997372651339444850701-1024x683.jpg\" alt=\"\" class=\"wp-image-51983\" srcset=\"https:\/\/contextoanalisisperiodistico.com\/wp-content\/uploads\/2026\/03\/img-20260312-wa01997372651339444850701-1024x683.jpg 1024w, https:\/\/contextoanalisisperiodistico.com\/wp-content\/uploads\/2026\/03\/img-20260312-wa01997372651339444850701-300x200.jpg 300w, https:\/\/contextoanalisisperiodistico.com\/wp-content\/uploads\/2026\/03\/img-20260312-wa01997372651339444850701-768x512.jpg 768w, https:\/\/contextoanalisisperiodistico.com\/wp-content\/uploads\/2026\/03\/img-20260312-wa01997372651339444850701.jpg 1280w\" sizes=\"(max-width: 1024px) 100vw, 1024px\" \/><\/figure>\n\n\n\n<figure class=\"wp-block-image\"><img loading=\"lazy\" decoding=\"async\" width=\"1024\" height=\"683\" src=\"https:\/\/contextoanalisisperiodistico.com\/wp-content\/uploads\/2026\/03\/img-20260312-wa01974882491483757460419-1024x683.jpg\" alt=\"\" class=\"wp-image-51984\" srcset=\"https:\/\/contextoanalisisperiodistico.com\/wp-content\/uploads\/2026\/03\/img-20260312-wa01974882491483757460419-1024x683.jpg 1024w, https:\/\/contextoanalisisperiodistico.com\/wp-content\/uploads\/2026\/03\/img-20260312-wa01974882491483757460419-300x200.jpg 300w, https:\/\/contextoanalisisperiodistico.com\/wp-content\/uploads\/2026\/03\/img-20260312-wa01974882491483757460419-768x512.jpg 768w, https:\/\/contextoanalisisperiodistico.com\/wp-content\/uploads\/2026\/03\/img-20260312-wa01974882491483757460419.jpg 1280w\" sizes=\"(max-width: 1024px) 100vw, 1024px\" \/><\/figure>\n\n\n\n<figure class=\"wp-block-image\"><img loading=\"lazy\" decoding=\"async\" width=\"1024\" height=\"683\" src=\"https:\/\/contextoanalisisperiodistico.com\/wp-content\/uploads\/2026\/03\/img-20260312-wa02002058127300090511486-1024x683.jpg\" alt=\"\" class=\"wp-image-51985\" srcset=\"https:\/\/contextoanalisisperiodistico.com\/wp-content\/uploads\/2026\/03\/img-20260312-wa02002058127300090511486-1024x683.jpg 1024w, https:\/\/contextoanalisisperiodistico.com\/wp-content\/uploads\/2026\/03\/img-20260312-wa02002058127300090511486-300x200.jpg 300w, https:\/\/contextoanalisisperiodistico.com\/wp-content\/uploads\/2026\/03\/img-20260312-wa02002058127300090511486-768x512.jpg 768w, https:\/\/contextoanalisisperiodistico.com\/wp-content\/uploads\/2026\/03\/img-20260312-wa02002058127300090511486.jpg 1280w\" sizes=\"(max-width: 1024px) 100vw, 1024px\" \/><\/figure>\n\n\n\n<figure class=\"wp-block-image\"><img loading=\"lazy\" decoding=\"async\" width=\"1024\" height=\"683\" src=\"https:\/\/contextoanalisisperiodistico.com\/wp-content\/uploads\/2026\/03\/img-20260312-wa02017025184264122593810-1024x683.jpg\" alt=\"\" class=\"wp-image-51986\" srcset=\"https:\/\/contextoanalisisperiodistico.com\/wp-content\/uploads\/2026\/03\/img-20260312-wa02017025184264122593810-1024x683.jpg 1024w, https:\/\/contextoanalisisperiodistico.com\/wp-content\/uploads\/2026\/03\/img-20260312-wa02017025184264122593810-300x200.jpg 300w, https:\/\/contextoanalisisperiodistico.com\/wp-content\/uploads\/2026\/03\/img-20260312-wa02017025184264122593810-768x512.jpg 768w, https:\/\/contextoanalisisperiodistico.com\/wp-content\/uploads\/2026\/03\/img-20260312-wa02017025184264122593810.jpg 1280w\" sizes=\"(max-width: 1024px) 100vw, 1024px\" \/><\/figure>\n\n\n\n<figure class=\"wp-block-image\"><img loading=\"lazy\" decoding=\"async\" width=\"1024\" height=\"683\" src=\"https:\/\/contextoanalisisperiodistico.com\/wp-content\/uploads\/2026\/03\/img-20260312-wa02023361227495226258819-1024x683.jpg\" alt=\"\" class=\"wp-image-51987\" srcset=\"https:\/\/contextoanalisisperiodistico.com\/wp-content\/uploads\/2026\/03\/img-20260312-wa02023361227495226258819-1024x683.jpg 1024w, https:\/\/contextoanalisisperiodistico.com\/wp-content\/uploads\/2026\/03\/img-20260312-wa02023361227495226258819-300x200.jpg 300w, https:\/\/contextoanalisisperiodistico.com\/wp-content\/uploads\/2026\/03\/img-20260312-wa02023361227495226258819-768x512.jpg 768w, https:\/\/contextoanalisisperiodistico.com\/wp-content\/uploads\/2026\/03\/img-20260312-wa02023361227495226258819.jpg 1280w\" sizes=\"(max-width: 1024px) 100vw, 1024px\" \/><\/figure>\n\n\n\n<p>\u2022 En San Juan Evangelista Analco se concluy\u00f3 el techado de la telesecundaria<\/p>\n\n\n\n<p>Regi\u00f3n Sierra de Ju\u00e1rez, Oax. 12 de marzo de 2026.- Como parte de sus compromisos cumplidos con la ciudadan\u00eda, el Gobernador Salom\u00f3n Jara Cruz visit\u00f3 las demarcaciones de San Juan Evangelista Analco y Santa Catarina Ixtepeji, en donde entreg\u00f3 obras que garantizan el desarrollo y la conectividad de las comunidades.<\/p>\n\n\n\n<p>Durante asambleas comunitarias en estas municipalidades de la Sierra de Ju\u00e1rez, el Mandatario estatal destac\u00f3 que, con una inversi\u00f3n de 14 millones 126 mil pesos, se paviment\u00f3 con concreto hidr\u00e1ulico el entronque de la carretera Oaxaca-Tuxtepec a la localidad de San Pedro Nexicho, perteneciente a Santa Catarina Ixtepeji.<\/p>\n\n\n\n<p>\u201cNosotros, las oaxaque\u00f1as y oaxaque\u00f1os merecemos tener caminos dignos para transportar a nuestras familias, nuestras mercanc\u00edas, siempre trabajaremos con mucho gusto para atender a nuestra poblaci\u00f3n\u201d, dijo.<\/p>\n\n\n\n<p>Anunci\u00f3 que durante este a\u00f1o se destinar\u00e1n recursos suficientes para el campo oaxaque\u00f1o, a fin de impulsar la autosuficiencia y el bienestar de las familias en la Sierra de Ju\u00e1rez. Asimismo, en el ramo educativo, la Primavera Oaxaque\u00f1a se comprometi\u00f3 a entregar equipo de computaci\u00f3n y tecnol\u00f3gico a planteles educativos.<\/p>\n\n\n\n<p>En San Juan Evangelista Analco se concluy\u00f3 el techado de la telesecundaria del lugar, se realiz\u00f3 la construcci\u00f3n de servicios sanitarios en la escuela primaria, y se asign\u00f3 una patrulla a trav\u00e9s del Secretariado Ejecutivo del Sistema Estatal de Seguridad P\u00fablica (SESESP).<\/p>\n\n\n\n<p>De igual forma, se anunci\u00f3 el apoyo hacia las jefas de familia mediante la Tarjeta Margarita Maza por un monto anual de 12 mil pesos a cada beneficiaria, y se iniciar\u00e1 la gesti\u00f3n y asesor\u00eda para comenzar la obra de drenaje en calles de la demarcaci\u00f3n, ba\u00f1os ecol\u00f3gicos y la rehabilitaci\u00f3n del techado del auditorio municipal.<\/p>\n\n\n\n<p>-0-<\/p>\n","protected":false},"excerpt":{"rendered":"<p>\u2022 Con m\u00e1s de 14 mdp se concluy\u00f3 la pavimentaci\u00f3n con concreto hidr\u00e1ulico en el&#8230;<\/p>\n","protected":false},"author":4,"featured_media":51979,"comment_status":"","ping_status":"open","sticky":false,"template":"","format":"standard","meta":{"footnotes":""},"categories":[9],"tags":[316],"jetpack_sharing_enabled":true,"featured_image_urls":{"full":["https:\/\/contextoanalisisperiodistico.com\/wp-content\/uploads\/2026\/03\/IMG-20260312-WA0195.jpg",1280,854,false],"thumbnail":["https:\/\/contextoanalisisperiodistico.com\/wp-content\/uploads\/2026\/03\/IMG-20260312-WA0195-150x150.jpg",150,150,true],"medium":["https:\/\/contextoanalisisperiodistico.com\/wp-content\/uploads\/2026\/03\/IMG-20260312-WA0195-300x200.jpg",300,200,true],"medium_large":["https:\/\/contextoanalisisperiodistico.com\/wp-content\/uploads\/2026\/03\/IMG-20260312-WA0195-768x512.jpg",640,427,true],"large":["https:\/\/contextoanalisisperiodistico.com\/wp-content\/uploads\/2026\/03\/IMG-20260312-WA0195-1024x683.jpg",640,427,true],"1536x1536":["https:\/\/contextoanalisisperiodistico.com\/wp-content\/uploads\/2026\/03\/IMG-20260312-WA0195.jpg",1280,854,false],"2048x2048":["https:\/\/contextoanalisisperiodistico.com\/wp-content\/uploads\/2026\/03\/IMG-20260312-WA0195.jpg",1280,854,false],"covernews-slider-full":["https:\/\/contextoanalisisperiodistico.com\/wp-content\/uploads\/2026\/03\/IMG-20260312-WA0195-1115x715.jpg",1115,715,true],"covernews-slider-center":["https:\/\/contextoanalisisperiodistico.com\/wp-content\/uploads\/2026\/03\/IMG-20260312-WA0195-800x500.jpg",800,500,true],"covernews-featured":["https:\/\/contextoanalisisperiodistico.com\/wp-content\/uploads\/2026\/03\/IMG-20260312-WA0195-1024x683.jpg",1024,683,true],"covernews-medium":["https:\/\/contextoanalisisperiodistico.com\/wp-content\/uploads\/2026\/03\/IMG-20260312-WA0195-540x340.jpg",540,340,true],"covernews-medium-square":["https:\/\/contextoanalisisperiodistico.com\/wp-content\/uploads\/2026\/03\/IMG-20260312-WA0195-400x250.jpg",400,250,true]},"author_info":{"display_name":"Mario Gir\u00f3n","author_link":"https:\/\/contextoanalisisperiodistico.com\/index.php\/author\/director\/"},"category_info":"<a href=\"https:\/\/contextoanalisisperiodistico.com\/index.php\/category\/politica\/\" rel=\"category tag\">Pol\u00edtica<\/a>","tag_info":"Pol\u00edtica","comment_count":"0","jetpack_featured_media_url":"https:\/\/contextoanalisisperiodistico.com\/wp-content\/uploads\/2026\/03\/IMG-20260312-WA0195.jpg","_links":{"self":[{"href":"https:\/\/contextoanalisisperiodistico.com\/index.php\/wp-json\/wp\/v2\/posts\/51988"}],"collection":[{"href":"https:\/\/contextoanalisisperiodistico.com\/index.php\/wp-json\/wp\/v2\/posts"}],"about":[{"href":"https:\/\/contextoanalisisperiodistico.com\/index.php\/wp-json\/wp\/v2\/types\/post"}],"author":[{"embeddable":true,"href":"https:\/\/contextoanalisisperiodistico.com\/index.php\/wp-json\/wp\/v2\/users\/4"}],"replies":[{"embeddable":true,"href":"https:\/\/contextoanalisisperiodistico.com\/index.php\/wp-json\/wp\/v2\/comments?post=51988"}],"version-history":[{"count":0,"href":"https:\/\/contextoanalisisperiodistico.com\/index.php\/wp-json\/wp\/v2\/posts\/51988\/revisions"}],"wp:featuredmedia":[{"embeddable":true,"href":"https:\/\/contextoanalisisperiodistico.com\/index.php\/wp-json\/wp\/v2\/media\/51979"}],"wp:attachment":[{"href":"https:\/\/contextoanalisisperiodistico.com\/index.php\/wp-json\/wp\/v2\/media?parent=51988"}],"wp:term":[{"taxonomy":"category","embeddable":true,"href":"https:\/\/contextoanalisisperiodistico.com\/index.php\/wp-json\/wp\/v2\/categories?post=51988"},{"taxonomy":"post_tag","embeddable":true,"href":"https:\/\/contextoanalisisperiodistico.com\/index.php\/wp-json\/wp\/v2\/tags?post=51988"}],"curies":[{"name":"wp","href":"https:\/\/api.w.org\/{rel}","templated":true}]}}