{"id":51978,"date":"2026-03-12T19:51:36","date_gmt":"2026-03-13T01:51:36","guid":{"rendered":"https:\/\/contextoanalisisperiodistico.com\/index.php\/2026\/03\/12\/trabajo-que-se-ve-obras-que-se-sienten-transformamos-las-calles-de-la-cascada\/"},"modified":"2026-03-12T19:51:36","modified_gmt":"2026-03-13T01:51:36","slug":"trabajo-que-se-ve-obras-que-se-sienten-transformamos-las-calles-de-la-cascada","status":"publish","type":"post","link":"https:\/\/contextoanalisisperiodistico.com\/index.php\/2026\/03\/12\/trabajo-que-se-ve-obras-que-se-sienten-transformamos-las-calles-de-la-cascada\/","title":{"rendered":"Trabajo que se ve, obras que se sienten: Transformamos las calles de La Cascada"},"content":{"rendered":"<div id=\"fb-root\"><\/div>\n\n<p>El programa \u00abTache al Bache\u00bb llega a Circuito M\u00e1rtires del R\u00edo Blanco y F\u00e9lix Romero para devolver la seguridad y movilidad a las familias<\/p>\n\n\n\n<p>En Circuito M\u00e1rtires del R\u00edo Blanco y en calle F\u00e9lix Romero, tramo de Pirineos, colonia La Cascada, se realizaron trabajos del programa Tache al Bache.<\/p>\n\n\n\n<figure class=\"wp-block-video\"><video controls src=\"https:\/\/contextoanalisisperiodistico.com\/wp-content\/uploads\/2026\/03\/VID-20260312-WA0221.mp4\"><\/video><\/figure>\n\n\n\n<p>Vecinas y vecinos comparten sus testimonios y agradecen las acciones que hoy permiten contar con calles en mejores condiciones.<\/p>\n","protected":false},"excerpt":{"rendered":"<p>El programa \u00abTache al Bache\u00bb llega a Circuito M\u00e1rtires del R\u00edo Blanco y F\u00e9lix Romero&#8230;<\/p>\n","protected":false},"author":4,"featured_media":51976,"comment_status":"","ping_status":"open","sticky":false,"template":"","format":"standard","meta":{"footnotes":""},"categories":[9],"tags":[353,359,380],"jetpack_sharing_enabled":true,"featured_image_urls":{"full":["https:\/\/contextoanalisisperiodistico.com\/wp-content\/uploads\/2026\/03\/IMG_20260312_194648.jpg",720,1250,false],"thumbnail":["https:\/\/contextoanalisisperiodistico.com\/wp-content\/uploads\/2026\/03\/IMG_20260312_194648-150x150.jpg",150,150,true],"medium":["https:\/\/contextoanalisisperiodistico.com\/wp-content\/uploads\/2026\/03\/IMG_20260312_194648-173x300.jpg",173,300,true],"medium_large":["https:\/\/contextoanalisisperiodistico.com\/wp-content\/uploads\/2026\/03\/IMG_20260312_194648.jpg",640,1111,false],"large":["https:\/\/contextoanalisisperiodistico.com\/wp-content\/uploads\/2026\/03\/IMG_20260312_194648-590x1024.jpg",590,1024,true],"1536x1536":["https:\/\/contextoanalisisperiodistico.com\/wp-content\/uploads\/2026\/03\/IMG_20260312_194648.jpg",720,1250,false],"2048x2048":["https:\/\/contextoanalisisperiodistico.com\/wp-content\/uploads\/2026\/03\/IMG_20260312_194648.jpg",720,1250,false],"covernews-slider-full":["https:\/\/contextoanalisisperiodistico.com\/wp-content\/uploads\/2026\/03\/IMG_20260312_194648-720x715.jpg",720,715,true],"covernews-slider-center":["https:\/\/contextoanalisisperiodistico.com\/wp-content\/uploads\/2026\/03\/IMG_20260312_194648-720x500.jpg",720,500,true],"covernews-featured":["https:\/\/contextoanalisisperiodistico.com\/wp-content\/uploads\/2026\/03\/IMG_20260312_194648.jpg",720,1250,false],"covernews-medium":["https:\/\/contextoanalisisperiodistico.com\/wp-content\/uploads\/2026\/03\/IMG_20260312_194648-540x340.jpg",540,340,true],"covernews-medium-square":["https:\/\/contextoanalisisperiodistico.com\/wp-content\/uploads\/2026\/03\/IMG_20260312_194648-400x250.jpg",400,250,true]},"author_info":{"display_name":"Mario Gir\u00f3n","author_link":"https:\/\/contextoanalisisperiodistico.com\/index.php\/author\/director\/"},"category_info":"<a href=\"https:\/\/contextoanalisisperiodistico.com\/index.php\/category\/politica\/\" rel=\"category tag\">Pol\u00edtica<\/a>","tag_info":"Pol\u00edtica","comment_count":"0","jetpack_featured_media_url":"https:\/\/contextoanalisisperiodistico.com\/wp-content\/uploads\/2026\/03\/IMG_20260312_194648.jpg","_links":{"self":[{"href":"https:\/\/contextoanalisisperiodistico.com\/index.php\/wp-json\/wp\/v2\/posts\/51978"}],"collection":[{"href":"https:\/\/contextoanalisisperiodistico.com\/index.php\/wp-json\/wp\/v2\/posts"}],"about":[{"href":"https:\/\/contextoanalisisperiodistico.com\/index.php\/wp-json\/wp\/v2\/types\/post"}],"author":[{"embeddable":true,"href":"https:\/\/contextoanalisisperiodistico.com\/index.php\/wp-json\/wp\/v2\/users\/4"}],"replies":[{"embeddable":true,"href":"https:\/\/contextoanalisisperiodistico.com\/index.php\/wp-json\/wp\/v2\/comments?post=51978"}],"version-history":[{"count":0,"href":"https:\/\/contextoanalisisperiodistico.com\/index.php\/wp-json\/wp\/v2\/posts\/51978\/revisions"}],"wp:featuredmedia":[{"embeddable":true,"href":"https:\/\/contextoanalisisperiodistico.com\/index.php\/wp-json\/wp\/v2\/media\/51976"}],"wp:attachment":[{"href":"https:\/\/contextoanalisisperiodistico.com\/index.php\/wp-json\/wp\/v2\/media?parent=51978"}],"wp:term":[{"taxonomy":"category","embeddable":true,"href":"https:\/\/contextoanalisisperiodistico.com\/index.php\/wp-json\/wp\/v2\/categories?post=51978"},{"taxonomy":"post_tag","embeddable":true,"href":"https:\/\/contextoanalisisperiodistico.com\/index.php\/wp-json\/wp\/v2\/tags?post=51978"}],"curies":[{"name":"wp","href":"https:\/\/api.w.org\/{rel}","templated":true}]}}